{"id":501948,"date":"2023-09-04T18:18:35","date_gmt":"2023-09-05T00:18:35","guid":{"rendered":"https:\/\/www.zunoticia.com\/noticias-de-hidalgo\/?p=501948"},"modified":"2023-09-04T18:18:36","modified_gmt":"2023-09-05T00:18:36","slug":"destaca-menchaca-salazar-cooperacion-entre-gobiernos-estatales","status":"publish","type":"post","link":"https:\/\/www.zunoticia.com\/noticias-de-hidalgo\/2023\/09\/04\/destaca-menchaca-salazar-cooperacion-entre-gobiernos-estatales\/","title":{"rendered":"Destaca Menchaca Salazar cooperaci\u00f3n entre gobiernos estatales"},"content":{"rendered":"<aside class=\"mashsb-container mashsb-main mashsb-stretched\"><div class=\"mashsb-box\"><div class=\"mashsb-count mash-large\" style=\"float:left\"><div class=\"counts mashsbcount\">0<\/div><span class=\"mashsb-sharetext\">SHARES<\/span><\/div><div class=\"mashsb-buttons\"><a class=\"mashicon-facebook mash-large mash-center mashsb-noshadow\" href=\"https:\/\/www.facebook.com\/sharer.php?u=https%3A%2F%2Fwww.zunoticia.com%2Fnoticias-de-hidalgo%2F2023%2F09%2F04%2Fdestaca-menchaca-salazar-cooperacion-entre-gobiernos-estatales%2F\" target=\"_top\" rel=\"nofollow\"><span class=\"icon\"><\/span><span class=\"text\">Share<\/span><\/a><a class=\"mashicon-twitter mash-large mash-center mashsb-noshadow\" href=\"https:\/\/twitter.com\/intent\/tweet?text=&amp;url=https:\/\/www.zunoticia.com\/noticias-de-hidalgo\/2023\/09\/04\/destaca-menchaca-salazar-cooperacion-entre-gobiernos-estatales\/\" target=\"_top\" rel=\"nofollow\"><span class=\"icon\"><\/span><span class=\"text\">Tweet<\/span><\/a><div class=\"onoffswitch2 mash-large mashsb-noshadow\" style=\"display:none\"><\/div><\/div>\n            <\/div>\n                <div style=\"clear:both\"><\/div><div class=\"mashsb-toggle-container\"><\/div><\/aside>\n            <!-- Share buttons by mashshare.net - Version: 4.0.47-->\n<p><em>Por Redacci\u00f3n\/Zunoticia<\/em><\/p>\n\n\n\n<p><strong>Pachuca de Soto, Hgo.- <\/strong>Durante el Sexto Informe de Gobierno del mandatario del Estado de M\u00e9xico, Alfredo del Mazo Maza, el titular del Ejecutivo hidalguense, Julio Menchaca Salazar, coincidi\u00f3 en que la cooperaci\u00f3n entre entidades vecinas favorece el desarrollo de la poblaci\u00f3n.<\/p>\n\n\n\n<p>\u201cGuardamos una estrecha relaci\u00f3n con el Estado de M\u00e9xico, no s\u00f3lo compartimos fronteras, compartimos la responsabilidad de estar a la altura de los anhelos de la ciudadan\u00eda, por ello, reforzaremos estos v\u00ednculos a todos los niveles\u201d, manifest\u00f3.<\/p>\n\n\n\n<figure class=\"wp-block-image size-large\"><img fetchpriority=\"high\" decoding=\"async\" width=\"1024\" height=\"538\" src=\"https:\/\/www.zunoticia.com\/noticias-de-hidalgo\/wp-content\/uploads\/2023\/09\/julio-menchaca2-1024x538.jpg\" alt=\"\" class=\"wp-image-501941\" srcset=\"https:\/\/www.zunoticia.com\/noticias-de-hidalgo\/wp-content\/uploads\/2023\/09\/julio-menchaca2-1024x538.jpg 1024w, https:\/\/www.zunoticia.com\/noticias-de-hidalgo\/wp-content\/uploads\/2023\/09\/julio-menchaca2-300x158.jpg 300w, https:\/\/www.zunoticia.com\/noticias-de-hidalgo\/wp-content\/uploads\/2023\/09\/julio-menchaca2-768x403.jpg 768w, https:\/\/www.zunoticia.com\/noticias-de-hidalgo\/wp-content\/uploads\/2023\/09\/julio-menchaca2.jpg 1200w\" sizes=\"(max-width: 1024px) 100vw, 1024px\" \/><\/figure>\n\n\n\n<p>Bajo este tenor, el gobernador Hidalgo resalt\u00f3 que en este primer a\u00f1o de su administraci\u00f3n existi\u00f3 buen entendimiento con su hom\u00f3logo mexiquense, a quien dese\u00f3 \u00e9xito en el futuro; al tiempo de resaltar que esta entidad pronto conocer\u00e1 la alternancia pol\u00edtica de la mano de Delfina G\u00f3mez.<\/p>\n\n\n\n<p>En este ejercicio de rendici\u00f3n de cuentas, Menchaca Salazar refrend\u00f3 su compromiso para consolidar la transformaci\u00f3n nacional: \u201cEl presidente Andr\u00e9s Manuel L\u00f3pez Obrador nos dio muestra de altura pol\u00edtica, nos toca a todas y todos afianzar este proceso de transformaci\u00f3n y para ello seguiremos redoblando esfuerzos en cada rinc\u00f3n de nuestra patria chica\u201d.<\/p>\n","protected":false},"excerpt":{"rendered":"<p>Por Redacci\u00f3n\/Zunoticia Pachuca de Soto, Hgo.- Durante el Sexto Informe de Gobierno del mandatario del Estado de M\u00e9xico, Alfredo del Mazo Maza, el titular del Ejecutivo hidalguense, Julio Menchaca Salazar, coincidi\u00f3 en que la cooperaci\u00f3n entre entidades vecinas favorece el desarrollo de la poblaci\u00f3n. \u201cGuardamos una estrecha relaci\u00f3n con el Estado de M\u00e9xico, no s\u00f3lo&hellip; <a class=\"more-link\" href=\"https:\/\/www.zunoticia.com\/noticias-de-hidalgo\/2023\/09\/04\/destaca-menchaca-salazar-cooperacion-entre-gobiernos-estatales\/\">Seguir leyendo <span class=\"screen-reader-text\">Destaca Menchaca Salazar cooperaci\u00f3n entre gobiernos estatales<\/span><\/a><\/p>\n","protected":false},"author":13,"featured_media":501942,"comment_status":"closed","ping_status":"open","sticky":false,"template":"","format":"standard","meta":{"rop_custom_images_group":[],"rop_custom_messages_group":[],"rop_publish_now":"initial","rop_publish_now_accounts":{"facebook_10159540855086992_322828327761733":""},"rop_publish_now_history":[],"rop_publish_now_status":"pending","footnotes":""},"categories":[208],"tags":[214],"class_list":["post-501948","post","type-post","status-publish","format-standard","has-post-thumbnail","hentry","category-estado","tag-estado","entry"],"_links":{"self":[{"href":"https:\/\/www.zunoticia.com\/noticias-de-hidalgo\/wp-json\/wp\/v2\/posts\/501948","targetHints":{"allow":["GET"]}}],"collection":[{"href":"https:\/\/www.zunoticia.com\/noticias-de-hidalgo\/wp-json\/wp\/v2\/posts"}],"about":[{"href":"https:\/\/www.zunoticia.com\/noticias-de-hidalgo\/wp-json\/wp\/v2\/types\/post"}],"author":[{"embeddable":true,"href":"https:\/\/www.zunoticia.com\/noticias-de-hidalgo\/wp-json\/wp\/v2\/users\/13"}],"replies":[{"embeddable":true,"href":"https:\/\/www.zunoticia.com\/noticias-de-hidalgo\/wp-json\/wp\/v2\/comments?post=501948"}],"version-history":[{"count":1,"href":"https:\/\/www.zunoticia.com\/noticias-de-hidalgo\/wp-json\/wp\/v2\/posts\/501948\/revisions"}],"predecessor-version":[{"id":501949,"href":"https:\/\/www.zunoticia.com\/noticias-de-hidalgo\/wp-json\/wp\/v2\/posts\/501948\/revisions\/501949"}],"wp:featuredmedia":[{"embeddable":true,"href":"https:\/\/www.zunoticia.com\/noticias-de-hidalgo\/wp-json\/wp\/v2\/media\/501942"}],"wp:attachment":[{"href":"https:\/\/www.zunoticia.com\/noticias-de-hidalgo\/wp-json\/wp\/v2\/media?parent=501948"}],"wp:term":[{"taxonomy":"category","embeddable":true,"href":"https:\/\/www.zunoticia.com\/noticias-de-hidalgo\/wp-json\/wp\/v2\/categories?post=501948"},{"taxonomy":"post_tag","embeddable":true,"href":"https:\/\/www.zunoticia.com\/noticias-de-hidalgo\/wp-json\/wp\/v2\/tags?post=501948"}],"curies":[{"name":"wp","href":"https:\/\/api.w.org\/{rel}","templated":true}]}}