{"id":501952,"date":"2023-09-04T18:45:08","date_gmt":"2023-09-05T00:45:08","guid":{"rendered":"https:\/\/www.zunoticia.com\/noticias-de-hidalgo\/?p=501952"},"modified":"2023-09-04T18:45:11","modified_gmt":"2023-09-05T00:45:11","slug":"comercio-semifijo-ambulante-se-ubicaran-en-el-centro-por-las-fiestas-patrias-reglamentos","status":"publish","type":"post","link":"https:\/\/www.zunoticia.com\/noticias-de-hidalgo\/2023\/09\/04\/comercio-semifijo-ambulante-se-ubicaran-en-el-centro-por-las-fiestas-patrias-reglamentos\/","title":{"rendered":"Comercio semifijo-ambulante se ubicar\u00e1n en el Centro por las Fiestas Patrias: Reglamentos"},"content":{"rendered":"<aside class=\"mashsb-container mashsb-main mashsb-stretched\"><div class=\"mashsb-box\"><div class=\"mashsb-count mash-large\" style=\"float:left\"><div class=\"counts mashsbcount\">1<\/div><span class=\"mashsb-sharetext\">SHARES<\/span><\/div><div class=\"mashsb-buttons\"><a class=\"mashicon-facebook mash-large mash-center mashsb-noshadow\" href=\"https:\/\/www.facebook.com\/sharer.php?u=https%3A%2F%2Fwww.zunoticia.com%2Fnoticias-de-hidalgo%2F2023%2F09%2F04%2Fcomercio-semifijo-ambulante-se-ubicaran-en-el-centro-por-las-fiestas-patrias-reglamentos%2F\" target=\"_top\" rel=\"nofollow\"><span class=\"icon\"><\/span><span class=\"text\">Share<\/span><\/a><a class=\"mashicon-twitter mash-large mash-center mashsb-noshadow\" href=\"https:\/\/twitter.com\/intent\/tweet?text=&amp;url=https:\/\/www.zunoticia.com\/noticias-de-hidalgo\/2023\/09\/04\/comercio-semifijo-ambulante-se-ubicaran-en-el-centro-por-las-fiestas-patrias-reglamentos\/\" target=\"_top\" rel=\"nofollow\"><span class=\"icon\"><\/span><span class=\"text\">Tweet<\/span><\/a><div class=\"onoffswitch2 mash-large mashsb-noshadow\" style=\"display:none\"><\/div><\/div>\n            <\/div>\n                <div style=\"clear:both\"><\/div><div class=\"mashsb-toggle-container\"><\/div><\/aside>\n            <!-- Share buttons by mashshare.net - Version: 4.0.47-->\n<p><em>Por Enedino Hern\u00e1ndez\/Zunoticia<\/em><\/p>\n\n\n\n<p><strong>Huejutla, Hgo.-<\/strong> Integrantes del comercio semifijo y ambulante se preparan para poder ejercer la actividad comercial por la zona centro durante el d\u00eda 15 de septiembre con motivo de la celebraci\u00f3n de las Fiestas Patrias, confirma el Director de Reglamentos de la Presidencia Municipal de Huejutla de Reyes, Miguel \u00c1ngel Vargas Castel\u00e1n.<\/p>\n\n\n\n<p>Dijo que normalmente estos comerciantes salen a expender sus productos como es la comida durante la \u201cnoche mexicana\u201d, por lo que a partir del martes 5 de septiembre se proceder\u00e1 a designar los espacios correspondientes que utilizar\u00e1n para el d\u00eda 15 de septiembre.<\/p>\n\n\n\n<p>Expone que, todo se har\u00e1 en coordinaci\u00f3n con los representantes de los gremios que normalmente expenden sus productos en la \u201cnoche mexicana\u201d para ver la manera en la cual se realiza la distribuci\u00f3n de los espacios comerciales en la zona centro de Huejutla.<\/p>\n\n\n\n<p>Adelanta que, de acuerdo al a\u00f1o anterior se espera que para la noche mexicana en esta ocasi\u00f3n se pudieran instalar un promedio de 130 comerciantes, cada uno con diversas medidas dependiendo del giro que tienen, por lo que se habr\u00e1n de designar los espacios sobre la avenida principal, adem\u00e1s de la calle que se ubica entre la Catedral y el Parque.<\/p>\n\n\n\n<p>Miguel \u00c1ngel Vargas Castel\u00e1n, concluye que la actividad comercial ser\u00e1 el d\u00eda 15 de septiembre, destacado que los comerciantes se instalar\u00e1n el d\u00eda 14 por la tarde-noche, se mantendr\u00e1n el d\u00eda 15 durante todo el d\u00eda y la noche; y el compromiso es que el 16 de septiembre se mantenga todo debidamente despejado y libres las calles a efecto de que se lleve a cabo el tradicional desfile de ese d\u00eda.<\/p>\n","protected":false},"excerpt":{"rendered":"<p>Por Enedino Hern\u00e1ndez\/Zunoticia Huejutla, Hgo.- Integrantes del comercio semifijo y ambulante se preparan para poder ejercer la actividad comercial por la zona centro durante el d\u00eda 15 de septiembre con motivo de la celebraci\u00f3n de las Fiestas Patrias, confirma el Director de Reglamentos de la Presidencia Municipal de Huejutla de Reyes, Miguel \u00c1ngel Vargas Castel\u00e1n.&hellip; <a class=\"more-link\" href=\"https:\/\/www.zunoticia.com\/noticias-de-hidalgo\/2023\/09\/04\/comercio-semifijo-ambulante-se-ubicaran-en-el-centro-por-las-fiestas-patrias-reglamentos\/\">Seguir leyendo <span class=\"screen-reader-text\">Comercio semifijo-ambulante se ubicar\u00e1n en el Centro por las Fiestas Patrias: Reglamentos<\/span><\/a><\/p>\n","protected":false},"author":13,"featured_media":501955,"comment_status":"closed","ping_status":"open","sticky":false,"template":"","format":"standard","meta":{"rop_custom_images_group":[],"rop_custom_messages_group":[],"rop_publish_now":"initial","rop_publish_now_accounts":{"facebook_10159540855086992_322828327761733":""},"rop_publish_now_history":[],"rop_publish_now_status":"pending","footnotes":""},"categories":[181],"tags":[121],"class_list":["post-501952","post","type-post","status-publish","format-standard","has-post-thumbnail","hentry","category-huejutla","tag-huejutla","entry"],"_links":{"self":[{"href":"https:\/\/www.zunoticia.com\/noticias-de-hidalgo\/wp-json\/wp\/v2\/posts\/501952","targetHints":{"allow":["GET"]}}],"collection":[{"href":"https:\/\/www.zunoticia.com\/noticias-de-hidalgo\/wp-json\/wp\/v2\/posts"}],"about":[{"href":"https:\/\/www.zunoticia.com\/noticias-de-hidalgo\/wp-json\/wp\/v2\/types\/post"}],"author":[{"embeddable":true,"href":"https:\/\/www.zunoticia.com\/noticias-de-hidalgo\/wp-json\/wp\/v2\/users\/13"}],"replies":[{"embeddable":true,"href":"https:\/\/www.zunoticia.com\/noticias-de-hidalgo\/wp-json\/wp\/v2\/comments?post=501952"}],"version-history":[{"count":1,"href":"https:\/\/www.zunoticia.com\/noticias-de-hidalgo\/wp-json\/wp\/v2\/posts\/501952\/revisions"}],"predecessor-version":[{"id":501957,"href":"https:\/\/www.zunoticia.com\/noticias-de-hidalgo\/wp-json\/wp\/v2\/posts\/501952\/revisions\/501957"}],"wp:featuredmedia":[{"embeddable":true,"href":"https:\/\/www.zunoticia.com\/noticias-de-hidalgo\/wp-json\/wp\/v2\/media\/501955"}],"wp:attachment":[{"href":"https:\/\/www.zunoticia.com\/noticias-de-hidalgo\/wp-json\/wp\/v2\/media?parent=501952"}],"wp:term":[{"taxonomy":"category","embeddable":true,"href":"https:\/\/www.zunoticia.com\/noticias-de-hidalgo\/wp-json\/wp\/v2\/categories?post=501952"},{"taxonomy":"post_tag","embeddable":true,"href":"https:\/\/www.zunoticia.com\/noticias-de-hidalgo\/wp-json\/wp\/v2\/tags?post=501952"}],"curies":[{"name":"wp","href":"https:\/\/api.w.org\/{rel}","templated":true}]}}