{"id":501961,"date":"2023-09-04T18:53:06","date_gmt":"2023-09-05T00:53:06","guid":{"rendered":"https:\/\/www.zunoticia.com\/noticias-de-hidalgo\/?p=501961"},"modified":"2023-09-04T18:53:07","modified_gmt":"2023-09-05T00:53:07","slug":"todo-listo-para-el-festival-internacional-de-danza-folklorica","status":"publish","type":"post","link":"https:\/\/www.zunoticia.com\/noticias-de-hidalgo\/2023\/09\/04\/todo-listo-para-el-festival-internacional-de-danza-folklorica\/","title":{"rendered":"Todo listo para el Festival Internacional de Danza Folkl\u00f3rica"},"content":{"rendered":"<aside class=\"mashsb-container mashsb-main mashsb-stretched\"><div class=\"mashsb-box\"><div class=\"mashsb-count mash-large\" style=\"float:left\"><div class=\"counts mashsbcount\">29<\/div><span class=\"mashsb-sharetext\">SHARES<\/span><\/div><div class=\"mashsb-buttons\"><a class=\"mashicon-facebook mash-large mash-center mashsb-noshadow\" href=\"https:\/\/www.facebook.com\/sharer.php?u=https%3A%2F%2Fwww.zunoticia.com%2Fnoticias-de-hidalgo%2F2023%2F09%2F04%2Ftodo-listo-para-el-festival-internacional-de-danza-folklorica%2F\" target=\"_top\" rel=\"nofollow\"><span class=\"icon\"><\/span><span class=\"text\">Share<\/span><\/a><a class=\"mashicon-twitter mash-large mash-center mashsb-noshadow\" href=\"https:\/\/twitter.com\/intent\/tweet?text=&amp;url=https:\/\/www.zunoticia.com\/noticias-de-hidalgo\/2023\/09\/04\/todo-listo-para-el-festival-internacional-de-danza-folklorica\/\" target=\"_top\" rel=\"nofollow\"><span class=\"icon\"><\/span><span class=\"text\">Tweet<\/span><\/a><div class=\"onoffswitch2 mash-large mashsb-noshadow\" style=\"display:none\"><\/div><\/div>\n            <\/div>\n                <div style=\"clear:both\"><\/div><div class=\"mashsb-toggle-container\"><\/div><\/aside>\n            <!-- Share buttons by mashshare.net - Version: 4.0.47-->\n<p><em>Por \u00c1ngel Silverio\/Zunoticia<\/em><\/p>\n\n\n\n<p><strong>San Felipe Orizatl\u00e1n, Hgo.-<\/strong> Ya todo listo se encuentra por segundo a\u00f1o consecutivo, llevar a cabo el festival internacional de danza folkl\u00f3rica, el cual busca posicionar a San Felipe Orizatl\u00e1n, como uno de los destinos tur\u00edsticos a nivel nacional, atrayendo as\u00ed este tipo de eventos para el disfrute de todos los orizatlenses.<\/p>\n\n\n\n<p>La alcaldesa Erika Saab Lara, inform\u00f3 que se trabaja a marchas forzadas para recibir a las delegaciones de los pa\u00edses como Polonia, Costa Rica, Ecuador, Per\u00fa, Paraguay y por supuesto M\u00e9xico, para demostrar en un espect\u00e1culo de danza folcl\u00f3rica su cultura.<\/p>\n\n\n\n<p>Dicho festival se estar\u00e1 realizando este pr\u00f3ximo 8 y 9 de septiembre en la explanada municipal, por lo que se invita a todos los ciudadanos a disfrutar de este magno evento que es tra\u00eddo para todos y todas, adem\u00e1s de que, generar\u00e1 un detonante en la econom\u00eda local.<\/p>\n\n\n\n<p>Saab Lara, se\u00f1al\u00f3 que este tipo de eventos le dan un gran realce y distintivo al municipio de Orizatl\u00e1n, pues tambi\u00e9n dijo que hoy por hoy, se tiene un mejor posicionamiento en materia de turismo gracias, al apoyo del gobierno del Estado de Hidalgo.<\/p>\n","protected":false},"excerpt":{"rendered":"<p>Por \u00c1ngel Silverio\/Zunoticia San Felipe Orizatl\u00e1n, Hgo.- Ya todo listo se encuentra por segundo a\u00f1o consecutivo, llevar a cabo el festival internacional de danza folkl\u00f3rica, el cual busca posicionar a San Felipe Orizatl\u00e1n, como uno de los destinos tur\u00edsticos a nivel nacional, atrayendo as\u00ed este tipo de eventos para el disfrute de todos los orizatlenses.&hellip; <a class=\"more-link\" href=\"https:\/\/www.zunoticia.com\/noticias-de-hidalgo\/2023\/09\/04\/todo-listo-para-el-festival-internacional-de-danza-folklorica\/\">Seguir leyendo <span class=\"screen-reader-text\">Todo listo para el Festival Internacional de Danza Folkl\u00f3rica<\/span><\/a><\/p>\n","protected":false},"author":13,"featured_media":501956,"comment_status":"closed","ping_status":"open","sticky":false,"template":"","format":"standard","meta":{"rop_custom_images_group":[],"rop_custom_messages_group":[],"rop_publish_now":"initial","rop_publish_now_accounts":{"facebook_10159540855086992_322828327761733":""},"rop_publish_now_history":[],"rop_publish_now_status":"pending","footnotes":""},"categories":[180],"tags":[129],"class_list":["post-501961","post","type-post","status-publish","format-standard","has-post-thumbnail","hentry","category-orizatlan","tag-orizatlan","entry"],"_links":{"self":[{"href":"https:\/\/www.zunoticia.com\/noticias-de-hidalgo\/wp-json\/wp\/v2\/posts\/501961","targetHints":{"allow":["GET"]}}],"collection":[{"href":"https:\/\/www.zunoticia.com\/noticias-de-hidalgo\/wp-json\/wp\/v2\/posts"}],"about":[{"href":"https:\/\/www.zunoticia.com\/noticias-de-hidalgo\/wp-json\/wp\/v2\/types\/post"}],"author":[{"embeddable":true,"href":"https:\/\/www.zunoticia.com\/noticias-de-hidalgo\/wp-json\/wp\/v2\/users\/13"}],"replies":[{"embeddable":true,"href":"https:\/\/www.zunoticia.com\/noticias-de-hidalgo\/wp-json\/wp\/v2\/comments?post=501961"}],"version-history":[{"count":1,"href":"https:\/\/www.zunoticia.com\/noticias-de-hidalgo\/wp-json\/wp\/v2\/posts\/501961\/revisions"}],"predecessor-version":[{"id":501962,"href":"https:\/\/www.zunoticia.com\/noticias-de-hidalgo\/wp-json\/wp\/v2\/posts\/501961\/revisions\/501962"}],"wp:featuredmedia":[{"embeddable":true,"href":"https:\/\/www.zunoticia.com\/noticias-de-hidalgo\/wp-json\/wp\/v2\/media\/501956"}],"wp:attachment":[{"href":"https:\/\/www.zunoticia.com\/noticias-de-hidalgo\/wp-json\/wp\/v2\/media?parent=501961"}],"wp:term":[{"taxonomy":"category","embeddable":true,"href":"https:\/\/www.zunoticia.com\/noticias-de-hidalgo\/wp-json\/wp\/v2\/categories?post=501961"},{"taxonomy":"post_tag","embeddable":true,"href":"https:\/\/www.zunoticia.com\/noticias-de-hidalgo\/wp-json\/wp\/v2\/tags?post=501961"}],"curies":[{"name":"wp","href":"https:\/\/api.w.org\/{rel}","templated":true}]}}