{"id":502490,"date":"2023-09-08T13:18:42","date_gmt":"2023-09-08T19:18:42","guid":{"rendered":"https:\/\/www.zunoticia.com\/noticias-de-hidalgo\/?p=502490"},"modified":"2023-09-08T13:18:44","modified_gmt":"2023-09-08T19:18:44","slug":"padres-de-familia-cierran-instalaciones-de-primaria","status":"publish","type":"post","link":"https:\/\/www.zunoticia.com\/noticias-de-hidalgo\/2023\/09\/08\/padres-de-familia-cierran-instalaciones-de-primaria\/","title":{"rendered":"Padres de familia cierran instalaciones de Primaria&nbsp;"},"content":{"rendered":"<aside class=\"mashsb-container mashsb-main mashsb-stretched\"><div class=\"mashsb-box\"><div class=\"mashsb-count mash-large\" style=\"float:left\"><div class=\"counts mashsbcount\">62<\/div><span class=\"mashsb-sharetext\">SHARES<\/span><\/div><div class=\"mashsb-buttons\"><a class=\"mashicon-facebook mash-large mash-center mashsb-noshadow\" href=\"https:\/\/www.facebook.com\/sharer.php?u=https%3A%2F%2Fwww.zunoticia.com%2Fnoticias-de-hidalgo%2F2023%2F09%2F08%2Fpadres-de-familia-cierran-instalaciones-de-primaria%2F\" target=\"_top\" rel=\"nofollow\"><span class=\"icon\"><\/span><span class=\"text\">Share<\/span><\/a><a class=\"mashicon-twitter mash-large mash-center mashsb-noshadow\" href=\"https:\/\/twitter.com\/intent\/tweet?text=&amp;url=https:\/\/www.zunoticia.com\/noticias-de-hidalgo\/2023\/09\/08\/padres-de-familia-cierran-instalaciones-de-primaria\/\" target=\"_top\" rel=\"nofollow\"><span class=\"icon\"><\/span><span class=\"text\">Tweet<\/span><\/a><div class=\"onoffswitch2 mash-large mashsb-noshadow\" style=\"display:none\"><\/div><\/div>\n            <\/div>\n                <div style=\"clear:both\"><\/div><div class=\"mashsb-toggle-container\"><\/div><\/aside>\n            <!-- Share buttons by mashshare.net - Version: 4.0.47-->\n<p><em>Por Salvador Altamirano\/Zunoticia<\/em><\/p>\n\n\n\n<p><strong>Huejutla, Hgo.-<\/strong> Por considerar una arbitrariedad que afecta la educaci\u00f3n de sus hijos, al quererles imponer a una maestra de car\u00e1cter interino que fue presentada de manera irregular, ya que no tiene \u00f3rdenes de adscripci\u00f3n de la Secretar\u00eda de Educaci\u00f3n P\u00fablica de Hidalgo (SEPH), padres de familia de la Escuela Primaria Manuel S\u00e1nchez Le\u00f3n, de la colonia Magisterial, cuya directora es la profesora Celia Garc\u00eda Hern\u00e1ndez, se tomaron la ma\u00f1ana de este viernes las instalaciones de la referida instituci\u00f3n educativa.<\/p>\n\n\n\n<p>Al respecto, la Presidente de la Asociaci\u00f3n de Padres de Familia, Berenice Castro Ram\u00edrez, expres\u00f3 que la decisi\u00f3n de no permitir el acceso al plantel de maestros y alumnos, hasta que sean escuchadas y aprobadas por las autoridades educativas sus peticiones, se tom\u00f3 ayer en asamblea general.<\/p>\n\n\n\n<figure class=\"wp-block-image size-large\"><img fetchpriority=\"high\" decoding=\"async\" width=\"1024\" height=\"538\" src=\"https:\/\/www.zunoticia.com\/noticias-de-hidalgo\/wp-content\/uploads\/2023\/09\/primaria0011-1024x538.jpg\" alt=\"\" class=\"wp-image-502497\" srcset=\"https:\/\/www.zunoticia.com\/noticias-de-hidalgo\/wp-content\/uploads\/2023\/09\/primaria0011-1024x538.jpg 1024w, https:\/\/www.zunoticia.com\/noticias-de-hidalgo\/wp-content\/uploads\/2023\/09\/primaria0011-300x158.jpg 300w, https:\/\/www.zunoticia.com\/noticias-de-hidalgo\/wp-content\/uploads\/2023\/09\/primaria0011-768x403.jpg 768w, https:\/\/www.zunoticia.com\/noticias-de-hidalgo\/wp-content\/uploads\/2023\/09\/primaria0011.jpg 1200w\" sizes=\"(max-width: 1024px) 100vw, 1024px\" \/><\/figure>\n\n\n\n<p>Iremos hasta las \u00faltimas consecuencias -advirti\u00f3- aunque somos una escuela en donde hemos trabajado de manera positiva, nunca hemos dado problemas, los padres de familia siempre hemos estado en armon\u00eda, por lo que no merecemos esa arbitrariedad.<\/p>\n\n\n\n<p>Para finalizar, subray\u00f3 que no aceptar\u00e1n a la nueva docente porque no trae \u00f3rdenes de la SEPH, nada m\u00e1s la fueron a presentar el pasado mi\u00e9rcoles de una manera inadecuada, por lo que queremos que arriben autoridades educativas de Pachuca, que nos escuchen, estamos en la mejor disposici\u00f3n de entablar di\u00e1logo, ya que nuestra causa es justa y el derecho nos asiste.<\/p>\n\n\n\n<figure class=\"wp-block-image size-large\"><img decoding=\"async\" width=\"1024\" height=\"538\" src=\"https:\/\/www.zunoticia.com\/noticias-de-hidalgo\/wp-content\/uploads\/2023\/09\/primaria4-1024x538.jpg\" alt=\"\" class=\"wp-image-502494\" srcset=\"https:\/\/www.zunoticia.com\/noticias-de-hidalgo\/wp-content\/uploads\/2023\/09\/primaria4-1024x538.jpg 1024w, https:\/\/www.zunoticia.com\/noticias-de-hidalgo\/wp-content\/uploads\/2023\/09\/primaria4-300x158.jpg 300w, https:\/\/www.zunoticia.com\/noticias-de-hidalgo\/wp-content\/uploads\/2023\/09\/primaria4-768x403.jpg 768w, https:\/\/www.zunoticia.com\/noticias-de-hidalgo\/wp-content\/uploads\/2023\/09\/primaria4.jpg 1200w\" sizes=\"(max-width: 1024px) 100vw, 1024px\" \/><\/figure>\n\n\n\n<p>Por su parte, el Vicepresidente de la Asociaci\u00f3n de Padres de Familia, Oscar P\u00e9rez Torres, concret\u00f3 que lo que solicitan es que se presenten autoridades competentes, de Pachuca, que les puedan dar soluci\u00f3n a sus peticiones, ya no queremos tratar -dijo-, con las personas que nos han querido ver la cara con la imposici\u00f3n. Queremos una pronta soluci\u00f3n -exigi\u00f3-, ya que est\u00e1n siendo perjudicados un total de 153 alumnos, pero no nos dejan otra opci\u00f3n -aclar\u00f3-.<\/p>\n\n\n\n<p>Como se inform\u00f3 con oportunidad, el pasado mi\u00e9rcoles fue presentada en la Escuela Primaria Manuel S\u00e1nchez Le\u00f3n, de la colonia Magisterial, una docente &#8211; no se inform\u00f3 su nombre-, que iba a cubrirle un interinato a la maestra Yanira S\u00e1nchez Ruiz, adscrita al plantel del Valle del Encinal, la cual seg\u00fan dicen no ejerce, tiene 9 a\u00f1os presentando interinatos, enviando a otra homologa en su lugar, como pretende nuevamente.<\/p>\n\n\n\n<figure class=\"wp-block-image size-large\"><img decoding=\"async\" width=\"1024\" height=\"538\" src=\"https:\/\/www.zunoticia.com\/noticias-de-hidalgo\/wp-content\/uploads\/2023\/09\/primaria5-1024x538.jpg\" alt=\"\" class=\"wp-image-502493\" srcset=\"https:\/\/www.zunoticia.com\/noticias-de-hidalgo\/wp-content\/uploads\/2023\/09\/primaria5-1024x538.jpg 1024w, https:\/\/www.zunoticia.com\/noticias-de-hidalgo\/wp-content\/uploads\/2023\/09\/primaria5-300x158.jpg 300w, https:\/\/www.zunoticia.com\/noticias-de-hidalgo\/wp-content\/uploads\/2023\/09\/primaria5-768x403.jpg 768w, https:\/\/www.zunoticia.com\/noticias-de-hidalgo\/wp-content\/uploads\/2023\/09\/primaria5.jpg 1200w\" sizes=\"(max-width: 1024px) 100vw, 1024px\" \/><\/figure>\n","protected":false},"excerpt":{"rendered":"<p>Por Salvador Altamirano\/Zunoticia Huejutla, Hgo.- Por considerar una arbitrariedad que afecta la educaci\u00f3n de sus hijos, al quererles imponer a una maestra de car\u00e1cter interino que fue presentada de manera irregular, ya que no tiene \u00f3rdenes de adscripci\u00f3n de la Secretar\u00eda de Educaci\u00f3n P\u00fablica de Hidalgo (SEPH), padres de familia de la Escuela Primaria Manuel&hellip; <a class=\"more-link\" href=\"https:\/\/www.zunoticia.com\/noticias-de-hidalgo\/2023\/09\/08\/padres-de-familia-cierran-instalaciones-de-primaria\/\">Seguir leyendo <span class=\"screen-reader-text\">Padres de familia cierran instalaciones de Primaria&nbsp;<\/span><\/a><\/p>\n","protected":false},"author":13,"featured_media":502495,"comment_status":"closed","ping_status":"open","sticky":false,"template":"","format":"standard","meta":{"rop_custom_images_group":[],"rop_custom_messages_group":[],"rop_publish_now":"initial","rop_publish_now_accounts":{"facebook_10159540855086992_322828327761733":""},"rop_publish_now_history":[],"rop_publish_now_status":"pending","footnotes":""},"categories":[181],"tags":[121],"class_list":["post-502490","post","type-post","status-publish","format-standard","has-post-thumbnail","hentry","category-huejutla","tag-huejutla","entry"],"_links":{"self":[{"href":"https:\/\/www.zunoticia.com\/noticias-de-hidalgo\/wp-json\/wp\/v2\/posts\/502490","targetHints":{"allow":["GET"]}}],"collection":[{"href":"https:\/\/www.zunoticia.com\/noticias-de-hidalgo\/wp-json\/wp\/v2\/posts"}],"about":[{"href":"https:\/\/www.zunoticia.com\/noticias-de-hidalgo\/wp-json\/wp\/v2\/types\/post"}],"author":[{"embeddable":true,"href":"https:\/\/www.zunoticia.com\/noticias-de-hidalgo\/wp-json\/wp\/v2\/users\/13"}],"replies":[{"embeddable":true,"href":"https:\/\/www.zunoticia.com\/noticias-de-hidalgo\/wp-json\/wp\/v2\/comments?post=502490"}],"version-history":[{"count":1,"href":"https:\/\/www.zunoticia.com\/noticias-de-hidalgo\/wp-json\/wp\/v2\/posts\/502490\/revisions"}],"predecessor-version":[{"id":502499,"href":"https:\/\/www.zunoticia.com\/noticias-de-hidalgo\/wp-json\/wp\/v2\/posts\/502490\/revisions\/502499"}],"wp:featuredmedia":[{"embeddable":true,"href":"https:\/\/www.zunoticia.com\/noticias-de-hidalgo\/wp-json\/wp\/v2\/media\/502495"}],"wp:attachment":[{"href":"https:\/\/www.zunoticia.com\/noticias-de-hidalgo\/wp-json\/wp\/v2\/media?parent=502490"}],"wp:term":[{"taxonomy":"category","embeddable":true,"href":"https:\/\/www.zunoticia.com\/noticias-de-hidalgo\/wp-json\/wp\/v2\/categories?post=502490"},{"taxonomy":"post_tag","embeddable":true,"href":"https:\/\/www.zunoticia.com\/noticias-de-hidalgo\/wp-json\/wp\/v2\/tags?post=502490"}],"curies":[{"name":"wp","href":"https:\/\/api.w.org\/{rel}","templated":true}]}}