{"id":502500,"date":"2023-09-08T14:16:17","date_gmt":"2023-09-08T20:16:17","guid":{"rendered":"https:\/\/www.zunoticia.com\/noticias-de-hidalgo\/?p=502500"},"modified":"2023-09-08T14:16:25","modified_gmt":"2023-09-08T20:16:25","slug":"verificara-pc-a-comerciantes-que-se-ubicaran-en-el-centro-por-las-fiestas-patrias","status":"publish","type":"post","link":"https:\/\/www.zunoticia.com\/noticias-de-hidalgo\/2023\/09\/08\/verificara-pc-a-comerciantes-que-se-ubicaran-en-el-centro-por-las-fiestas-patrias\/","title":{"rendered":"Verificar\u00e1 PC a comerciantes que se ubicar\u00e1n en el Centro por las Fiestas Patrias"},"content":{"rendered":"<aside class=\"mashsb-container mashsb-main mashsb-stretched\"><div class=\"mashsb-box\"><div class=\"mashsb-count mash-large\" style=\"float:left\"><div class=\"counts mashsbcount\">0<\/div><span class=\"mashsb-sharetext\">SHARES<\/span><\/div><div class=\"mashsb-buttons\"><a class=\"mashicon-facebook mash-large mash-center mashsb-noshadow\" href=\"https:\/\/www.facebook.com\/sharer.php?u=https%3A%2F%2Fwww.zunoticia.com%2Fnoticias-de-hidalgo%2F2023%2F09%2F08%2Fverificara-pc-a-comerciantes-que-se-ubicaran-en-el-centro-por-las-fiestas-patrias%2F\" target=\"_top\" rel=\"nofollow\"><span class=\"icon\"><\/span><span class=\"text\">Share<\/span><\/a><a class=\"mashicon-twitter mash-large mash-center mashsb-noshadow\" href=\"https:\/\/twitter.com\/intent\/tweet?text=&amp;url=https:\/\/www.zunoticia.com\/noticias-de-hidalgo\/2023\/09\/08\/verificara-pc-a-comerciantes-que-se-ubicaran-en-el-centro-por-las-fiestas-patrias\/\" target=\"_top\" rel=\"nofollow\"><span class=\"icon\"><\/span><span class=\"text\">Tweet<\/span><\/a><div class=\"onoffswitch2 mash-large mashsb-noshadow\" style=\"display:none\"><\/div><\/div>\n            <\/div>\n                <div style=\"clear:both\"><\/div><div class=\"mashsb-toggle-container\"><\/div><\/aside>\n            <!-- Share buttons by mashshare.net - Version: 4.0.47-->\n<p><em>Por Enedino Hern\u00e1ndez\/Zunoticia<\/em><\/p>\n\n\n\n<p><strong>Huejutla, Hgo.-<\/strong> Personal del \u00e1rea de Protecci\u00f3n Civil de la Presidencia Municipal de Huejutla de Reyes verificar\u00e1 minuciosamente cada una de las instalaciones de los comerciantes principalmente de los que utilicen gas LP para preparar alimentos y que se ubicar\u00e1n en la zona Centro de Huejutla con motivo de la celebraci\u00f3n de las Fiestas Patrias.<\/p>\n\n\n\n<p>El Director de Protecci\u00f3n Civil de la Presidencia Municipal de Huejutla, Otoniel Centeno Redondo; dijo que se tendr\u00e1 un Padr\u00f3n de todos los comerciantes que se instalar\u00e1n en la zona Centro, en especial de quienes utilizan Gas LP, que no tengan m\u00e1s de un tanque, solo un tanque cilindro, adem\u00e1s de que deben de contar con un extintor, un botiqu\u00edn, todo esto se verificar\u00e1 junto con el personal del \u00e1rea de Reglamentos.<\/p>\n\n\n\n<p>Confirm\u00f3 que de manera oportuna se verificar\u00e1n cada uno de los establecimientos que se ubiquen en el Centro con motivo de las Fiestas Patrias, se observar\u00e1 puesto por puesto para brindar una mayor seguridad a la ciudadan\u00eda Huejutlense.<\/p>\n\n\n\n<p>Subray\u00f3 que todos los comerciantes deben de cumplir con cada uno de los requisitos que se piden, por ello; se har\u00e1 un trabajo de manera coordinada con el \u00e1rea de Reglamentos y personal de Protecci\u00f3n Civil quienes observar\u00e1n que se cumplan con cada una de las acciones e indicaciones correspondientes.<\/p>\n\n\n\n<p>En relaci\u00f3n a los fuegos pirot\u00e9cnicos que se instalar\u00e1n en parte de la zona Centro, expone que se tendr\u00e1 una empresa que tiene conocimiento en el tema, se tendr\u00e1n los permisos ante la SEDENA, la ubicaci\u00f3n de la pirotecnia se har\u00e1 en lugares que no causen ning\u00fan riesgo, todo estar\u00e1 debidamente regulado.<\/p>\n\n\n\n<p>Concluy\u00f3 que los ciudadanos Huejutlenses pueden acudir con toda la seguridad y confianza de disfrutar de las Fiestas Patrias, citando que se tendr\u00e1 todo un protocolo de la log\u00edstica y la operatividad que se habr\u00e1 de brindar para la seguridad por parte de Seguridad P\u00fablica Municipal, Seguridad P\u00fablica Estatal, Protecci\u00f3n Civil.<\/p>\n","protected":false},"excerpt":{"rendered":"<p>Por Enedino Hern\u00e1ndez\/Zunoticia Huejutla, Hgo.- Personal del \u00e1rea de Protecci\u00f3n Civil de la Presidencia Municipal de Huejutla de Reyes verificar\u00e1 minuciosamente cada una de las instalaciones de los comerciantes principalmente de los que utilicen gas LP para preparar alimentos y que se ubicar\u00e1n en la zona Centro de Huejutla con motivo de la celebraci\u00f3n de&hellip; <a class=\"more-link\" href=\"https:\/\/www.zunoticia.com\/noticias-de-hidalgo\/2023\/09\/08\/verificara-pc-a-comerciantes-que-se-ubicaran-en-el-centro-por-las-fiestas-patrias\/\">Seguir leyendo <span class=\"screen-reader-text\">Verificar\u00e1 PC a comerciantes que se ubicar\u00e1n en el Centro por las Fiestas Patrias<\/span><\/a><\/p>\n","protected":false},"author":13,"featured_media":502492,"comment_status":"closed","ping_status":"open","sticky":false,"template":"","format":"standard","meta":{"rop_custom_images_group":[],"rop_custom_messages_group":[],"rop_publish_now":"initial","rop_publish_now_accounts":{"facebook_10159540855086992_322828327761733":""},"rop_publish_now_history":[],"rop_publish_now_status":"pending","footnotes":""},"categories":[181],"tags":[121],"class_list":["post-502500","post","type-post","status-publish","format-standard","has-post-thumbnail","hentry","category-huejutla","tag-huejutla","entry"],"_links":{"self":[{"href":"https:\/\/www.zunoticia.com\/noticias-de-hidalgo\/wp-json\/wp\/v2\/posts\/502500","targetHints":{"allow":["GET"]}}],"collection":[{"href":"https:\/\/www.zunoticia.com\/noticias-de-hidalgo\/wp-json\/wp\/v2\/posts"}],"about":[{"href":"https:\/\/www.zunoticia.com\/noticias-de-hidalgo\/wp-json\/wp\/v2\/types\/post"}],"author":[{"embeddable":true,"href":"https:\/\/www.zunoticia.com\/noticias-de-hidalgo\/wp-json\/wp\/v2\/users\/13"}],"replies":[{"embeddable":true,"href":"https:\/\/www.zunoticia.com\/noticias-de-hidalgo\/wp-json\/wp\/v2\/comments?post=502500"}],"version-history":[{"count":1,"href":"https:\/\/www.zunoticia.com\/noticias-de-hidalgo\/wp-json\/wp\/v2\/posts\/502500\/revisions"}],"predecessor-version":[{"id":502501,"href":"https:\/\/www.zunoticia.com\/noticias-de-hidalgo\/wp-json\/wp\/v2\/posts\/502500\/revisions\/502501"}],"wp:featuredmedia":[{"embeddable":true,"href":"https:\/\/www.zunoticia.com\/noticias-de-hidalgo\/wp-json\/wp\/v2\/media\/502492"}],"wp:attachment":[{"href":"https:\/\/www.zunoticia.com\/noticias-de-hidalgo\/wp-json\/wp\/v2\/media?parent=502500"}],"wp:term":[{"taxonomy":"category","embeddable":true,"href":"https:\/\/www.zunoticia.com\/noticias-de-hidalgo\/wp-json\/wp\/v2\/categories?post=502500"},{"taxonomy":"post_tag","embeddable":true,"href":"https:\/\/www.zunoticia.com\/noticias-de-hidalgo\/wp-json\/wp\/v2\/tags?post=502500"}],"curies":[{"name":"wp","href":"https:\/\/api.w.org\/{rel}","templated":true}]}}