{"id":502506,"date":"2023-09-08T14:44:34","date_gmt":"2023-09-08T20:44:34","guid":{"rendered":"https:\/\/www.zunoticia.com\/noticias-de-hidalgo\/?p=502506"},"modified":"2023-09-08T14:44:35","modified_gmt":"2023-09-08T20:44:35","slug":"exhortan-a-aprovechar-las-capacitaciones-sobre-el-uso-de-extintores","status":"publish","type":"post","link":"https:\/\/www.zunoticia.com\/noticias-de-hidalgo\/2023\/09\/08\/exhortan-a-aprovechar-las-capacitaciones-sobre-el-uso-de-extintores\/","title":{"rendered":"Exhortan a aprovechar las capacitaciones sobre el uso de extintores"},"content":{"rendered":"<aside class=\"mashsb-container mashsb-main mashsb-stretched\"><div class=\"mashsb-box\"><div class=\"mashsb-count mash-large\" style=\"float:left\"><div class=\"counts mashsbcount\">0<\/div><span class=\"mashsb-sharetext\">SHARES<\/span><\/div><div class=\"mashsb-buttons\"><a class=\"mashicon-facebook mash-large mash-center mashsb-noshadow\" href=\"https:\/\/www.facebook.com\/sharer.php?u=https%3A%2F%2Fwww.zunoticia.com%2Fnoticias-de-hidalgo%2F2023%2F09%2F08%2Fexhortan-a-aprovechar-las-capacitaciones-sobre-el-uso-de-extintores%2F\" target=\"_top\" rel=\"nofollow\"><span class=\"icon\"><\/span><span class=\"text\">Share<\/span><\/a><a class=\"mashicon-twitter mash-large mash-center mashsb-noshadow\" href=\"https:\/\/twitter.com\/intent\/tweet?text=&amp;url=https:\/\/www.zunoticia.com\/noticias-de-hidalgo\/2023\/09\/08\/exhortan-a-aprovechar-las-capacitaciones-sobre-el-uso-de-extintores\/\" target=\"_top\" rel=\"nofollow\"><span class=\"icon\"><\/span><span class=\"text\">Tweet<\/span><\/a><div class=\"onoffswitch2 mash-large mashsb-noshadow\" style=\"display:none\"><\/div><\/div>\n            <\/div>\n                <div style=\"clear:both\"><\/div><div class=\"mashsb-toggle-container\"><\/div><\/aside>\n            <!-- Share buttons by mashshare.net - Version: 4.0.47-->\n<ul class=\"wp-block-list\">\n<li>El director de Desarrollo Econ\u00f3mico Municipal hizo un llamado a los comerciantes.<\/li>\n<\/ul>\n\n\n\n<p><em>Por Salvador Altamirano\/Zunoticia<\/em><\/p>\n\n\n\n<p><strong>Huejutla, Hgo.-<\/strong> La prevenci\u00f3n, ante cualquier eventualidad que pueda terminar en tragedia, tiene que ver con una cultura integral en el tema del comercio, y de la propia responsabilidad civil que tenemos como individuos.<\/p>\n\n\n\n<p>Lo anterior, fue expresado por el director de Desarrollo Econ\u00f3mico Municipal, Salatiel Dom\u00ednguez Flores, al requerirle su opini\u00f3n en torno a la reciente capacitaci\u00f3n que personal adscrito a Protecci\u00f3n Civil otorg\u00f3 a comerciantes en la Plaza de la Revoluci\u00f3n Mexicana, a la cual acudieron pocas personas.<\/p>\n\n\n\n<p>Aceptando que hubo poca afluencia, enfatiz\u00f3 que, no obstante el adiestramiento no fue desaprovechado, ya que acudieron propietarios de comercios en donde se maneja fuego, como los que venden antojitos y churros, sin embargo -acentu\u00f3, este tipo de capacitaciones est\u00e1 dirigida a los comerciantes en general.<\/p>\n\n\n\n<p>A pregunta expresa, refiri\u00f3 que la inversi\u00f3n que se hizo, y que se hace en este tipo de adiestramientos no es m\u00ednima, ya que las recargas de los extintores rebasan los miles de pesos, y en esta ocasi\u00f3n se utilizaron 20.<\/p>\n\n\n\n<p>Para finalizar, por tal motivo y por la necesidad que hay en los comercios de tener y saber utilizar un extintor, que puede marcar la diferencia entre la vida y la muerte -enfatiz\u00f3-, Dom\u00ednguez Flores exhort\u00f3 a los comerciantes en general a que aprovechen este tipo de conocimientos, ya que se&nbsp; prev\u00e9 otras capacitaciones, que cuestan mucho dinero -reiter\u00f3-, y el municipio las est\u00e1 implementando de manera gratuita.<\/p>\n","protected":false},"excerpt":{"rendered":"<p>Por Salvador Altamirano\/Zunoticia Huejutla, Hgo.- La prevenci\u00f3n, ante cualquier eventualidad que pueda terminar en tragedia, tiene que ver con una cultura integral en el tema del comercio, y de la propia responsabilidad civil que tenemos como individuos. Lo anterior, fue expresado por el director de Desarrollo Econ\u00f3mico Municipal, Salatiel Dom\u00ednguez Flores, al requerirle su opini\u00f3n&hellip; <a class=\"more-link\" href=\"https:\/\/www.zunoticia.com\/noticias-de-hidalgo\/2023\/09\/08\/exhortan-a-aprovechar-las-capacitaciones-sobre-el-uso-de-extintores\/\">Seguir leyendo <span class=\"screen-reader-text\">Exhortan a aprovechar las capacitaciones sobre el uso de extintores<\/span><\/a><\/p>\n","protected":false},"author":13,"featured_media":502503,"comment_status":"closed","ping_status":"open","sticky":false,"template":"","format":"standard","meta":{"rop_custom_images_group":[],"rop_custom_messages_group":[],"rop_publish_now":"initial","rop_publish_now_accounts":{"facebook_10159540855086992_322828327761733":""},"rop_publish_now_history":[],"rop_publish_now_status":"pending","footnotes":""},"categories":[181],"tags":[121],"class_list":["post-502506","post","type-post","status-publish","format-standard","has-post-thumbnail","hentry","category-huejutla","tag-huejutla","entry"],"_links":{"self":[{"href":"https:\/\/www.zunoticia.com\/noticias-de-hidalgo\/wp-json\/wp\/v2\/posts\/502506","targetHints":{"allow":["GET"]}}],"collection":[{"href":"https:\/\/www.zunoticia.com\/noticias-de-hidalgo\/wp-json\/wp\/v2\/posts"}],"about":[{"href":"https:\/\/www.zunoticia.com\/noticias-de-hidalgo\/wp-json\/wp\/v2\/types\/post"}],"author":[{"embeddable":true,"href":"https:\/\/www.zunoticia.com\/noticias-de-hidalgo\/wp-json\/wp\/v2\/users\/13"}],"replies":[{"embeddable":true,"href":"https:\/\/www.zunoticia.com\/noticias-de-hidalgo\/wp-json\/wp\/v2\/comments?post=502506"}],"version-history":[{"count":1,"href":"https:\/\/www.zunoticia.com\/noticias-de-hidalgo\/wp-json\/wp\/v2\/posts\/502506\/revisions"}],"predecessor-version":[{"id":502507,"href":"https:\/\/www.zunoticia.com\/noticias-de-hidalgo\/wp-json\/wp\/v2\/posts\/502506\/revisions\/502507"}],"wp:featuredmedia":[{"embeddable":true,"href":"https:\/\/www.zunoticia.com\/noticias-de-hidalgo\/wp-json\/wp\/v2\/media\/502503"}],"wp:attachment":[{"href":"https:\/\/www.zunoticia.com\/noticias-de-hidalgo\/wp-json\/wp\/v2\/media?parent=502506"}],"wp:term":[{"taxonomy":"category","embeddable":true,"href":"https:\/\/www.zunoticia.com\/noticias-de-hidalgo\/wp-json\/wp\/v2\/categories?post=502506"},{"taxonomy":"post_tag","embeddable":true,"href":"https:\/\/www.zunoticia.com\/noticias-de-hidalgo\/wp-json\/wp\/v2\/tags?post=502506"}],"curies":[{"name":"wp","href":"https:\/\/api.w.org\/{rel}","templated":true}]}}