{"id":502513,"date":"2023-09-08T15:01:54","date_gmt":"2023-09-08T21:01:54","guid":{"rendered":"https:\/\/www.zunoticia.com\/noticias-de-hidalgo\/?p=502513"},"modified":"2023-09-08T15:01:56","modified_gmt":"2023-09-08T21:01:56","slug":"personal-del-h-cuerpo-de-bomberos-participara-en-desfile-del-16-de-septiembre","status":"publish","type":"post","link":"https:\/\/www.zunoticia.com\/noticias-de-hidalgo\/2023\/09\/08\/personal-del-h-cuerpo-de-bomberos-participara-en-desfile-del-16-de-septiembre\/","title":{"rendered":"Personal del H. Cuerpo de Bomberos participar\u00e1 en desfile del 16 de septiembre"},"content":{"rendered":"<aside class=\"mashsb-container mashsb-main mashsb-stretched\"><div class=\"mashsb-box\"><div class=\"mashsb-count mash-large\" style=\"float:left\"><div class=\"counts mashsbcount\">0<\/div><span class=\"mashsb-sharetext\">SHARES<\/span><\/div><div class=\"mashsb-buttons\"><a class=\"mashicon-facebook mash-large mash-center mashsb-noshadow\" href=\"https:\/\/www.facebook.com\/sharer.php?u=https%3A%2F%2Fwww.zunoticia.com%2Fnoticias-de-hidalgo%2F2023%2F09%2F08%2Fpersonal-del-h-cuerpo-de-bomberos-participara-en-desfile-del-16-de-septiembre%2F\" target=\"_top\" rel=\"nofollow\"><span class=\"icon\"><\/span><span class=\"text\">Share<\/span><\/a><a class=\"mashicon-twitter mash-large mash-center mashsb-noshadow\" href=\"https:\/\/twitter.com\/intent\/tweet?text=&amp;url=https:\/\/www.zunoticia.com\/noticias-de-hidalgo\/2023\/09\/08\/personal-del-h-cuerpo-de-bomberos-participara-en-desfile-del-16-de-septiembre\/\" target=\"_top\" rel=\"nofollow\"><span class=\"icon\"><\/span><span class=\"text\">Tweet<\/span><\/a><div class=\"onoffswitch2 mash-large mashsb-noshadow\" style=\"display:none\"><\/div><\/div>\n            <\/div>\n                <div style=\"clear:both\"><\/div><div class=\"mashsb-toggle-container\"><\/div><\/aside>\n            <!-- Share buttons by mashshare.net - Version: 4.0.47-->\n<p><em>Por Salvador Altamirano\/Zunoticia<\/em><\/p>\n\n\n\n<p><strong>Huejutla, Hgo.-<\/strong> El desfile del d\u00eda 16 de septiembre tiene como finalidad conmemorar el aniversario del inicio de la gesta de Independencia, es un \u00edcono representativo de las fiestas patrias, en el que participan instituciones educativas, militares y civiles.<\/p>\n\n\n\n<p>Por tal motivo, integrantes de la escolta del H. Cuerpo de Bomberos, cuyo primer Comandante es Juvencio Elizalde, practicaban este d\u00eda los pasos marciales que se requieren en el evento.<\/p>\n\n\n\n<figure class=\"wp-block-image size-large\"><img fetchpriority=\"high\" decoding=\"async\" width=\"1024\" height=\"538\" src=\"https:\/\/www.zunoticia.com\/noticias-de-hidalgo\/wp-content\/uploads\/2023\/09\/bomberos01-1024x538.jpg\" alt=\"\" class=\"wp-image-502511\" srcset=\"https:\/\/www.zunoticia.com\/noticias-de-hidalgo\/wp-content\/uploads\/2023\/09\/bomberos01-1024x538.jpg 1024w, https:\/\/www.zunoticia.com\/noticias-de-hidalgo\/wp-content\/uploads\/2023\/09\/bomberos01-300x158.jpg 300w, https:\/\/www.zunoticia.com\/noticias-de-hidalgo\/wp-content\/uploads\/2023\/09\/bomberos01-768x403.jpg 768w, https:\/\/www.zunoticia.com\/noticias-de-hidalgo\/wp-content\/uploads\/2023\/09\/bomberos01.jpg 1200w\" sizes=\"(max-width: 1024px) 100vw, 1024px\" \/><\/figure>\n\n\n\n<p>Al respecto, el Instructor de la corporaci\u00f3n, Carlos Francisco Hidalgo Contreras, manifest\u00f3 que en el desfile participar\u00e1n un aproximado de 25 elementos, activos y voluntarios, as\u00ed como las unidades de rescate y combate al fuego con que cuentan.<\/p>\n\n\n\n<p>Explic\u00f3 que, como cada a\u00f1o, al frente del contingente del H. Cuerpo de Bomberos, ir\u00e1 un elemento con un ni\u00f1o en brazos simulando un rescate, posteriormente la escolta, despu\u00e9s el personal y por \u00faltimo las unidades existentes.<\/p>\n\n\n\n<p>Para finalizar, Hidalgo Contreras refiri\u00f3 que cada a\u00f1o participan en el desfile c\u00edvico del 16 de septiembre, fecha en que se conmemora el inicio de la lucha por la Independencia de M\u00e9xico, con lo que demuestran su lealtad a la patria y enfatizan su disposici\u00f3n de servicio a la ciudadan\u00eda.<\/p>\n","protected":false},"excerpt":{"rendered":"<p>Por Salvador Altamirano\/Zunoticia Huejutla, Hgo.- El desfile del d\u00eda 16 de septiembre tiene como finalidad conmemorar el aniversario del inicio de la gesta de Independencia, es un \u00edcono representativo de las fiestas patrias, en el que participan instituciones educativas, militares y civiles. Por tal motivo, integrantes de la escolta del H. Cuerpo de Bomberos, cuyo&hellip; <a class=\"more-link\" href=\"https:\/\/www.zunoticia.com\/noticias-de-hidalgo\/2023\/09\/08\/personal-del-h-cuerpo-de-bomberos-participara-en-desfile-del-16-de-septiembre\/\">Seguir leyendo <span class=\"screen-reader-text\">Personal del H. Cuerpo de Bomberos participar\u00e1 en desfile del 16 de septiembre<\/span><\/a><\/p>\n","protected":false},"author":13,"featured_media":502510,"comment_status":"closed","ping_status":"open","sticky":false,"template":"","format":"standard","meta":{"rop_custom_images_group":[],"rop_custom_messages_group":[],"rop_publish_now":"initial","rop_publish_now_accounts":{"facebook_10159540855086992_322828327761733":""},"rop_publish_now_history":[],"rop_publish_now_status":"pending","footnotes":""},"categories":[181],"tags":[121],"class_list":["post-502513","post","type-post","status-publish","format-standard","has-post-thumbnail","hentry","category-huejutla","tag-huejutla","entry"],"_links":{"self":[{"href":"https:\/\/www.zunoticia.com\/noticias-de-hidalgo\/wp-json\/wp\/v2\/posts\/502513","targetHints":{"allow":["GET"]}}],"collection":[{"href":"https:\/\/www.zunoticia.com\/noticias-de-hidalgo\/wp-json\/wp\/v2\/posts"}],"about":[{"href":"https:\/\/www.zunoticia.com\/noticias-de-hidalgo\/wp-json\/wp\/v2\/types\/post"}],"author":[{"embeddable":true,"href":"https:\/\/www.zunoticia.com\/noticias-de-hidalgo\/wp-json\/wp\/v2\/users\/13"}],"replies":[{"embeddable":true,"href":"https:\/\/www.zunoticia.com\/noticias-de-hidalgo\/wp-json\/wp\/v2\/comments?post=502513"}],"version-history":[{"count":1,"href":"https:\/\/www.zunoticia.com\/noticias-de-hidalgo\/wp-json\/wp\/v2\/posts\/502513\/revisions"}],"predecessor-version":[{"id":502514,"href":"https:\/\/www.zunoticia.com\/noticias-de-hidalgo\/wp-json\/wp\/v2\/posts\/502513\/revisions\/502514"}],"wp:featuredmedia":[{"embeddable":true,"href":"https:\/\/www.zunoticia.com\/noticias-de-hidalgo\/wp-json\/wp\/v2\/media\/502510"}],"wp:attachment":[{"href":"https:\/\/www.zunoticia.com\/noticias-de-hidalgo\/wp-json\/wp\/v2\/media?parent=502513"}],"wp:term":[{"taxonomy":"category","embeddable":true,"href":"https:\/\/www.zunoticia.com\/noticias-de-hidalgo\/wp-json\/wp\/v2\/categories?post=502513"},{"taxonomy":"post_tag","embeddable":true,"href":"https:\/\/www.zunoticia.com\/noticias-de-hidalgo\/wp-json\/wp\/v2\/tags?post=502513"}],"curies":[{"name":"wp","href":"https:\/\/api.w.org\/{rel}","templated":true}]}}