{"id":502524,"date":"2023-09-08T15:44:37","date_gmt":"2023-09-08T21:44:37","guid":{"rendered":"https:\/\/www.zunoticia.com\/noticias-de-hidalgo\/?p=502524"},"modified":"2023-09-08T15:44:38","modified_gmt":"2023-09-08T21:44:38","slug":"baston-de-sheinbaum-hecho-por-artesanos-de-pahuatlan-huejutla","status":"publish","type":"post","link":"https:\/\/www.zunoticia.com\/noticias-de-hidalgo\/2023\/09\/08\/baston-de-sheinbaum-hecho-por-artesanos-de-pahuatlan-huejutla\/","title":{"rendered":"Bast\u00f3n de Sheinbaum hecho por artesanos de Pahuatl\u00e1n, Huejutla"},"content":{"rendered":"<aside class=\"mashsb-container mashsb-main mashsb-stretched\"><div class=\"mashsb-box\"><div class=\"mashsb-count mash-large\" style=\"float:left\"><div class=\"counts mashsbcount\">40<\/div><span class=\"mashsb-sharetext\">SHARES<\/span><\/div><div class=\"mashsb-buttons\"><a class=\"mashicon-facebook mash-large mash-center mashsb-noshadow\" href=\"https:\/\/www.facebook.com\/sharer.php?u=https%3A%2F%2Fwww.zunoticia.com%2Fnoticias-de-hidalgo%2F2023%2F09%2F08%2Fbaston-de-sheinbaum-hecho-por-artesanos-de-pahuatlan-huejutla%2F\" target=\"_top\" rel=\"nofollow\"><span class=\"icon\"><\/span><span class=\"text\">Share<\/span><\/a><a class=\"mashicon-twitter mash-large mash-center mashsb-noshadow\" href=\"https:\/\/twitter.com\/intent\/tweet?text=&amp;url=https:\/\/www.zunoticia.com\/noticias-de-hidalgo\/2023\/09\/08\/baston-de-sheinbaum-hecho-por-artesanos-de-pahuatlan-huejutla\/\" target=\"_top\" rel=\"nofollow\"><span class=\"icon\"><\/span><span class=\"text\">Tweet<\/span><\/a><div class=\"onoffswitch2 mash-large mashsb-noshadow\" style=\"display:none\"><\/div><\/div>\n            <\/div>\n                <div style=\"clear:both\"><\/div><div class=\"mashsb-toggle-container\"><\/div><\/aside>\n            <!-- Share buttons by mashshare.net - Version: 4.0.47-->\n<ul class=\"wp-block-list\">\n<li>Lo recibi\u00f3 Andr\u00e9s Manuel L\u00f3pez Obrador en su reciente visita a Huejutla con el gobernador Julio Menchaca Salazar.<\/li>\n<\/ul>\n\n\n\n<p><em>Por Redacci\u00f3n\/Zunoticia<\/em><\/p>\n\n\n\n<p><strong>Huejutla, Hgo.-<\/strong> El bast\u00f3n de mando que Andr\u00e9s Manuel L\u00f3pez Obrador presidente de M\u00e9xico que entreg\u00f3 a la doctora Claudia Sheinbaum como quien habr\u00e1 de coordinar los esfuerzos de la defensa de la cuarta transformaci\u00f3n en el pa\u00eds, fue elaborado por manos artesanas huastecas; concretamente del poblado de Pahuatl\u00e1n del municipio de Huejutla de Reyes, Hidalgo.<\/p>\n\n\n\n<p>El bast\u00f3n le fue entregado al jefe del ejecutivo durante su reciente visita a la regi\u00f3n de la Huasteca por parte del alcalde Daniel Andrade Zurutuza, representa para los pueblos ind\u00edgenas un s\u00edmbolo de autoridad, pacto y de respeto para quien define el rumbo y la toma de decisiones de acuerdo a sus formas organizacionales internas<\/p>\n\n\n\n<figure class=\"wp-block-image size-large\"><img fetchpriority=\"high\" decoding=\"async\" width=\"1024\" height=\"538\" src=\"https:\/\/www.zunoticia.com\/noticias-de-hidalgo\/wp-content\/uploads\/2023\/09\/baston1-1024x538.jpg\" alt=\"\" class=\"wp-image-502498\" srcset=\"https:\/\/www.zunoticia.com\/noticias-de-hidalgo\/wp-content\/uploads\/2023\/09\/baston1-1024x538.jpg 1024w, https:\/\/www.zunoticia.com\/noticias-de-hidalgo\/wp-content\/uploads\/2023\/09\/baston1-300x158.jpg 300w, https:\/\/www.zunoticia.com\/noticias-de-hidalgo\/wp-content\/uploads\/2023\/09\/baston1-768x403.jpg 768w, https:\/\/www.zunoticia.com\/noticias-de-hidalgo\/wp-content\/uploads\/2023\/09\/baston1.jpg 1200w\" sizes=\"(max-width: 1024px) 100vw, 1024px\" \/><\/figure>\n\n\n\n<p>El bast\u00f3n, fue tallado por manos artesanas de la regi\u00f3n Huasteca como un especial distintivo para el Presidente de M\u00e9xico, quien orgullosamente lo port\u00f3 durante el evento que encabez\u00f3 en los terrenos de la feria, en donde adem\u00e1s del alcalde huejutlense, tambi\u00e9n le acompa\u00f1\u00f3 el Gobernador Julio Menchaca Salazar.<\/p>\n\n\n\n<p>La entrega del bast\u00f3n de mando a Sheinbaum Pardo se llev\u00f3 a cabo en un acto protocolario en el que el mandatario Andr\u00e9s Manuel L\u00f3pez Obrador se lo cedi\u00f3 personalmente, tal y como en su momento lo anunci\u00f3, en raz\u00f3n del proceso interno que vivi\u00f3 el partido Morena para designar a quien habr\u00e1 de representarlos como el Coordinador de la Defensa de la Cuarta Transformaci\u00f3n.<\/p>\n\n\n\n<p>El bast\u00f3n simboliza el pacto de respeto y de buenos deseos en las partes cuyo significado redunda en acuerdos entre pueblos o naciones.<\/p>\n","protected":false},"excerpt":{"rendered":"<p>Por Redacci\u00f3n\/Zunoticia Huejutla, Hgo.- El bast\u00f3n de mando que Andr\u00e9s Manuel L\u00f3pez Obrador presidente de M\u00e9xico que entreg\u00f3 a la doctora Claudia Sheinbaum como quien habr\u00e1 de coordinar los esfuerzos de la defensa de la cuarta transformaci\u00f3n en el pa\u00eds, fue elaborado por manos artesanas huastecas; concretamente del poblado de Pahuatl\u00e1n del municipio de Huejutla&hellip; <a class=\"more-link\" href=\"https:\/\/www.zunoticia.com\/noticias-de-hidalgo\/2023\/09\/08\/baston-de-sheinbaum-hecho-por-artesanos-de-pahuatlan-huejutla\/\">Seguir leyendo <span class=\"screen-reader-text\">Bast\u00f3n de Sheinbaum hecho por artesanos de Pahuatl\u00e1n, Huejutla<\/span><\/a><\/p>\n","protected":false},"author":13,"featured_media":502491,"comment_status":"closed","ping_status":"open","sticky":false,"template":"","format":"standard","meta":{"rop_custom_images_group":[],"rop_custom_messages_group":[],"rop_publish_now":"initial","rop_publish_now_accounts":{"facebook_10159540855086992_322828327761733":""},"rop_publish_now_history":[],"rop_publish_now_status":"pending","footnotes":""},"categories":[181],"tags":[121],"class_list":["post-502524","post","type-post","status-publish","format-standard","has-post-thumbnail","hentry","category-huejutla","tag-huejutla","entry"],"_links":{"self":[{"href":"https:\/\/www.zunoticia.com\/noticias-de-hidalgo\/wp-json\/wp\/v2\/posts\/502524","targetHints":{"allow":["GET"]}}],"collection":[{"href":"https:\/\/www.zunoticia.com\/noticias-de-hidalgo\/wp-json\/wp\/v2\/posts"}],"about":[{"href":"https:\/\/www.zunoticia.com\/noticias-de-hidalgo\/wp-json\/wp\/v2\/types\/post"}],"author":[{"embeddable":true,"href":"https:\/\/www.zunoticia.com\/noticias-de-hidalgo\/wp-json\/wp\/v2\/users\/13"}],"replies":[{"embeddable":true,"href":"https:\/\/www.zunoticia.com\/noticias-de-hidalgo\/wp-json\/wp\/v2\/comments?post=502524"}],"version-history":[{"count":1,"href":"https:\/\/www.zunoticia.com\/noticias-de-hidalgo\/wp-json\/wp\/v2\/posts\/502524\/revisions"}],"predecessor-version":[{"id":502525,"href":"https:\/\/www.zunoticia.com\/noticias-de-hidalgo\/wp-json\/wp\/v2\/posts\/502524\/revisions\/502525"}],"wp:featuredmedia":[{"embeddable":true,"href":"https:\/\/www.zunoticia.com\/noticias-de-hidalgo\/wp-json\/wp\/v2\/media\/502491"}],"wp:attachment":[{"href":"https:\/\/www.zunoticia.com\/noticias-de-hidalgo\/wp-json\/wp\/v2\/media?parent=502524"}],"wp:term":[{"taxonomy":"category","embeddable":true,"href":"https:\/\/www.zunoticia.com\/noticias-de-hidalgo\/wp-json\/wp\/v2\/categories?post=502524"},{"taxonomy":"post_tag","embeddable":true,"href":"https:\/\/www.zunoticia.com\/noticias-de-hidalgo\/wp-json\/wp\/v2\/tags?post=502524"}],"curies":[{"name":"wp","href":"https:\/\/api.w.org\/{rel}","templated":true}]}}