{"id":502528,"date":"2023-09-08T16:03:10","date_gmt":"2023-09-08T22:03:10","guid":{"rendered":"https:\/\/www.zunoticia.com\/noticias-de-hidalgo\/?p=502528"},"modified":"2023-09-08T16:03:11","modified_gmt":"2023-09-08T22:03:11","slug":"concluye-vigencia-de-convocatoria-tendiente-a-designar-nombre-a-casa-de-la-cultura-huasteca","status":"publish","type":"post","link":"https:\/\/www.zunoticia.com\/noticias-de-hidalgo\/2023\/09\/08\/concluye-vigencia-de-convocatoria-tendiente-a-designar-nombre-a-casa-de-la-cultura-huasteca\/","title":{"rendered":"Concluye vigencia de convocatoria tendiente a designar nombre a Casa de la Cultura Huasteca"},"content":{"rendered":"<aside class=\"mashsb-container mashsb-main mashsb-stretched\"><div class=\"mashsb-box\"><div class=\"mashsb-count mash-large\" style=\"float:left\"><div class=\"counts mashsbcount\">2<\/div><span class=\"mashsb-sharetext\">SHARES<\/span><\/div><div class=\"mashsb-buttons\"><a class=\"mashicon-facebook mash-large mash-center mashsb-noshadow\" href=\"https:\/\/www.facebook.com\/sharer.php?u=https%3A%2F%2Fwww.zunoticia.com%2Fnoticias-de-hidalgo%2F2023%2F09%2F08%2Fconcluye-vigencia-de-convocatoria-tendiente-a-designar-nombre-a-casa-de-la-cultura-huasteca%2F\" target=\"_top\" rel=\"nofollow\"><span class=\"icon\"><\/span><span class=\"text\">Share<\/span><\/a><a class=\"mashicon-twitter mash-large mash-center mashsb-noshadow\" href=\"https:\/\/twitter.com\/intent\/tweet?text=&amp;url=https:\/\/www.zunoticia.com\/noticias-de-hidalgo\/2023\/09\/08\/concluye-vigencia-de-convocatoria-tendiente-a-designar-nombre-a-casa-de-la-cultura-huasteca\/\" target=\"_top\" rel=\"nofollow\"><span class=\"icon\"><\/span><span class=\"text\">Tweet<\/span><\/a><div class=\"onoffswitch2 mash-large mashsb-noshadow\" style=\"display:none\"><\/div><\/div>\n            <\/div>\n                <div style=\"clear:both\"><\/div><div class=\"mashsb-toggle-container\"><\/div><\/aside>\n            <!-- Share buttons by mashshare.net - Version: 4.0.47-->\n<p><em>Por Salvador Altamirano\/Zunoticia<\/em><\/p>\n\n\n\n<p><strong>Huejutla, Hgo.-<\/strong> Personas interesadas en enaltecer los aspectos regionales, refirieron que el pasado 31 de agosto concluy\u00f3 la vigencia de la convocatoria para el concurso tendiente a designar el nombre de la Casa de la Cultura Huasteca.<\/p>\n\n\n\n<p>Agregaron que la convocatoria, fue emitida por la Secretar\u00eda de Cultura del Estado de Hidalgo, cuya titular es Tania Meza Escorza, para que los interesados propusieron nombres, de hombres y mujeres, con que se le denominar\u00e1 al reci\u00e9n inaugurado centro cultural, que actualmente, de manera provisional, ostenta el de Casa Blanca.<\/p>\n\n\n\n<p>Al respecto, no obstante que la participaci\u00f3n integra a los residentes en todos los municipios de la Huasteca, habitantes de Huejutla comentaron que el m\u00e1s id\u00f3neo ser\u00eda el de Ildefonso Maya Hern\u00e1ndez, personaje identificado con la cultura nativa, de la lengua n\u00e1huatl.<\/p>\n\n\n\n<p>Quien responde al nombre de Fidencio Ortiz Mart\u00ednez, especific\u00f3 que el extinto profesor Maya Hern\u00e1ndez fue un reconocido pintor moralista en M\u00e9xico, quien adem\u00e1s escribi\u00f3 m\u00e1s de 90 obras literarias en los idiomas n\u00e1huatl y espa\u00f1ol, entre ellas varias obras de teatro.<\/p>\n\n\n\n<p>Para finalizar, aclar\u00f3 que lo suyo es nada m\u00e1s una sugerencia, y que ser\u00e1n las autoridades de cultura las que, en base a las propuestas emitidas en el marco de la convocatoria, decidan la designaci\u00f3n.<\/p>\n","protected":false},"excerpt":{"rendered":"<p>Por Salvador Altamirano\/Zunoticia Huejutla, Hgo.- Personas interesadas en enaltecer los aspectos regionales, refirieron que el pasado 31 de agosto concluy\u00f3 la vigencia de la convocatoria para el concurso tendiente a designar el nombre de la Casa de la Cultura Huasteca. Agregaron que la convocatoria, fue emitida por la Secretar\u00eda de Cultura del Estado de Hidalgo,&hellip; <a class=\"more-link\" href=\"https:\/\/www.zunoticia.com\/noticias-de-hidalgo\/2023\/09\/08\/concluye-vigencia-de-convocatoria-tendiente-a-designar-nombre-a-casa-de-la-cultura-huasteca\/\">Seguir leyendo <span class=\"screen-reader-text\">Concluye vigencia de convocatoria tendiente a designar nombre a Casa de la Cultura Huasteca<\/span><\/a><\/p>\n","protected":false},"author":13,"featured_media":502529,"comment_status":"closed","ping_status":"open","sticky":false,"template":"","format":"standard","meta":{"rop_custom_images_group":[],"rop_custom_messages_group":[],"rop_publish_now":"initial","rop_publish_now_accounts":{"facebook_10159540855086992_322828327761733":""},"rop_publish_now_history":[],"rop_publish_now_status":"pending","footnotes":""},"categories":[181],"tags":[121],"class_list":["post-502528","post","type-post","status-publish","format-standard","has-post-thumbnail","hentry","category-huejutla","tag-huejutla","entry"],"_links":{"self":[{"href":"https:\/\/www.zunoticia.com\/noticias-de-hidalgo\/wp-json\/wp\/v2\/posts\/502528","targetHints":{"allow":["GET"]}}],"collection":[{"href":"https:\/\/www.zunoticia.com\/noticias-de-hidalgo\/wp-json\/wp\/v2\/posts"}],"about":[{"href":"https:\/\/www.zunoticia.com\/noticias-de-hidalgo\/wp-json\/wp\/v2\/types\/post"}],"author":[{"embeddable":true,"href":"https:\/\/www.zunoticia.com\/noticias-de-hidalgo\/wp-json\/wp\/v2\/users\/13"}],"replies":[{"embeddable":true,"href":"https:\/\/www.zunoticia.com\/noticias-de-hidalgo\/wp-json\/wp\/v2\/comments?post=502528"}],"version-history":[{"count":1,"href":"https:\/\/www.zunoticia.com\/noticias-de-hidalgo\/wp-json\/wp\/v2\/posts\/502528\/revisions"}],"predecessor-version":[{"id":502531,"href":"https:\/\/www.zunoticia.com\/noticias-de-hidalgo\/wp-json\/wp\/v2\/posts\/502528\/revisions\/502531"}],"wp:featuredmedia":[{"embeddable":true,"href":"https:\/\/www.zunoticia.com\/noticias-de-hidalgo\/wp-json\/wp\/v2\/media\/502529"}],"wp:attachment":[{"href":"https:\/\/www.zunoticia.com\/noticias-de-hidalgo\/wp-json\/wp\/v2\/media?parent=502528"}],"wp:term":[{"taxonomy":"category","embeddable":true,"href":"https:\/\/www.zunoticia.com\/noticias-de-hidalgo\/wp-json\/wp\/v2\/categories?post=502528"},{"taxonomy":"post_tag","embeddable":true,"href":"https:\/\/www.zunoticia.com\/noticias-de-hidalgo\/wp-json\/wp\/v2\/tags?post=502528"}],"curies":[{"name":"wp","href":"https:\/\/api.w.org\/{rel}","templated":true}]}}