{"id":502567,"date":"2023-09-08T18:06:56","date_gmt":"2023-09-09T00:06:56","guid":{"rendered":"https:\/\/www.zunoticia.com\/noticias-de-hidalgo\/?p=502567"},"modified":"2023-09-08T18:06:57","modified_gmt":"2023-09-09T00:06:57","slug":"realizan-primera-sesion-ordinaria-y-toma-de-protesta-del-consejo-de-proteccion-civil","status":"publish","type":"post","link":"https:\/\/www.zunoticia.com\/noticias-de-hidalgo\/2023\/09\/08\/realizan-primera-sesion-ordinaria-y-toma-de-protesta-del-consejo-de-proteccion-civil\/","title":{"rendered":"Realizan Primera Sesi\u00f3n Ordinaria y toma de protesta del Consejo de Protecci\u00f3n Civil"},"content":{"rendered":"<aside class=\"mashsb-container mashsb-main mashsb-stretched\"><div class=\"mashsb-box\"><div class=\"mashsb-count mash-large\" style=\"float:left\"><div class=\"counts mashsbcount\">16<\/div><span class=\"mashsb-sharetext\">SHARES<\/span><\/div><div class=\"mashsb-buttons\"><a class=\"mashicon-facebook mash-large mash-center mashsb-noshadow\" href=\"https:\/\/www.facebook.com\/sharer.php?u=https%3A%2F%2Fwww.zunoticia.com%2Fnoticias-de-hidalgo%2F2023%2F09%2F08%2Frealizan-primera-sesion-ordinaria-y-toma-de-protesta-del-consejo-de-proteccion-civil%2F\" target=\"_top\" rel=\"nofollow\"><span class=\"icon\"><\/span><span class=\"text\">Share<\/span><\/a><a class=\"mashicon-twitter mash-large mash-center mashsb-noshadow\" href=\"https:\/\/twitter.com\/intent\/tweet?text=&amp;url=https:\/\/www.zunoticia.com\/noticias-de-hidalgo\/2023\/09\/08\/realizan-primera-sesion-ordinaria-y-toma-de-protesta-del-consejo-de-proteccion-civil\/\" target=\"_top\" rel=\"nofollow\"><span class=\"icon\"><\/span><span class=\"text\">Tweet<\/span><\/a><div class=\"onoffswitch2 mash-large mashsb-noshadow\" style=\"display:none\"><\/div><\/div>\n            <\/div>\n                <div style=\"clear:both\"><\/div><div class=\"mashsb-toggle-container\"><\/div><\/aside>\n            <!-- Share buttons by mashshare.net - Version: 4.0.47-->\n<p><em>Por Enedino Hern\u00e1ndez\/Zunoticia<\/em><\/p>\n\n\n\n<p><strong>Huejutla, Hgo.-<\/strong> Ante la presencia de diversas personalidades, durante la tarde de este viernes 8 de septiembre en las instalaciones del auditorio de la Unidad Deportiva de Colalambre en esta ciudad de Huejutla de Reyes, se llev\u00f3 a cabo la Primera Sesi\u00f3n Ordinaria y la Toma de Protesta a los integrantes del Consejo Municipal de Protecci\u00f3n Civil en Huejutla.<\/p>\n\n\n\n<figure class=\"wp-block-image size-large\"><img fetchpriority=\"high\" decoding=\"async\" width=\"1024\" height=\"538\" src=\"https:\/\/www.zunoticia.com\/noticias-de-hidalgo\/wp-content\/uploads\/2023\/09\/sesion2-1024x538.jpg\" alt=\"\" class=\"wp-image-502571\" srcset=\"https:\/\/www.zunoticia.com\/noticias-de-hidalgo\/wp-content\/uploads\/2023\/09\/sesion2-1024x538.jpg 1024w, https:\/\/www.zunoticia.com\/noticias-de-hidalgo\/wp-content\/uploads\/2023\/09\/sesion2-300x158.jpg 300w, https:\/\/www.zunoticia.com\/noticias-de-hidalgo\/wp-content\/uploads\/2023\/09\/sesion2-768x403.jpg 768w, https:\/\/www.zunoticia.com\/noticias-de-hidalgo\/wp-content\/uploads\/2023\/09\/sesion2.jpg 1200w\" sizes=\"(max-width: 1024px) 100vw, 1024px\" \/><\/figure>\n\n\n\n<p>La Primera Sesi\u00f3n de Protecci\u00f3n Civil se llev\u00f3 a cabo con el objetivo de crear un equipo de trabajo para actuar de manera coordinada ante un evento catastr\u00f3fico de impacto en la sociedad.<\/p>\n\n\n\n<p>En el evento se cont\u00f3 con la presencia de personal de la Secretar\u00eda de la Defensa Nacional, Jurisdicci\u00f3n Sanitaria, Seguridad P\u00fablica Municipal, Subsecretar\u00eda de Gobierno, Bomberos, Gr\u00faas, Regidores, Protecci\u00f3n Civil, Obras P\u00fablicas, representantes de los Refugios Temporales, entre otros.<\/p>\n\n\n\n<p>En su momento, el Director de Protecci\u00f3n Civil en Huejutla, Otoniel Centeno Redondo; destac\u00f3 que es elemental estar en constante comunicaci\u00f3n para poder intervenir si el caso es necesario ante la presencia de los fen\u00f3menos naturales.<\/p>\n\n\n\n<figure class=\"wp-block-image size-large\"><img decoding=\"async\" width=\"1024\" height=\"538\" src=\"https:\/\/www.zunoticia.com\/noticias-de-hidalgo\/wp-content\/uploads\/2023\/09\/sesion3-1024x538.jpg\" alt=\"\" class=\"wp-image-502570\" srcset=\"https:\/\/www.zunoticia.com\/noticias-de-hidalgo\/wp-content\/uploads\/2023\/09\/sesion3-1024x538.jpg 1024w, https:\/\/www.zunoticia.com\/noticias-de-hidalgo\/wp-content\/uploads\/2023\/09\/sesion3-300x158.jpg 300w, https:\/\/www.zunoticia.com\/noticias-de-hidalgo\/wp-content\/uploads\/2023\/09\/sesion3-768x403.jpg 768w, https:\/\/www.zunoticia.com\/noticias-de-hidalgo\/wp-content\/uploads\/2023\/09\/sesion3.jpg 1200w\" sizes=\"(max-width: 1024px) 100vw, 1024px\" \/><\/figure>\n\n\n\n<p>El Subsecretario de Protecci\u00f3n Civil en Hidalgo, Francisco Quijas; pidi\u00f3 a todos a trabajar conjuntamente en acciones que impacten, recapacitemos y unamos esfuerzos y voluntades para lograr los objetivos planes y programas que se tienen para el bien de las siguientes generaciones.<\/p>\n\n\n\n<p>Se\u00f1ala que los fen\u00f3menos naturales no nos hacen da\u00f1o, nosotros somos quienes generamos la vulnerabilidad en estos impactos, por ello; debemos de ser preventivos en estas situaciones.<\/p>\n\n\n\n<p>El Subsecretario de Gobierno en la Huasteca, Marco Antonio Ramos Moguel; hizo un llamado a todas las dependencias a trabajar de manera conjunta en materia de Protecci\u00f3n Civil para el bien de todos.<\/p>\n\n\n\n<figure class=\"wp-block-image size-large\"><img decoding=\"async\" width=\"1024\" height=\"538\" src=\"https:\/\/www.zunoticia.com\/noticias-de-hidalgo\/wp-content\/uploads\/2023\/09\/sesion1-1024x538.jpg\" alt=\"\" class=\"wp-image-502572\" srcset=\"https:\/\/www.zunoticia.com\/noticias-de-hidalgo\/wp-content\/uploads\/2023\/09\/sesion1-1024x538.jpg 1024w, https:\/\/www.zunoticia.com\/noticias-de-hidalgo\/wp-content\/uploads\/2023\/09\/sesion1-300x158.jpg 300w, https:\/\/www.zunoticia.com\/noticias-de-hidalgo\/wp-content\/uploads\/2023\/09\/sesion1-768x403.jpg 768w, https:\/\/www.zunoticia.com\/noticias-de-hidalgo\/wp-content\/uploads\/2023\/09\/sesion1.jpg 1200w\" sizes=\"(max-width: 1024px) 100vw, 1024px\" \/><\/figure>\n\n\n\n<p>M\u00e1s adelante, Otoniel Centeno; dio a conocer en t\u00e9rminos generales una rese\u00f1a hist\u00f3rica de cada uno de los fen\u00f3menos naturales que han afectado a Huejutla, as\u00ed como los da\u00f1os y afectaciones.<\/p>\n\n\n\n<p>Resalta que como Protecci\u00f3n Civil en Huejutla se mantienen en constante comunicaci\u00f3n con las diversas dependencias e instituciones a efecto de trabajar de manera conjunta como es en la aplicaci\u00f3n de las medidas preventivas.<\/p>\n","protected":false},"excerpt":{"rendered":"<p>Por Enedino Hern\u00e1ndez\/Zunoticia Huejutla, Hgo.- Ante la presencia de diversas personalidades, durante la tarde de este viernes 8 de septiembre en las instalaciones del auditorio de la Unidad Deportiva de Colalambre en esta ciudad de Huejutla de Reyes, se llev\u00f3 a cabo la Primera Sesi\u00f3n Ordinaria y la Toma de Protesta a los integrantes del&hellip; <a class=\"more-link\" href=\"https:\/\/www.zunoticia.com\/noticias-de-hidalgo\/2023\/09\/08\/realizan-primera-sesion-ordinaria-y-toma-de-protesta-del-consejo-de-proteccion-civil\/\">Seguir leyendo <span class=\"screen-reader-text\">Realizan Primera Sesi\u00f3n Ordinaria y toma de protesta del Consejo de Protecci\u00f3n Civil<\/span><\/a><\/p>\n","protected":false},"author":13,"featured_media":502568,"comment_status":"closed","ping_status":"open","sticky":false,"template":"","format":"standard","meta":{"rop_custom_images_group":[],"rop_custom_messages_group":[],"rop_publish_now":"initial","rop_publish_now_accounts":{"facebook_10159540855086992_322828327761733":""},"rop_publish_now_history":[],"rop_publish_now_status":"pending","footnotes":""},"categories":[181],"tags":[121],"class_list":["post-502567","post","type-post","status-publish","format-standard","has-post-thumbnail","hentry","category-huejutla","tag-huejutla","entry"],"_links":{"self":[{"href":"https:\/\/www.zunoticia.com\/noticias-de-hidalgo\/wp-json\/wp\/v2\/posts\/502567","targetHints":{"allow":["GET"]}}],"collection":[{"href":"https:\/\/www.zunoticia.com\/noticias-de-hidalgo\/wp-json\/wp\/v2\/posts"}],"about":[{"href":"https:\/\/www.zunoticia.com\/noticias-de-hidalgo\/wp-json\/wp\/v2\/types\/post"}],"author":[{"embeddable":true,"href":"https:\/\/www.zunoticia.com\/noticias-de-hidalgo\/wp-json\/wp\/v2\/users\/13"}],"replies":[{"embeddable":true,"href":"https:\/\/www.zunoticia.com\/noticias-de-hidalgo\/wp-json\/wp\/v2\/comments?post=502567"}],"version-history":[{"count":1,"href":"https:\/\/www.zunoticia.com\/noticias-de-hidalgo\/wp-json\/wp\/v2\/posts\/502567\/revisions"}],"predecessor-version":[{"id":502573,"href":"https:\/\/www.zunoticia.com\/noticias-de-hidalgo\/wp-json\/wp\/v2\/posts\/502567\/revisions\/502573"}],"wp:featuredmedia":[{"embeddable":true,"href":"https:\/\/www.zunoticia.com\/noticias-de-hidalgo\/wp-json\/wp\/v2\/media\/502568"}],"wp:attachment":[{"href":"https:\/\/www.zunoticia.com\/noticias-de-hidalgo\/wp-json\/wp\/v2\/media?parent=502567"}],"wp:term":[{"taxonomy":"category","embeddable":true,"href":"https:\/\/www.zunoticia.com\/noticias-de-hidalgo\/wp-json\/wp\/v2\/categories?post=502567"},{"taxonomy":"post_tag","embeddable":true,"href":"https:\/\/www.zunoticia.com\/noticias-de-hidalgo\/wp-json\/wp\/v2\/tags?post=502567"}],"curies":[{"name":"wp","href":"https:\/\/api.w.org\/{rel}","templated":true}]}}