{"id":502604,"date":"2023-09-08T21:00:41","date_gmt":"2023-09-09T03:00:41","guid":{"rendered":"https:\/\/www.zunoticia.com\/noticias-de-hidalgo\/?p=502604"},"modified":"2023-09-08T21:00:45","modified_gmt":"2023-09-09T03:00:45","slug":"hacienda-encabezo-ceremonia-por-el-255-aniversario-del-natalicio-de-josefa-ortiz-de-dominguez","status":"publish","type":"post","link":"https:\/\/www.zunoticia.com\/noticias-de-hidalgo\/2023\/09\/08\/hacienda-encabezo-ceremonia-por-el-255-aniversario-del-natalicio-de-josefa-ortiz-de-dominguez\/","title":{"rendered":"Hacienda encabez\u00f3 ceremonia por el 255 aniversario del natalicio de Josefa Ortiz de Dom\u00ednguez"},"content":{"rendered":"<aside class=\"mashsb-container mashsb-main mashsb-stretched\"><div class=\"mashsb-box\"><div class=\"mashsb-count mash-large\" style=\"float:left\"><div class=\"counts mashsbcount\">2<\/div><span class=\"mashsb-sharetext\">SHARES<\/span><\/div><div class=\"mashsb-buttons\"><a class=\"mashicon-facebook mash-large mash-center mashsb-noshadow\" href=\"https:\/\/www.facebook.com\/sharer.php?u=https%3A%2F%2Fwww.zunoticia.com%2Fnoticias-de-hidalgo%2F2023%2F09%2F08%2Fhacienda-encabezo-ceremonia-por-el-255-aniversario-del-natalicio-de-josefa-ortiz-de-dominguez%2F\" target=\"_top\" rel=\"nofollow\"><span class=\"icon\"><\/span><span class=\"text\">Share<\/span><\/a><a class=\"mashicon-twitter mash-large mash-center mashsb-noshadow\" href=\"https:\/\/twitter.com\/intent\/tweet?text=&amp;url=https:\/\/www.zunoticia.com\/noticias-de-hidalgo\/2023\/09\/08\/hacienda-encabezo-ceremonia-por-el-255-aniversario-del-natalicio-de-josefa-ortiz-de-dominguez\/\" target=\"_top\" rel=\"nofollow\"><span class=\"icon\"><\/span><span class=\"text\">Tweet<\/span><\/a><div class=\"onoffswitch2 mash-large mashsb-noshadow\" style=\"display:none\"><\/div><\/div>\n            <\/div>\n                <div style=\"clear:both\"><\/div><div class=\"mashsb-toggle-container\"><\/div><\/aside>\n            <!-- Share buttons by mashshare.net - Version: 4.0.47-->\n<p><em>Por Redacci\u00f3n\/Zunoticia<\/em><\/p>\n\n\n\n<p><strong>Pachuca<\/strong><strong> de Soto<\/strong><strong>, H<\/strong><strong>go<\/strong>.- La titular de la Secretar\u00eda de Hacienda en el gobierno de Hidalgo, Esther Ram\u00edrez Vargas, encabez\u00f3 este viernes 8 de septiembre la ceremonia por el 255 aniversario del natalicio de Josefa Ortiz de Dom\u00ednguez.<\/p>\n\n\n\n<p>Tras el evento c\u00edvico, realizado en las inmediaciones del Parque Hidalgo, en Pachuca, la funcionaria resalt\u00f3 que la participaci\u00f3n de las mujeres en cada uno de los \u00e1mbitos de nuestra sociedad ha sido decisiva para la transformaci\u00f3n de este pa\u00eds, de ah\u00ed el compromiso que el gobernador Julio Menchaca ha reiterado con las mujeres hidalguenses.<\/p>\n\n\n\n<figure class=\"wp-block-image size-large\"><img fetchpriority=\"high\" decoding=\"async\" width=\"1024\" height=\"682\" src=\"https:\/\/www.zunoticia.com\/noticias-de-hidalgo\/wp-content\/uploads\/2023\/09\/eZy-Watermark-08-09-2023-08-51-25-6190p.m.-1024x682.jpg\" alt=\"\" class=\"wp-image-502606\" srcset=\"https:\/\/www.zunoticia.com\/noticias-de-hidalgo\/wp-content\/uploads\/2023\/09\/eZy-Watermark-08-09-2023-08-51-25-6190p.m.-1024x682.jpg 1024w, https:\/\/www.zunoticia.com\/noticias-de-hidalgo\/wp-content\/uploads\/2023\/09\/eZy-Watermark-08-09-2023-08-51-25-6190p.m.-300x200.jpg 300w, https:\/\/www.zunoticia.com\/noticias-de-hidalgo\/wp-content\/uploads\/2023\/09\/eZy-Watermark-08-09-2023-08-51-25-6190p.m.-768x512.jpg 768w, https:\/\/www.zunoticia.com\/noticias-de-hidalgo\/wp-content\/uploads\/2023\/09\/eZy-Watermark-08-09-2023-08-51-25-6190p.m..jpg 1280w\" sizes=\"(max-width: 1024px) 100vw, 1024px\" \/><\/figure>\n\n\n\n<p>Durante la guardia de honor, Ram\u00edrez Vargas, acompa\u00f1ada por la magistrada presidenta del Tribunal Superior de Justicia y del Consejo de la Judicatura, Rebeca Stella Aladro Echeverr\u00eda, as\u00ed como de Jes\u00fas Osiris Leines Med\u00e9cigo, presidente de la Junta de Gobierno del Congreso de Hidalgo, colocaron una ofrenda floral al pie del busto de este personaje de la historia de M\u00e9xico.<\/p>\n\n\n\n<p>El acto fue acompa\u00f1ado por autoridades y elementos castrenses de la 18va Zona Militar de Pachuca y de la Guardia Nacional, as\u00ed como servidores p\u00fablicos.<\/p>\n","protected":false},"excerpt":{"rendered":"<p>Por Redacci\u00f3n\/Zunoticia Pachuca de Soto, Hgo.- La titular de la Secretar\u00eda de Hacienda en el gobierno de Hidalgo, Esther Ram\u00edrez Vargas, encabez\u00f3 este viernes 8 de septiembre la ceremonia por el 255 aniversario del natalicio de Josefa Ortiz de Dom\u00ednguez. Tras el evento c\u00edvico, realizado en las inmediaciones del Parque Hidalgo, en Pachuca, la funcionaria&hellip; <a class=\"more-link\" href=\"https:\/\/www.zunoticia.com\/noticias-de-hidalgo\/2023\/09\/08\/hacienda-encabezo-ceremonia-por-el-255-aniversario-del-natalicio-de-josefa-ortiz-de-dominguez\/\">Seguir leyendo <span class=\"screen-reader-text\">Hacienda encabez\u00f3 ceremonia por el 255 aniversario del natalicio de Josefa Ortiz de Dom\u00ednguez<\/span><\/a><\/p>\n","protected":false},"author":12,"featured_media":502605,"comment_status":"closed","ping_status":"open","sticky":false,"template":"","format":"standard","meta":{"rop_custom_images_group":[],"rop_custom_messages_group":[],"rop_publish_now":"initial","rop_publish_now_accounts":{"facebook_10159540855086992_322828327761733":""},"rop_publish_now_history":[],"rop_publish_now_status":"pending","footnotes":""},"categories":[208],"tags":[214],"class_list":["post-502604","post","type-post","status-publish","format-standard","has-post-thumbnail","hentry","category-estado","tag-estado","entry"],"_links":{"self":[{"href":"https:\/\/www.zunoticia.com\/noticias-de-hidalgo\/wp-json\/wp\/v2\/posts\/502604","targetHints":{"allow":["GET"]}}],"collection":[{"href":"https:\/\/www.zunoticia.com\/noticias-de-hidalgo\/wp-json\/wp\/v2\/posts"}],"about":[{"href":"https:\/\/www.zunoticia.com\/noticias-de-hidalgo\/wp-json\/wp\/v2\/types\/post"}],"author":[{"embeddable":true,"href":"https:\/\/www.zunoticia.com\/noticias-de-hidalgo\/wp-json\/wp\/v2\/users\/12"}],"replies":[{"embeddable":true,"href":"https:\/\/www.zunoticia.com\/noticias-de-hidalgo\/wp-json\/wp\/v2\/comments?post=502604"}],"version-history":[{"count":1,"href":"https:\/\/www.zunoticia.com\/noticias-de-hidalgo\/wp-json\/wp\/v2\/posts\/502604\/revisions"}],"predecessor-version":[{"id":502617,"href":"https:\/\/www.zunoticia.com\/noticias-de-hidalgo\/wp-json\/wp\/v2\/posts\/502604\/revisions\/502617"}],"wp:featuredmedia":[{"embeddable":true,"href":"https:\/\/www.zunoticia.com\/noticias-de-hidalgo\/wp-json\/wp\/v2\/media\/502605"}],"wp:attachment":[{"href":"https:\/\/www.zunoticia.com\/noticias-de-hidalgo\/wp-json\/wp\/v2\/media?parent=502604"}],"wp:term":[{"taxonomy":"category","embeddable":true,"href":"https:\/\/www.zunoticia.com\/noticias-de-hidalgo\/wp-json\/wp\/v2\/categories?post=502604"},{"taxonomy":"post_tag","embeddable":true,"href":"https:\/\/www.zunoticia.com\/noticias-de-hidalgo\/wp-json\/wp\/v2\/tags?post=502604"}],"curies":[{"name":"wp","href":"https:\/\/api.w.org\/{rel}","templated":true}]}}