{"id":502648,"date":"2023-09-08T22:40:27","date_gmt":"2023-09-09T04:40:27","guid":{"rendered":"https:\/\/www.zunoticia.com\/noticias-de-hidalgo\/?p=502648"},"modified":"2023-09-08T22:40:28","modified_gmt":"2023-09-09T04:40:28","slug":"coche-se-salio-de-la-via-mexico-tampico","status":"publish","type":"post","link":"https:\/\/www.zunoticia.com\/noticias-de-hidalgo\/2023\/09\/08\/coche-se-salio-de-la-via-mexico-tampico\/","title":{"rendered":"Coche se sali\u00f3 de la v\u00eda M\u00e9xico \u2013 Tampico"},"content":{"rendered":"<aside class=\"mashsb-container mashsb-main mashsb-stretched\"><div class=\"mashsb-box\"><div class=\"mashsb-count mash-large\" style=\"float:left\"><div class=\"counts mashsbcount\">49<\/div><span class=\"mashsb-sharetext\">SHARES<\/span><\/div><div class=\"mashsb-buttons\"><a class=\"mashicon-facebook mash-large mash-center mashsb-noshadow\" href=\"https:\/\/www.facebook.com\/sharer.php?u=https%3A%2F%2Fwww.zunoticia.com%2Fnoticias-de-hidalgo%2F2023%2F09%2F08%2Fcoche-se-salio-de-la-via-mexico-tampico%2F\" target=\"_top\" rel=\"nofollow\"><span class=\"icon\"><\/span><span class=\"text\">Share<\/span><\/a><a class=\"mashicon-twitter mash-large mash-center mashsb-noshadow\" href=\"https:\/\/twitter.com\/intent\/tweet?text=&amp;url=https:\/\/www.zunoticia.com\/noticias-de-hidalgo\/2023\/09\/08\/coche-se-salio-de-la-via-mexico-tampico\/\" target=\"_top\" rel=\"nofollow\"><span class=\"icon\"><\/span><span class=\"text\">Tweet<\/span><\/a><div class=\"onoffswitch2 mash-large mashsb-noshadow\" style=\"display:none\"><\/div><\/div>\n            <\/div>\n                <div style=\"clear:both\"><\/div><div class=\"mashsb-toggle-container\"><\/div><\/aside>\n            <!-- Share buttons by mashshare.net - Version: 4.0.47-->\n<p><em>Por Francisco Rosas\/Zunoticia<\/em><\/p>\n\n\n\n<p><strong>Chalma, Ver.-<\/strong> Un autom\u00f3vil que circulaba en la v\u00eda federal M\u00e9xico-Tampico, sufri\u00f3 una estrepitosa salida de camino la noche de este viernes 8 de septiembre.<\/p>\n\n\n\n<p>El accidente ocurri\u00f3 en el tramo de la carretera Huejutla &#8211; Chalma, cerca de conocida gasera y en el percance no hubo personas lesionadas, s\u00f3lo da\u00f1os materiales.<\/p>\n\n\n\n<p>En el sitio, un coche de modelo atrasado de color verde con placas de circulaci\u00f3n del estado de Veracruz, termin\u00f3 afuera de la carpeta asf\u00e1ltica luego de que el conductor perdiera el control del volante en una curva.<\/p>\n\n\n\n<p>Al no haber personas heridas ni da\u00f1os a terceros, la unidad motora fue rescatada por una camioneta y de esta manera la remolcaron a un lugar seguro.<\/p>\n","protected":false},"excerpt":{"rendered":"<p>Por Francisco Rosas\/Zunoticia Chalma, Ver.- Un autom\u00f3vil que circulaba en la v\u00eda federal M\u00e9xico-Tampico, sufri\u00f3 una estrepitosa salida de camino la noche de este viernes 8 de septiembre. El accidente ocurri\u00f3 en el tramo de la carretera Huejutla &#8211; Chalma, cerca de conocida gasera y en el percance no hubo personas lesionadas, s\u00f3lo da\u00f1os materiales.&hellip; <a class=\"more-link\" href=\"https:\/\/www.zunoticia.com\/noticias-de-hidalgo\/2023\/09\/08\/coche-se-salio-de-la-via-mexico-tampico\/\">Seguir leyendo <span class=\"screen-reader-text\">Coche se sali\u00f3 de la v\u00eda M\u00e9xico \u2013 Tampico<\/span><\/a><\/p>\n","protected":false},"author":12,"featured_media":502638,"comment_status":"closed","ping_status":"open","sticky":false,"template":"","format":"standard","meta":{"rop_custom_images_group":[],"rop_custom_messages_group":[],"rop_publish_now":"initial","rop_publish_now_accounts":{"facebook_10159540855086992_322828327761733":""},"rop_publish_now_history":[],"rop_publish_now_status":"pending","footnotes":""},"categories":[177],"tags":[215],"class_list":["post-502648","post","type-post","status-publish","format-standard","has-post-thumbnail","hentry","category-deportes","tag-deportes","entry"],"_links":{"self":[{"href":"https:\/\/www.zunoticia.com\/noticias-de-hidalgo\/wp-json\/wp\/v2\/posts\/502648","targetHints":{"allow":["GET"]}}],"collection":[{"href":"https:\/\/www.zunoticia.com\/noticias-de-hidalgo\/wp-json\/wp\/v2\/posts"}],"about":[{"href":"https:\/\/www.zunoticia.com\/noticias-de-hidalgo\/wp-json\/wp\/v2\/types\/post"}],"author":[{"embeddable":true,"href":"https:\/\/www.zunoticia.com\/noticias-de-hidalgo\/wp-json\/wp\/v2\/users\/12"}],"replies":[{"embeddable":true,"href":"https:\/\/www.zunoticia.com\/noticias-de-hidalgo\/wp-json\/wp\/v2\/comments?post=502648"}],"version-history":[{"count":1,"href":"https:\/\/www.zunoticia.com\/noticias-de-hidalgo\/wp-json\/wp\/v2\/posts\/502648\/revisions"}],"predecessor-version":[{"id":502656,"href":"https:\/\/www.zunoticia.com\/noticias-de-hidalgo\/wp-json\/wp\/v2\/posts\/502648\/revisions\/502656"}],"wp:featuredmedia":[{"embeddable":true,"href":"https:\/\/www.zunoticia.com\/noticias-de-hidalgo\/wp-json\/wp\/v2\/media\/502638"}],"wp:attachment":[{"href":"https:\/\/www.zunoticia.com\/noticias-de-hidalgo\/wp-json\/wp\/v2\/media?parent=502648"}],"wp:term":[{"taxonomy":"category","embeddable":true,"href":"https:\/\/www.zunoticia.com\/noticias-de-hidalgo\/wp-json\/wp\/v2\/categories?post=502648"},{"taxonomy":"post_tag","embeddable":true,"href":"https:\/\/www.zunoticia.com\/noticias-de-hidalgo\/wp-json\/wp\/v2\/tags?post=502648"}],"curies":[{"name":"wp","href":"https:\/\/api.w.org\/{rel}","templated":true}]}}