{"id":503664,"date":"2023-09-15T17:48:26","date_gmt":"2023-09-15T23:48:26","guid":{"rendered":"https:\/\/www.zunoticia.com\/noticias-de-hidalgo\/?p=503664"},"modified":"2023-09-15T17:48:27","modified_gmt":"2023-09-15T23:48:27","slug":"realizaron-desfile-patrio","status":"publish","type":"post","link":"https:\/\/www.zunoticia.com\/noticias-de-hidalgo\/2023\/09\/15\/realizaron-desfile-patrio\/","title":{"rendered":"Realizaron desfile patrio"},"content":{"rendered":"<aside class=\"mashsb-container mashsb-main mashsb-stretched\"><div class=\"mashsb-box\"><div class=\"mashsb-count mash-large\" style=\"float:left\"><div class=\"counts mashsbcount\">0<\/div><span class=\"mashsb-sharetext\">SHARES<\/span><\/div><div class=\"mashsb-buttons\"><a class=\"mashicon-facebook mash-large mash-center mashsb-noshadow\" href=\"https:\/\/www.facebook.com\/sharer.php?u=https%3A%2F%2Fwww.zunoticia.com%2Fnoticias-de-hidalgo%2F2023%2F09%2F15%2Frealizaron-desfile-patrio%2F\" target=\"_top\" rel=\"nofollow\"><span class=\"icon\"><\/span><span class=\"text\">Share<\/span><\/a><a class=\"mashicon-twitter mash-large mash-center mashsb-noshadow\" href=\"https:\/\/twitter.com\/intent\/tweet?text=&amp;url=https:\/\/www.zunoticia.com\/noticias-de-hidalgo\/2023\/09\/15\/realizaron-desfile-patrio\/\" target=\"_top\" rel=\"nofollow\"><span class=\"icon\"><\/span><span class=\"text\">Tweet<\/span><\/a><div class=\"onoffswitch2 mash-large mashsb-noshadow\" style=\"display:none\"><\/div><\/div>\n            <\/div>\n                <div style=\"clear:both\"><\/div><div class=\"mashsb-toggle-container\"><\/div><\/aside>\n            <!-- Share buttons by mashshare.net - Version: 4.0.47-->\n<p><em>Por \u00c1ngel Silverio\/Zunoticia<\/em><\/p>\n\n\n\n<p><strong>Jaltoc\u00e1n, Hgo.-<\/strong>&nbsp; En el marco del 213 Aniversario del Grito de Independencia de nuestro pa\u00eds, este viernes, instituciones educativas y autoridades municipales conmemoraron esta fecha, llevando a cabo los honores correspondientes al l\u00e1baro patrio, as\u00ed como tambi\u00e9n realizaron un desfile por las calles del municipio.<\/p>\n\n\n\n<p>Con motivo de las fiesta patrias, las autoridades educativas y municipales se dieron cita en tan importante evento, as\u00ed mismo, se realiz\u00f3 el desfile donde tuvieron participaci\u00f3n las diferentes instituciones educativas de la cabecera municipal.<\/p>\n\n\n\n<p>Ah\u00ed se hizo una rese\u00f1a de la importancia de estas fechas para los mexicanos y del porqu\u00e9 se deben de celebrar, pues la libertad de la que hoy gozan los mexicanos se debe a esa lucha de Independencia que se gest\u00f3 hace 213 a\u00f1os por el cura Miguel Hidalgo y Costilla, as\u00ed como los dem\u00e1s h\u00e9roes que dieron patria al pa\u00eds.<\/p>\n\n\n\n<p>Posterior al desfile se realiz\u00f3 un acto solemne en la explanada municipal, donde se rindieron honores a los h\u00e9roes patrios; este s\u00e1bado tambi\u00e9n se habr\u00e1 de realizar actividades c\u00edvico culturales por lo que invitan a la poblaci\u00f3n a participar.<\/p>\n","protected":false},"excerpt":{"rendered":"<p>Por \u00c1ngel Silverio\/Zunoticia Jaltoc\u00e1n, Hgo.-&nbsp; En el marco del 213 Aniversario del Grito de Independencia de nuestro pa\u00eds, este viernes, instituciones educativas y autoridades municipales conmemoraron esta fecha, llevando a cabo los honores correspondientes al l\u00e1baro patrio, as\u00ed como tambi\u00e9n realizaron un desfile por las calles del municipio. Con motivo de las fiesta patrias, las&hellip; <a class=\"more-link\" href=\"https:\/\/www.zunoticia.com\/noticias-de-hidalgo\/2023\/09\/15\/realizaron-desfile-patrio\/\">Seguir leyendo <span class=\"screen-reader-text\">Realizaron desfile patrio<\/span><\/a><\/p>\n","protected":false},"author":20,"featured_media":503665,"comment_status":"closed","ping_status":"open","sticky":false,"template":"","format":"standard","meta":{"rop_custom_images_group":[],"rop_custom_messages_group":[],"rop_publish_now":"initial","rop_publish_now_accounts":{"facebook_10159540855086992_322828327761733":""},"rop_publish_now_history":[],"rop_publish_now_status":"pending","footnotes":""},"categories":[200],"tags":[131],"class_list":["post-503664","post","type-post","status-publish","format-standard","has-post-thumbnail","hentry","category-jaltocan","tag-jaltocan","entry"],"_links":{"self":[{"href":"https:\/\/www.zunoticia.com\/noticias-de-hidalgo\/wp-json\/wp\/v2\/posts\/503664","targetHints":{"allow":["GET"]}}],"collection":[{"href":"https:\/\/www.zunoticia.com\/noticias-de-hidalgo\/wp-json\/wp\/v2\/posts"}],"about":[{"href":"https:\/\/www.zunoticia.com\/noticias-de-hidalgo\/wp-json\/wp\/v2\/types\/post"}],"author":[{"embeddable":true,"href":"https:\/\/www.zunoticia.com\/noticias-de-hidalgo\/wp-json\/wp\/v2\/users\/20"}],"replies":[{"embeddable":true,"href":"https:\/\/www.zunoticia.com\/noticias-de-hidalgo\/wp-json\/wp\/v2\/comments?post=503664"}],"version-history":[{"count":1,"href":"https:\/\/www.zunoticia.com\/noticias-de-hidalgo\/wp-json\/wp\/v2\/posts\/503664\/revisions"}],"predecessor-version":[{"id":503666,"href":"https:\/\/www.zunoticia.com\/noticias-de-hidalgo\/wp-json\/wp\/v2\/posts\/503664\/revisions\/503666"}],"wp:featuredmedia":[{"embeddable":true,"href":"https:\/\/www.zunoticia.com\/noticias-de-hidalgo\/wp-json\/wp\/v2\/media\/503665"}],"wp:attachment":[{"href":"https:\/\/www.zunoticia.com\/noticias-de-hidalgo\/wp-json\/wp\/v2\/media?parent=503664"}],"wp:term":[{"taxonomy":"category","embeddable":true,"href":"https:\/\/www.zunoticia.com\/noticias-de-hidalgo\/wp-json\/wp\/v2\/categories?post=503664"},{"taxonomy":"post_tag","embeddable":true,"href":"https:\/\/www.zunoticia.com\/noticias-de-hidalgo\/wp-json\/wp\/v2\/tags?post=503664"}],"curies":[{"name":"wp","href":"https:\/\/api.w.org\/{rel}","templated":true}]}}