{"id":503776,"date":"2023-09-17T13:11:42","date_gmt":"2023-09-17T19:11:42","guid":{"rendered":"https:\/\/www.zunoticia.com\/noticias-de-hidalgo\/?p=503776"},"modified":"2023-09-17T13:11:44","modified_gmt":"2023-09-17T19:11:44","slug":"con-desfile-civico-militar-huejutla-conmemora-lucha-libertaria-en-mexico","status":"publish","type":"post","link":"https:\/\/www.zunoticia.com\/noticias-de-hidalgo\/2023\/09\/17\/con-desfile-civico-militar-huejutla-conmemora-lucha-libertaria-en-mexico\/","title":{"rendered":"Con desfile c\u00edvico &#8211; militar, Huejutla conmemora lucha libertaria en M\u00e9xico"},"content":{"rendered":"<aside class=\"mashsb-container mashsb-main mashsb-stretched\"><div class=\"mashsb-box\"><div class=\"mashsb-count mash-large\" style=\"float:left\"><div class=\"counts mashsbcount\">58<\/div><span class=\"mashsb-sharetext\">SHARES<\/span><\/div><div class=\"mashsb-buttons\"><a class=\"mashicon-facebook mash-large mash-center mashsb-noshadow\" href=\"https:\/\/www.facebook.com\/sharer.php?u=https%3A%2F%2Fwww.zunoticia.com%2Fnoticias-de-hidalgo%2F2023%2F09%2F17%2Fcon-desfile-civico-militar-huejutla-conmemora-lucha-libertaria-en-mexico%2F\" target=\"_top\" rel=\"nofollow\"><span class=\"icon\"><\/span><span class=\"text\">Share<\/span><\/a><a class=\"mashicon-twitter mash-large mash-center mashsb-noshadow\" href=\"https:\/\/twitter.com\/intent\/tweet?text=&amp;url=https:\/\/www.zunoticia.com\/noticias-de-hidalgo\/2023\/09\/17\/con-desfile-civico-militar-huejutla-conmemora-lucha-libertaria-en-mexico\/\" target=\"_top\" rel=\"nofollow\"><span class=\"icon\"><\/span><span class=\"text\">Tweet<\/span><\/a><div class=\"onoffswitch2 mash-large mashsb-noshadow\" style=\"display:none\"><\/div><\/div>\n            <\/div>\n                <div style=\"clear:both\"><\/div><div class=\"mashsb-toggle-container\"><\/div><\/aside>\n            <!-- Share buttons by mashshare.net - Version: 4.0.47-->\n<p><em>Por Redacci\u00f3n\/Zunoticia<\/em><\/p>\n\n\n\n<p><strong>Huejutla, Hgo.-<\/strong> Con la participaci\u00f3n de personal del Ej\u00e9rcito Mexicano adscrito al 84 Batall\u00f3n de Infanter\u00eda, 15 escuelas primarias y 5 secundarias, el Heroico Cuerpo de Bomberos, Cruz Roja Mexicana Delegaci\u00f3n Huejutla, Departamento de Limpia P\u00fablica y un grupo de Cabalgantes, en Huejutla de Reyes se llev\u00f3 a cabo el desfile c\u00edvico &#8211; militar alusivo al 213 aniversario del inicio de la lucha independentista en M\u00e9xico.<\/p>\n\n\n\n<figure class=\"wp-block-image size-large\"><img fetchpriority=\"high\" decoding=\"async\" width=\"1024\" height=\"682\" src=\"https:\/\/www.zunoticia.com\/noticias-de-hidalgo\/wp-content\/uploads\/2023\/09\/eZy-Watermark-17-09-2023-11-26-13-4550a.m.-1024x682.jpg\" alt=\"\" class=\"wp-image-503788\" srcset=\"https:\/\/www.zunoticia.com\/noticias-de-hidalgo\/wp-content\/uploads\/2023\/09\/eZy-Watermark-17-09-2023-11-26-13-4550a.m.-1024x682.jpg 1024w, https:\/\/www.zunoticia.com\/noticias-de-hidalgo\/wp-content\/uploads\/2023\/09\/eZy-Watermark-17-09-2023-11-26-13-4550a.m.-300x200.jpg 300w, https:\/\/www.zunoticia.com\/noticias-de-hidalgo\/wp-content\/uploads\/2023\/09\/eZy-Watermark-17-09-2023-11-26-13-4550a.m.-768x512.jpg 768w, https:\/\/www.zunoticia.com\/noticias-de-hidalgo\/wp-content\/uploads\/2023\/09\/eZy-Watermark-17-09-2023-11-26-13-4550a.m..jpg 1280w\" sizes=\"(max-width: 1024px) 100vw, 1024px\" \/><\/figure>\n\n\n\n<p>Como ya es costumbre, los contingentes partieron desde la Plazuela Ju\u00e1rez de la colonia Ju\u00e1rez hasta la zona Centro de la ciudad, en donde aguardaban impacientes cientos de huejutlenses que se concentraron a los costados de la calle Plaza de la Revoluci\u00f3n para admirar este despliegue de instituciones educativas, corporaciones y sociedad civil.<\/p>\n\n\n\n<figure class=\"wp-block-image size-large\"><img decoding=\"async\" width=\"1024\" height=\"682\" src=\"https:\/\/www.zunoticia.com\/noticias-de-hidalgo\/wp-content\/uploads\/2023\/09\/eZy-Watermark-17-09-2023-11-25-05-2410a.m.-1024x682.jpg\" alt=\"\" class=\"wp-image-503789\" srcset=\"https:\/\/www.zunoticia.com\/noticias-de-hidalgo\/wp-content\/uploads\/2023\/09\/eZy-Watermark-17-09-2023-11-25-05-2410a.m.-1024x682.jpg 1024w, https:\/\/www.zunoticia.com\/noticias-de-hidalgo\/wp-content\/uploads\/2023\/09\/eZy-Watermark-17-09-2023-11-25-05-2410a.m.-300x200.jpg 300w, https:\/\/www.zunoticia.com\/noticias-de-hidalgo\/wp-content\/uploads\/2023\/09\/eZy-Watermark-17-09-2023-11-25-05-2410a.m.-768x512.jpg 768w, https:\/\/www.zunoticia.com\/noticias-de-hidalgo\/wp-content\/uploads\/2023\/09\/eZy-Watermark-17-09-2023-11-25-05-2410a.m..jpg 1280w\" sizes=\"(max-width: 1024px) 100vw, 1024px\" \/><\/figure>\n\n\n\n<p>En el pres\u00eddium que se instal\u00f3 frente a la Presidencia Municipal, destac\u00f3 la presencia de Daniel Andrade Zurutuza, Presidente Municipal de Huejutla, qui\u00e9n en compa\u00f1\u00eda de Carol Guadalupe Lara Flores, Presidenta del Sistema DIF Huejutla, el Coronel de Infanter\u00eda Diplomado del Estado Mayor, Jos\u00e9 F\u00e9lix Ortiz L\u00f3pez, Comandante del 84 Batall\u00f3n de Infanter\u00eda, integrantes de la Honorable Asamblea Municipal, directores de \u00e1rea en el gobierno local e invitados especiales, fue testigo de principio a fin de este ejercicio con el que se honr\u00f3 la memoria de qui\u00e9nes iniciaron la lucha libertaria hace m\u00e1s de dos siglos en nuestro pa\u00eds.<\/p>\n\n\n\n<figure class=\"wp-block-image size-large\"><img decoding=\"async\" width=\"1024\" height=\"682\" src=\"https:\/\/www.zunoticia.com\/noticias-de-hidalgo\/wp-content\/uploads\/2023\/09\/eZy-Watermark-17-09-2023-11-26-54-5290a.m.-1024x682.jpg\" alt=\"\" class=\"wp-image-503787\" srcset=\"https:\/\/www.zunoticia.com\/noticias-de-hidalgo\/wp-content\/uploads\/2023\/09\/eZy-Watermark-17-09-2023-11-26-54-5290a.m.-1024x682.jpg 1024w, https:\/\/www.zunoticia.com\/noticias-de-hidalgo\/wp-content\/uploads\/2023\/09\/eZy-Watermark-17-09-2023-11-26-54-5290a.m.-300x200.jpg 300w, https:\/\/www.zunoticia.com\/noticias-de-hidalgo\/wp-content\/uploads\/2023\/09\/eZy-Watermark-17-09-2023-11-26-54-5290a.m.-768x511.jpg 768w, https:\/\/www.zunoticia.com\/noticias-de-hidalgo\/wp-content\/uploads\/2023\/09\/eZy-Watermark-17-09-2023-11-26-54-5290a.m..jpg 1280w\" sizes=\"(max-width: 1024px) 100vw, 1024px\" \/><\/figure>\n\n\n\n<p>Como se coment\u00f3, dentro de los contingentes que desfilaron, se tuvo la participaci\u00f3n de personal del Departamento de Limpia P\u00fablica, concretamente del grupo de barrenderas que en representaci\u00f3n de qui\u00e9nes forman parte de esa importante \u00e1rea del Gobierno Municipal, recibieron una ovaci\u00f3n de pie de parte de las autoridades presentes y&nbsp; de la mayor\u00eda de los asistentes que de esa manera reconocieron el gran trabajo que llevan a cabo en favor de la poblaci\u00f3n, sin dejar de mencionar el detalle que tuvo el alcalde al rendirles un merecido homenaje por el gran trabajo que desempe\u00f1an d\u00eda con d\u00eda.<\/p>\n\n\n\n<figure class=\"wp-block-image size-large\"><img loading=\"lazy\" decoding=\"async\" width=\"1024\" height=\"682\" src=\"https:\/\/www.zunoticia.com\/noticias-de-hidalgo\/wp-content\/uploads\/2023\/09\/eZy-Watermark-17-09-2023-11-27-31-5250a.m.-1024x682.jpg\" alt=\"\" class=\"wp-image-503786\" srcset=\"https:\/\/www.zunoticia.com\/noticias-de-hidalgo\/wp-content\/uploads\/2023\/09\/eZy-Watermark-17-09-2023-11-27-31-5250a.m.-1024x682.jpg 1024w, https:\/\/www.zunoticia.com\/noticias-de-hidalgo\/wp-content\/uploads\/2023\/09\/eZy-Watermark-17-09-2023-11-27-31-5250a.m.-300x200.jpg 300w, https:\/\/www.zunoticia.com\/noticias-de-hidalgo\/wp-content\/uploads\/2023\/09\/eZy-Watermark-17-09-2023-11-27-31-5250a.m.-768x511.jpg 768w, https:\/\/www.zunoticia.com\/noticias-de-hidalgo\/wp-content\/uploads\/2023\/09\/eZy-Watermark-17-09-2023-11-27-31-5250a.m..jpg 1280w\" sizes=\"(max-width: 1024px) 100vw, 1024px\" \/><\/figure>\n\n\n\n<p>Fundamental fue la participaci\u00f3n de las y los j\u00f3venes del Servicio Militar Nacional (SMN), que hicieron valla en parte de la calle Plaza de la Revoluci\u00f3n, a fin de evitar que la poblaci\u00f3n obstaculizara el paso de los contingentes que durante la tarde del s\u00e1bado 16 de septiembre marcharon por las calles de la ciudad en esta actividad que culmin\u00f3 sin&nbsp;contratiempos.<\/p>\n\n\n\n<figure class=\"wp-block-image size-large\"><img loading=\"lazy\" decoding=\"async\" width=\"1024\" height=\"682\" src=\"https:\/\/www.zunoticia.com\/noticias-de-hidalgo\/wp-content\/uploads\/2023\/09\/eZy-Watermark-17-09-2023-11-27-54-3430a.m.-1024x682.jpg\" alt=\"\" class=\"wp-image-503785\" srcset=\"https:\/\/www.zunoticia.com\/noticias-de-hidalgo\/wp-content\/uploads\/2023\/09\/eZy-Watermark-17-09-2023-11-27-54-3430a.m.-1024x682.jpg 1024w, https:\/\/www.zunoticia.com\/noticias-de-hidalgo\/wp-content\/uploads\/2023\/09\/eZy-Watermark-17-09-2023-11-27-54-3430a.m.-300x200.jpg 300w, https:\/\/www.zunoticia.com\/noticias-de-hidalgo\/wp-content\/uploads\/2023\/09\/eZy-Watermark-17-09-2023-11-27-54-3430a.m.-768x511.jpg 768w, https:\/\/www.zunoticia.com\/noticias-de-hidalgo\/wp-content\/uploads\/2023\/09\/eZy-Watermark-17-09-2023-11-27-54-3430a.m..jpg 1280w\" sizes=\"(max-width: 1024px) 100vw, 1024px\" \/><\/figure>\n\n\n\n<figure class=\"wp-block-image size-large\"><img loading=\"lazy\" decoding=\"async\" width=\"1024\" height=\"682\" src=\"https:\/\/www.zunoticia.com\/noticias-de-hidalgo\/wp-content\/uploads\/2023\/09\/eZy-Watermark-17-09-2023-11-28-14-1430a.m.-1024x682.jpg\" alt=\"\" class=\"wp-image-503784\" srcset=\"https:\/\/www.zunoticia.com\/noticias-de-hidalgo\/wp-content\/uploads\/2023\/09\/eZy-Watermark-17-09-2023-11-28-14-1430a.m.-1024x682.jpg 1024w, https:\/\/www.zunoticia.com\/noticias-de-hidalgo\/wp-content\/uploads\/2023\/09\/eZy-Watermark-17-09-2023-11-28-14-1430a.m.-300x200.jpg 300w, https:\/\/www.zunoticia.com\/noticias-de-hidalgo\/wp-content\/uploads\/2023\/09\/eZy-Watermark-17-09-2023-11-28-14-1430a.m.-768x511.jpg 768w, https:\/\/www.zunoticia.com\/noticias-de-hidalgo\/wp-content\/uploads\/2023\/09\/eZy-Watermark-17-09-2023-11-28-14-1430a.m..jpg 1280w\" sizes=\"(max-width: 1024px) 100vw, 1024px\" \/><\/figure>\n\n\n<div class=\"wp-block-image\">\n<figure class=\"aligncenter size-large\"><img loading=\"lazy\" decoding=\"async\" width=\"682\" height=\"1024\" src=\"https:\/\/www.zunoticia.com\/noticias-de-hidalgo\/wp-content\/uploads\/2023\/09\/eZy-Watermark-17-09-2023-11-28-54-6490a.m.-682x1024.jpg\" alt=\"\" class=\"wp-image-503783\" srcset=\"https:\/\/www.zunoticia.com\/noticias-de-hidalgo\/wp-content\/uploads\/2023\/09\/eZy-Watermark-17-09-2023-11-28-54-6490a.m.-682x1024.jpg 682w, https:\/\/www.zunoticia.com\/noticias-de-hidalgo\/wp-content\/uploads\/2023\/09\/eZy-Watermark-17-09-2023-11-28-54-6490a.m.-200x300.jpg 200w, https:\/\/www.zunoticia.com\/noticias-de-hidalgo\/wp-content\/uploads\/2023\/09\/eZy-Watermark-17-09-2023-11-28-54-6490a.m.-768x1154.jpg 768w, https:\/\/www.zunoticia.com\/noticias-de-hidalgo\/wp-content\/uploads\/2023\/09\/eZy-Watermark-17-09-2023-11-28-54-6490a.m..jpg 852w\" sizes=\"(max-width: 682px) 100vw, 682px\" \/><\/figure>\n<\/div>\n\n\n<figure class=\"wp-block-image size-large\"><img loading=\"lazy\" decoding=\"async\" width=\"682\" height=\"1024\" src=\"https:\/\/www.zunoticia.com\/noticias-de-hidalgo\/wp-content\/uploads\/2023\/09\/eZy-Watermark-17-09-2023-11-29-15-7970a.m.-682x1024.jpg\" alt=\"\" class=\"wp-image-503782\" srcset=\"https:\/\/www.zunoticia.com\/noticias-de-hidalgo\/wp-content\/uploads\/2023\/09\/eZy-Watermark-17-09-2023-11-29-15-7970a.m.-682x1024.jpg 682w, https:\/\/www.zunoticia.com\/noticias-de-hidalgo\/wp-content\/uploads\/2023\/09\/eZy-Watermark-17-09-2023-11-29-15-7970a.m.-200x300.jpg 200w, https:\/\/www.zunoticia.com\/noticias-de-hidalgo\/wp-content\/uploads\/2023\/09\/eZy-Watermark-17-09-2023-11-29-15-7970a.m.-768x1154.jpg 768w, https:\/\/www.zunoticia.com\/noticias-de-hidalgo\/wp-content\/uploads\/2023\/09\/eZy-Watermark-17-09-2023-11-29-15-7970a.m..jpg 852w\" sizes=\"(max-width: 682px) 100vw, 682px\" \/><\/figure>\n\n\n\n<figure class=\"wp-block-image size-large\"><img loading=\"lazy\" decoding=\"async\" width=\"1024\" height=\"682\" src=\"https:\/\/www.zunoticia.com\/noticias-de-hidalgo\/wp-content\/uploads\/2023\/09\/eZy-Watermark-17-09-2023-11-29-38-4950a.m.-1024x682.jpg\" alt=\"\" class=\"wp-image-503781\" srcset=\"https:\/\/www.zunoticia.com\/noticias-de-hidalgo\/wp-content\/uploads\/2023\/09\/eZy-Watermark-17-09-2023-11-29-38-4950a.m.-1024x682.jpg 1024w, https:\/\/www.zunoticia.com\/noticias-de-hidalgo\/wp-content\/uploads\/2023\/09\/eZy-Watermark-17-09-2023-11-29-38-4950a.m.-300x200.jpg 300w, https:\/\/www.zunoticia.com\/noticias-de-hidalgo\/wp-content\/uploads\/2023\/09\/eZy-Watermark-17-09-2023-11-29-38-4950a.m.-768x511.jpg 768w, https:\/\/www.zunoticia.com\/noticias-de-hidalgo\/wp-content\/uploads\/2023\/09\/eZy-Watermark-17-09-2023-11-29-38-4950a.m..jpg 1280w\" sizes=\"(max-width: 1024px) 100vw, 1024px\" \/><\/figure>\n\n\n\n<figure class=\"wp-block-image size-large\"><img loading=\"lazy\" decoding=\"async\" width=\"1024\" height=\"682\" src=\"https:\/\/www.zunoticia.com\/noticias-de-hidalgo\/wp-content\/uploads\/2023\/09\/eZy-Watermark-17-09-2023-11-29-56-2130a.m.-1024x682.jpg\" alt=\"\" class=\"wp-image-503780\" srcset=\"https:\/\/www.zunoticia.com\/noticias-de-hidalgo\/wp-content\/uploads\/2023\/09\/eZy-Watermark-17-09-2023-11-29-56-2130a.m.-1024x682.jpg 1024w, https:\/\/www.zunoticia.com\/noticias-de-hidalgo\/wp-content\/uploads\/2023\/09\/eZy-Watermark-17-09-2023-11-29-56-2130a.m.-300x200.jpg 300w, https:\/\/www.zunoticia.com\/noticias-de-hidalgo\/wp-content\/uploads\/2023\/09\/eZy-Watermark-17-09-2023-11-29-56-2130a.m.-768x511.jpg 768w, https:\/\/www.zunoticia.com\/noticias-de-hidalgo\/wp-content\/uploads\/2023\/09\/eZy-Watermark-17-09-2023-11-29-56-2130a.m..jpg 1280w\" sizes=\"(max-width: 1024px) 100vw, 1024px\" \/><\/figure>\n\n\n\n<figure class=\"wp-block-image size-large\"><img loading=\"lazy\" decoding=\"async\" width=\"1024\" height=\"682\" src=\"https:\/\/www.zunoticia.com\/noticias-de-hidalgo\/wp-content\/uploads\/2023\/09\/eZy-Watermark-17-09-2023-11-30-49-0090a.m.-1024x682.jpg\" alt=\"\" class=\"wp-image-503779\" srcset=\"https:\/\/www.zunoticia.com\/noticias-de-hidalgo\/wp-content\/uploads\/2023\/09\/eZy-Watermark-17-09-2023-11-30-49-0090a.m.-1024x682.jpg 1024w, https:\/\/www.zunoticia.com\/noticias-de-hidalgo\/wp-content\/uploads\/2023\/09\/eZy-Watermark-17-09-2023-11-30-49-0090a.m.-300x200.jpg 300w, https:\/\/www.zunoticia.com\/noticias-de-hidalgo\/wp-content\/uploads\/2023\/09\/eZy-Watermark-17-09-2023-11-30-49-0090a.m.-768x511.jpg 768w, https:\/\/www.zunoticia.com\/noticias-de-hidalgo\/wp-content\/uploads\/2023\/09\/eZy-Watermark-17-09-2023-11-30-49-0090a.m..jpg 1280w\" sizes=\"(max-width: 1024px) 100vw, 1024px\" \/><\/figure>\n\n\n<div class=\"wp-block-image\">\n<figure class=\"aligncenter size-large\"><img loading=\"lazy\" decoding=\"async\" width=\"682\" height=\"1024\" src=\"https:\/\/www.zunoticia.com\/noticias-de-hidalgo\/wp-content\/uploads\/2023\/09\/eZy-Watermark-17-09-2023-11-31-28-0090a.m.-682x1024.jpg\" alt=\"\" class=\"wp-image-503777\" srcset=\"https:\/\/www.zunoticia.com\/noticias-de-hidalgo\/wp-content\/uploads\/2023\/09\/eZy-Watermark-17-09-2023-11-31-28-0090a.m.-682x1024.jpg 682w, https:\/\/www.zunoticia.com\/noticias-de-hidalgo\/wp-content\/uploads\/2023\/09\/eZy-Watermark-17-09-2023-11-31-28-0090a.m.-200x300.jpg 200w, https:\/\/www.zunoticia.com\/noticias-de-hidalgo\/wp-content\/uploads\/2023\/09\/eZy-Watermark-17-09-2023-11-31-28-0090a.m.-768x1154.jpg 768w, https:\/\/www.zunoticia.com\/noticias-de-hidalgo\/wp-content\/uploads\/2023\/09\/eZy-Watermark-17-09-2023-11-31-28-0090a.m..jpg 852w\" sizes=\"(max-width: 682px) 100vw, 682px\" \/><\/figure>\n<\/div>","protected":false},"excerpt":{"rendered":"<p>Por Redacci\u00f3n\/Zunoticia Huejutla, Hgo.- Con la participaci\u00f3n de personal del Ej\u00e9rcito Mexicano adscrito al 84 Batall\u00f3n de Infanter\u00eda, 15 escuelas primarias y 5 secundarias, el Heroico Cuerpo de Bomberos, Cruz Roja Mexicana Delegaci\u00f3n Huejutla, Departamento de Limpia P\u00fablica y un grupo de Cabalgantes, en Huejutla de Reyes se llev\u00f3 a cabo el desfile c\u00edvico &#8211;&hellip; <a class=\"more-link\" href=\"https:\/\/www.zunoticia.com\/noticias-de-hidalgo\/2023\/09\/17\/con-desfile-civico-militar-huejutla-conmemora-lucha-libertaria-en-mexico\/\">Seguir leyendo <span class=\"screen-reader-text\">Con desfile c\u00edvico &#8211; militar, Huejutla conmemora lucha libertaria en M\u00e9xico<\/span><\/a><\/p>\n","protected":false},"author":12,"featured_media":503778,"comment_status":"closed","ping_status":"open","sticky":false,"template":"","format":"standard","meta":{"rop_custom_images_group":[],"rop_custom_messages_group":[],"rop_publish_now":"initial","rop_publish_now_accounts":{"facebook_10159540855086992_322828327761733":""},"rop_publish_now_history":[],"rop_publish_now_status":"pending","footnotes":""},"categories":[181],"tags":[121],"class_list":["post-503776","post","type-post","status-publish","format-standard","has-post-thumbnail","hentry","category-huejutla","tag-huejutla","entry"],"_links":{"self":[{"href":"https:\/\/www.zunoticia.com\/noticias-de-hidalgo\/wp-json\/wp\/v2\/posts\/503776","targetHints":{"allow":["GET"]}}],"collection":[{"href":"https:\/\/www.zunoticia.com\/noticias-de-hidalgo\/wp-json\/wp\/v2\/posts"}],"about":[{"href":"https:\/\/www.zunoticia.com\/noticias-de-hidalgo\/wp-json\/wp\/v2\/types\/post"}],"author":[{"embeddable":true,"href":"https:\/\/www.zunoticia.com\/noticias-de-hidalgo\/wp-json\/wp\/v2\/users\/12"}],"replies":[{"embeddable":true,"href":"https:\/\/www.zunoticia.com\/noticias-de-hidalgo\/wp-json\/wp\/v2\/comments?post=503776"}],"version-history":[{"count":1,"href":"https:\/\/www.zunoticia.com\/noticias-de-hidalgo\/wp-json\/wp\/v2\/posts\/503776\/revisions"}],"predecessor-version":[{"id":503790,"href":"https:\/\/www.zunoticia.com\/noticias-de-hidalgo\/wp-json\/wp\/v2\/posts\/503776\/revisions\/503790"}],"wp:featuredmedia":[{"embeddable":true,"href":"https:\/\/www.zunoticia.com\/noticias-de-hidalgo\/wp-json\/wp\/v2\/media\/503778"}],"wp:attachment":[{"href":"https:\/\/www.zunoticia.com\/noticias-de-hidalgo\/wp-json\/wp\/v2\/media?parent=503776"}],"wp:term":[{"taxonomy":"category","embeddable":true,"href":"https:\/\/www.zunoticia.com\/noticias-de-hidalgo\/wp-json\/wp\/v2\/categories?post=503776"},{"taxonomy":"post_tag","embeddable":true,"href":"https:\/\/www.zunoticia.com\/noticias-de-hidalgo\/wp-json\/wp\/v2\/tags?post=503776"}],"curies":[{"name":"wp","href":"https:\/\/api.w.org\/{rel}","templated":true}]}}