{"id":503791,"date":"2023-09-17T13:27:44","date_gmt":"2023-09-17T19:27:44","guid":{"rendered":"https:\/\/www.zunoticia.com\/noticias-de-hidalgo\/?p=503791"},"modified":"2023-09-17T14:42:15","modified_gmt":"2023-09-17T20:42:15","slug":"nubarrones-de-tempestad-en-la-ucla","status":"publish","type":"post","link":"https:\/\/www.zunoticia.com\/noticias-de-hidalgo\/2023\/09\/17\/nubarrones-de-tempestad-en-la-ucla\/","title":{"rendered":"\u00a1Nubarrones de tempestad en la UCLA!"},"content":{"rendered":"<aside class=\"mashsb-container mashsb-main mashsb-stretched\"><div class=\"mashsb-box\"><div class=\"mashsb-count mash-large\" style=\"float:left\"><div class=\"counts mashsbcount\">25<\/div><span class=\"mashsb-sharetext\">SHARES<\/span><\/div><div class=\"mashsb-buttons\"><a class=\"mashicon-facebook mash-large mash-center mashsb-noshadow\" href=\"https:\/\/www.facebook.com\/sharer.php?u=https%3A%2F%2Fwww.zunoticia.com%2Fnoticias-de-hidalgo%2F2023%2F09%2F17%2Fnubarrones-de-tempestad-en-la-ucla%2F\" target=\"_top\" rel=\"nofollow\"><span class=\"icon\"><\/span><span class=\"text\">Share<\/span><\/a><a class=\"mashicon-twitter mash-large mash-center mashsb-noshadow\" href=\"https:\/\/twitter.com\/intent\/tweet?text=&amp;url=https:\/\/www.zunoticia.com\/noticias-de-hidalgo\/2023\/09\/17\/nubarrones-de-tempestad-en-la-ucla\/\" target=\"_top\" rel=\"nofollow\"><span class=\"icon\"><\/span><span class=\"text\">Tweet<\/span><\/a><div class=\"onoffswitch2 mash-large mashsb-noshadow\" style=\"display:none\"><\/div><\/div>\n            <\/div>\n                <div style=\"clear:both\"><\/div><div class=\"mashsb-toggle-container\"><\/div><\/aside>\n            <!-- Share buttons by mashshare.net - Version: 4.0.47-->\n<p><em>Por Salvador Altamirano\/Zunoticia<\/em><\/p>\n\n\n\n<p><strong>Huejutla, Hgo.-<\/strong> Tal como se esperaba por la latente inconformidad predominante en la mayor\u00eda de los comerciantes establecidos en el Mercado Municipal, por la toma violenta de las oficinas de la UCLA por un &#8220;grupito&#8217; liderados por ex &#8211; secretarios de la organizaci\u00f3n, la ma\u00f1ana de este domingo aparecieron esparcidos de manera abundante por doquier en el complejo comercial, volantes, que aunque son de car\u00e1cter ap\u00f3crifo ya est\u00e1n levantando voces de inconformidad, por lo que est\u00e1n siendo considerados por los mismos locatarios, &#8220;nubarrones que presagian tempestad&#8221;.<\/p>\n\n\n<div class=\"wp-block-image\">\n<figure class=\"aligncenter size-large\"><img fetchpriority=\"high\" decoding=\"async\" width=\"768\" height=\"1024\" src=\"https:\/\/www.zunoticia.com\/noticias-de-hidalgo\/wp-content\/uploads\/2023\/09\/eZy-Watermark-17-09-2023-01-13-36-2440p.m.-768x1024.jpg\" alt=\"\" class=\"wp-image-503793\" srcset=\"https:\/\/www.zunoticia.com\/noticias-de-hidalgo\/wp-content\/uploads\/2023\/09\/eZy-Watermark-17-09-2023-01-13-36-2440p.m.-768x1024.jpg 768w, https:\/\/www.zunoticia.com\/noticias-de-hidalgo\/wp-content\/uploads\/2023\/09\/eZy-Watermark-17-09-2023-01-13-36-2440p.m.-225x300.jpg 225w, https:\/\/www.zunoticia.com\/noticias-de-hidalgo\/wp-content\/uploads\/2023\/09\/eZy-Watermark-17-09-2023-01-13-36-2440p.m..jpg 960w\" sizes=\"(max-width: 768px) 100vw, 768px\" \/><\/figure>\n<\/div>\n\n\n<p>En uno de esos panfletos que est\u00e1n en poder de la redacci\u00f3n de esta empresa editora, se expresa que, &#8220;este grupito impidi\u00f3 que se emitiera la convocatoria para elegir al pr\u00f3ximo secretario general por no convenir a sus intereses particulares&#8221;, quienes ya ostentaron el cargo y al concluir su gesti\u00f3n no rindieron cuentas de los ingresos de la UCLA.<\/p>\n\n\n\n<p>Exhibiendo sus nombres (se agrega en el volante), que, &#8220;es necesario y urgente que los comerciantes nos unamos para rescatar al Mercado de estas personas ambiciosas que solo buscan llenar sus bolsillos, quienes llegaron al Mercado Municipal pobres, y despu\u00e9s de haber sido secretarios de la UCLA hoy son grandes empresarios\u201d.<\/p>\n\n\n\n<p>En el mismo contexto, en otro de los volantes aparecen en &#8220;caritas&#8221;, sobre un cuerpo de ratas cargando una talego de dinero, las fotos de cinco integrantes del grupito, con la leyenda &#8220;saqueadores de la UCLA&#8221;.<\/p>\n\n\n<div class=\"wp-block-image\">\n<figure class=\"aligncenter size-large\"><img decoding=\"async\" width=\"768\" height=\"1024\" src=\"https:\/\/www.zunoticia.com\/noticias-de-hidalgo\/wp-content\/uploads\/2023\/09\/eZy-Watermark-17-09-2023-01-13-18-7810p.m.-768x1024.jpg\" alt=\"\" class=\"wp-image-503794\" srcset=\"https:\/\/www.zunoticia.com\/noticias-de-hidalgo\/wp-content\/uploads\/2023\/09\/eZy-Watermark-17-09-2023-01-13-18-7810p.m.-768x1024.jpg 768w, https:\/\/www.zunoticia.com\/noticias-de-hidalgo\/wp-content\/uploads\/2023\/09\/eZy-Watermark-17-09-2023-01-13-18-7810p.m.-225x300.jpg 225w, https:\/\/www.zunoticia.com\/noticias-de-hidalgo\/wp-content\/uploads\/2023\/09\/eZy-Watermark-17-09-2023-01-13-18-7810p.m.-1152x1536.jpg 1152w, https:\/\/www.zunoticia.com\/noticias-de-hidalgo\/wp-content\/uploads\/2023\/09\/eZy-Watermark-17-09-2023-01-13-18-7810p.m..jpg 1200w\" sizes=\"(max-width: 768px) 100vw, 768px\" \/><\/figure>\n<\/div>\n\n\n<p>Es oportuno mencionar que, entre otras de las hojas que aparecieron, se observa al anterior dirigente de la UCLA, Jorge Lara Garc\u00eda, tras las rejas y con la leyenda &#8220;se busca&#8221;, a quien se acusa de malversaci\u00f3n de fondos.<\/p>\n","protected":false},"excerpt":{"rendered":"<p>Por Salvador Altamirano\/Zunoticia Huejutla, Hgo.- Tal como se esperaba por la latente inconformidad predominante en la mayor\u00eda de los comerciantes establecidos en el Mercado Municipal, por la toma violenta de las oficinas de la UCLA por un &#8220;grupito&#8217; liderados por ex &#8211; secretarios de la organizaci\u00f3n, la ma\u00f1ana de este domingo aparecieron esparcidos de manera&hellip; <a class=\"more-link\" href=\"https:\/\/www.zunoticia.com\/noticias-de-hidalgo\/2023\/09\/17\/nubarrones-de-tempestad-en-la-ucla\/\">Seguir leyendo <span class=\"screen-reader-text\">\u00a1Nubarrones de tempestad en la UCLA!<\/span><\/a><\/p>\n","protected":false},"author":12,"featured_media":503792,"comment_status":"closed","ping_status":"open","sticky":false,"template":"","format":"standard","meta":{"rop_custom_images_group":[],"rop_custom_messages_group":[],"rop_publish_now":"initial","rop_publish_now_accounts":{"facebook_10159540855086992_322828327761733":""},"rop_publish_now_history":[],"rop_publish_now_status":"pending","footnotes":""},"categories":[181],"tags":[121],"class_list":["post-503791","post","type-post","status-publish","format-standard","has-post-thumbnail","hentry","category-huejutla","tag-huejutla","entry"],"_links":{"self":[{"href":"https:\/\/www.zunoticia.com\/noticias-de-hidalgo\/wp-json\/wp\/v2\/posts\/503791","targetHints":{"allow":["GET"]}}],"collection":[{"href":"https:\/\/www.zunoticia.com\/noticias-de-hidalgo\/wp-json\/wp\/v2\/posts"}],"about":[{"href":"https:\/\/www.zunoticia.com\/noticias-de-hidalgo\/wp-json\/wp\/v2\/types\/post"}],"author":[{"embeddable":true,"href":"https:\/\/www.zunoticia.com\/noticias-de-hidalgo\/wp-json\/wp\/v2\/users\/12"}],"replies":[{"embeddable":true,"href":"https:\/\/www.zunoticia.com\/noticias-de-hidalgo\/wp-json\/wp\/v2\/comments?post=503791"}],"version-history":[{"count":2,"href":"https:\/\/www.zunoticia.com\/noticias-de-hidalgo\/wp-json\/wp\/v2\/posts\/503791\/revisions"}],"predecessor-version":[{"id":503802,"href":"https:\/\/www.zunoticia.com\/noticias-de-hidalgo\/wp-json\/wp\/v2\/posts\/503791\/revisions\/503802"}],"wp:featuredmedia":[{"embeddable":true,"href":"https:\/\/www.zunoticia.com\/noticias-de-hidalgo\/wp-json\/wp\/v2\/media\/503792"}],"wp:attachment":[{"href":"https:\/\/www.zunoticia.com\/noticias-de-hidalgo\/wp-json\/wp\/v2\/media?parent=503791"}],"wp:term":[{"taxonomy":"category","embeddable":true,"href":"https:\/\/www.zunoticia.com\/noticias-de-hidalgo\/wp-json\/wp\/v2\/categories?post=503791"},{"taxonomy":"post_tag","embeddable":true,"href":"https:\/\/www.zunoticia.com\/noticias-de-hidalgo\/wp-json\/wp\/v2\/tags?post=503791"}],"curies":[{"name":"wp","href":"https:\/\/api.w.org\/{rel}","templated":true}]}}