{"id":503797,"date":"2023-09-17T14:22:27","date_gmt":"2023-09-17T20:22:27","guid":{"rendered":"https:\/\/www.zunoticia.com\/noticias-de-hidalgo\/?p=503797"},"modified":"2023-09-17T14:22:29","modified_gmt":"2023-09-17T20:22:29","slug":"ya-la-inconformidad-llego-a-los-limites-nereo-ramirez","status":"publish","type":"post","link":"https:\/\/www.zunoticia.com\/noticias-de-hidalgo\/2023\/09\/17\/ya-la-inconformidad-llego-a-los-limites-nereo-ramirez\/","title":{"rendered":"&#8220;Ya la inconformidad lleg\u00f3 a los l\u00edmites&#8221;: Nereo Ram\u00edrez"},"content":{"rendered":"<aside class=\"mashsb-container mashsb-main mashsb-stretched\"><div class=\"mashsb-box\"><div class=\"mashsb-count mash-large\" style=\"float:left\"><div class=\"counts mashsbcount\">64<\/div><span class=\"mashsb-sharetext\">SHARES<\/span><\/div><div class=\"mashsb-buttons\"><a class=\"mashicon-facebook mash-large mash-center mashsb-noshadow\" href=\"https:\/\/www.facebook.com\/sharer.php?u=https%3A%2F%2Fwww.zunoticia.com%2Fnoticias-de-hidalgo%2F2023%2F09%2F17%2Fya-la-inconformidad-llego-a-los-limites-nereo-ramirez%2F\" target=\"_top\" rel=\"nofollow\"><span class=\"icon\"><\/span><span class=\"text\">Share<\/span><\/a><a class=\"mashicon-twitter mash-large mash-center mashsb-noshadow\" href=\"https:\/\/twitter.com\/intent\/tweet?text=&amp;url=https:\/\/www.zunoticia.com\/noticias-de-hidalgo\/2023\/09\/17\/ya-la-inconformidad-llego-a-los-limites-nereo-ramirez\/\" target=\"_top\" rel=\"nofollow\"><span class=\"icon\"><\/span><span class=\"text\">Tweet<\/span><\/a><div class=\"onoffswitch2 mash-large mashsb-noshadow\" style=\"display:none\"><\/div><\/div>\n            <\/div>\n                <div style=\"clear:both\"><\/div><div class=\"mashsb-toggle-container\"><\/div><\/aside>\n            <!-- Share buttons by mashshare.net - Version: 4.0.47-->\n<p><em>Por Salvador Altamirano\/Zunoticia<\/em><\/p>\n\n\n\n<p><strong>Huejutla, Hgo.-<\/strong> Ante la aparici\u00f3n en el Mercado Municipal de los que llam\u00f3 &#8220;pasquines&#8217;, Nereo Ram\u00edrez Mart\u00ednez, socio de la Uni\u00f3n de Comerciantes Locatarios y Ambulantes (UCLA), enfatiz\u00f3 que la inconformidad en contra de los actuales &#8220;dirigentes&#8221; de la organizaci\u00f3n lleg\u00f3 a los l\u00edmites.<\/p>\n\n\n\n<p>Subray\u00f3 que, por tal motivo, es momento de que emitan la convocatoria para elegir por asamblea general, de manera democr\u00e1tica, al pr\u00f3ximo secretario de la UCLA, pero, de manera democr\u00e1tica, aclar\u00f3, no un &#8220;candidato de unidad&#8221; como ellos mismos pretenden.<\/p>\n\n\n\n<p>Agreg\u00f3 que, no es correcto que quieran imponer a un dirigente, \u201cque sea por asamblea general\u201d, reiter\u00f3, ya que el Mercado Municipal es de todos los comerciantes y no de un &#8220;grupito&#8221; en especial, por los que no tienen el derecho ni la facultad para decidir qui\u00e9n si y qui\u00e9n no.<\/p>\n\n\n\n<p>Rememor\u00f3 que, en fecha reciente, cuando a\u00fan era dirigente de la organizaci\u00f3n Jorge Lara Garc\u00eda, emiti\u00f3 la convocatoria para que el pasado mes de agosto se llevar\u00e1 a cabo la elecci\u00f3n, pero ese grupo lo presion\u00f3 para que la revocara, y ahora pretenden imponer de manera sospechosa un candidato de unidad.<\/p>\n\n\n\n<p>Para finalizar, Ram\u00edrez Mart\u00ednez subray\u00f3 que, su inter\u00e9s para que se elija a un representante, como lo expresa la palabra en toda su extensi\u00f3n, es para que los &#8220;represente a todos&#8221;, no nada m\u00e1s a un grupo como ha sucedido con los anteriores secretarios, que nunca nos han tomado en cuenta a quienes laboramos, dijo, en la zona del laminado, que tambi\u00e9n es sector del Mercado Municipal.<\/p>\n","protected":false},"excerpt":{"rendered":"<p>Por Salvador Altamirano\/Zunoticia Huejutla, Hgo.- Ante la aparici\u00f3n en el Mercado Municipal de los que llam\u00f3 &#8220;pasquines&#8217;, Nereo Ram\u00edrez Mart\u00ednez, socio de la Uni\u00f3n de Comerciantes Locatarios y Ambulantes (UCLA), enfatiz\u00f3 que la inconformidad en contra de los actuales &#8220;dirigentes&#8221; de la organizaci\u00f3n lleg\u00f3 a los l\u00edmites. Subray\u00f3 que, por tal motivo, es momento de&hellip; <a class=\"more-link\" href=\"https:\/\/www.zunoticia.com\/noticias-de-hidalgo\/2023\/09\/17\/ya-la-inconformidad-llego-a-los-limites-nereo-ramirez\/\">Seguir leyendo <span class=\"screen-reader-text\">&#8220;Ya la inconformidad lleg\u00f3 a los l\u00edmites&#8221;: Nereo Ram\u00edrez<\/span><\/a><\/p>\n","protected":false},"author":12,"featured_media":503798,"comment_status":"closed","ping_status":"open","sticky":false,"template":"","format":"standard","meta":{"rop_custom_images_group":[],"rop_custom_messages_group":[],"rop_publish_now":"initial","rop_publish_now_accounts":{"facebook_10159540855086992_322828327761733":""},"rop_publish_now_history":[],"rop_publish_now_status":"pending","footnotes":""},"categories":[181],"tags":[121],"class_list":["post-503797","post","type-post","status-publish","format-standard","has-post-thumbnail","hentry","category-huejutla","tag-huejutla","entry"],"_links":{"self":[{"href":"https:\/\/www.zunoticia.com\/noticias-de-hidalgo\/wp-json\/wp\/v2\/posts\/503797","targetHints":{"allow":["GET"]}}],"collection":[{"href":"https:\/\/www.zunoticia.com\/noticias-de-hidalgo\/wp-json\/wp\/v2\/posts"}],"about":[{"href":"https:\/\/www.zunoticia.com\/noticias-de-hidalgo\/wp-json\/wp\/v2\/types\/post"}],"author":[{"embeddable":true,"href":"https:\/\/www.zunoticia.com\/noticias-de-hidalgo\/wp-json\/wp\/v2\/users\/12"}],"replies":[{"embeddable":true,"href":"https:\/\/www.zunoticia.com\/noticias-de-hidalgo\/wp-json\/wp\/v2\/comments?post=503797"}],"version-history":[{"count":1,"href":"https:\/\/www.zunoticia.com\/noticias-de-hidalgo\/wp-json\/wp\/v2\/posts\/503797\/revisions"}],"predecessor-version":[{"id":503799,"href":"https:\/\/www.zunoticia.com\/noticias-de-hidalgo\/wp-json\/wp\/v2\/posts\/503797\/revisions\/503799"}],"wp:featuredmedia":[{"embeddable":true,"href":"https:\/\/www.zunoticia.com\/noticias-de-hidalgo\/wp-json\/wp\/v2\/media\/503798"}],"wp:attachment":[{"href":"https:\/\/www.zunoticia.com\/noticias-de-hidalgo\/wp-json\/wp\/v2\/media?parent=503797"}],"wp:term":[{"taxonomy":"category","embeddable":true,"href":"https:\/\/www.zunoticia.com\/noticias-de-hidalgo\/wp-json\/wp\/v2\/categories?post=503797"},{"taxonomy":"post_tag","embeddable":true,"href":"https:\/\/www.zunoticia.com\/noticias-de-hidalgo\/wp-json\/wp\/v2\/tags?post=503797"}],"curies":[{"name":"wp","href":"https:\/\/api.w.org\/{rel}","templated":true}]}}