{"id":503800,"date":"2023-09-17T14:26:24","date_gmt":"2023-09-17T20:26:24","guid":{"rendered":"https:\/\/www.zunoticia.com\/noticias-de-hidalgo\/?p=503800"},"modified":"2023-09-17T14:26:25","modified_gmt":"2023-09-17T20:26:25","slug":"en-el-infonavit-paga-menos-quien-menos-gana-canek-vazquez","status":"publish","type":"post","link":"https:\/\/www.zunoticia.com\/noticias-de-hidalgo\/2023\/09\/17\/en-el-infonavit-paga-menos-quien-menos-gana-canek-vazquez\/","title":{"rendered":"En el Infonavit, paga menos quien menos gana: Canek V\u00e1zquez"},"content":{"rendered":"<aside class=\"mashsb-container mashsb-main mashsb-stretched\"><div class=\"mashsb-box\"><div class=\"mashsb-count mash-large\" style=\"float:left\"><div class=\"counts mashsbcount\">0<\/div><span class=\"mashsb-sharetext\">SHARES<\/span><\/div><div class=\"mashsb-buttons\"><a class=\"mashicon-facebook mash-large mash-center mashsb-noshadow\" href=\"https:\/\/www.facebook.com\/sharer.php?u=https%3A%2F%2Fwww.zunoticia.com%2Fnoticias-de-hidalgo%2F2023%2F09%2F17%2Fen-el-infonavit-paga-menos-quien-menos-gana-canek-vazquez%2F\" target=\"_top\" rel=\"nofollow\"><span class=\"icon\"><\/span><span class=\"text\">Share<\/span><\/a><a class=\"mashicon-twitter mash-large mash-center mashsb-noshadow\" href=\"https:\/\/twitter.com\/intent\/tweet?text=&amp;url=https:\/\/www.zunoticia.com\/noticias-de-hidalgo\/2023\/09\/17\/en-el-infonavit-paga-menos-quien-menos-gana-canek-vazquez\/\" target=\"_top\" rel=\"nofollow\"><span class=\"icon\"><\/span><span class=\"text\">Tweet<\/span><\/a><div class=\"onoffswitch2 mash-large mashsb-noshadow\" style=\"display:none\"><\/div><\/div>\n            <\/div>\n                <div style=\"clear:both\"><\/div><div class=\"mashsb-toggle-container\"><\/div><\/aside>\n            <!-- Share buttons by mashshare.net - Version: 4.0.47-->\n<ul class=\"wp-block-list\">\n<li>Reduce tu mensualidad si tienes dificultad para pagar.<\/li>\n\n\n\n<li>Con el Dictamen de Capacidad de Pago puedes obtener una disminuci\u00f3n durante 12 meses.<\/li>\n<\/ul>\n\n\n\n<p><em>Por Redacci\u00f3n\/Zunoticia<\/em><\/p>\n\n\n\n<p><strong>Pachuca, Hgo.-<\/strong> En el marco de los programas lanzados por el Instituto del Fondo Nacional de la Vivienda para los Trabajadores (Infonavit) para facilitar a las y los trabajadores el pago de sus cr\u00e9ditos, el Delegado Regional del en Hidalgo, Canek V\u00e1zquez dio a conocer la opci\u00f3n del Dictamen de Capacidad de Pago que busca apoyar a las y los acreditados en momentos de dificultad financiera.<\/p>\n\n\n\n<p>\u201cSin importar si tu cr\u00e9dito est\u00e1 en Veces Salario M\u00ednimo (VSM) o en pesos, puedes solicitar un Dictamen de Capacidad de Pago, esto es un c\u00e1lculo que realiza el Infonavit para saber cu\u00e1nto dinero puedes pagar en caso de que tus ingresos se hayan reducido y as\u00ed ajustar tu mensualidad para que mantengas tu cr\u00e9dito al corriente\u201d, agreg\u00f3 el representante del Infonavit.<\/p>\n\n\n\n<p>El Delegado Regional, explic\u00f3 que \u201cel Dictamen se puede solicitar cuando los ingresos de la o el acreditado hayan bajado y ya no es posible pagar la mensualidad completa o cuando no se cuenta con una relaci\u00f3n de trabajo formal vigente y se hacen pagos por cuenta propia. Tambi\u00e9n se puede solicitar en el caso de que haya pasado al menos un a\u00f1o de haber obtenido su cr\u00e9dito y cuando ya se utilizaron los seis meses de gracia del Fondo de Protecci\u00f3n de Pagos conocido como Seguro de Desempleo.\u201d<\/p>\n\n\n\n<p>Canek V\u00e1zquez inform\u00f3 a las y los acreditados que \u201csi cumplen con alguna de estas caracter\u00edsticas, el Infonavit har\u00e1 una reducci\u00f3n en su mensualidad durante 12 meses, con base en un an\u00e1lisis de los ingresos y gastos, y dependiendo del resultado del dictamen, la o el acreditado pagar\u00e1 la parte de la mensualidad que le sea posible y el Infonavit apoyar\u00e1 con el resto, siempre y cuando se cumpla con los pagos pactados ya que, de no ser as\u00ed, el apoyo ser\u00e1 retirado.\u201d<\/p>\n\n\n\n<p>Finalmente, Canek V\u00e1zquez invit\u00f3 a las y los acreditados interesados en este beneficio a dirigirse al \u00e1rea de cobranza de la Delegaci\u00f3n Regional del Infonavit, ubicada en Zona Plateada, en Pachuca, con su n\u00famero de Seguridad Social (NSS) o n\u00famero de cr\u00e9dito, identificaci\u00f3n oficial en original y copia y comprobante de domicilio con una vigencia no mayor a 3 meses en original y copia, o en su caso, a tramitarlo a trav\u00e9s de Mi Cuenta Infonavit (micuentainfonavit.org.mx\/), en la secci\u00f3n Mi cr\u00e9dito, en el apartado Solicitud de reestructura.<\/p>\n","protected":false},"excerpt":{"rendered":"<p>Por Redacci\u00f3n\/Zunoticia Pachuca, Hgo.- En el marco de los programas lanzados por el Instituto del Fondo Nacional de la Vivienda para los Trabajadores (Infonavit) para facilitar a las y los trabajadores el pago de sus cr\u00e9ditos, el Delegado Regional del en Hidalgo, Canek V\u00e1zquez dio a conocer la opci\u00f3n del Dictamen de Capacidad de Pago&hellip; <a class=\"more-link\" href=\"https:\/\/www.zunoticia.com\/noticias-de-hidalgo\/2023\/09\/17\/en-el-infonavit-paga-menos-quien-menos-gana-canek-vazquez\/\">Seguir leyendo <span class=\"screen-reader-text\">En el Infonavit, paga menos quien menos gana: Canek V\u00e1zquez<\/span><\/a><\/p>\n","protected":false},"author":12,"featured_media":503795,"comment_status":"closed","ping_status":"open","sticky":false,"template":"","format":"standard","meta":{"rop_custom_images_group":[],"rop_custom_messages_group":[],"rop_publish_now":"initial","rop_publish_now_accounts":{"facebook_10159540855086992_322828327761733":""},"rop_publish_now_history":[],"rop_publish_now_status":"pending","footnotes":""},"categories":[208],"tags":[214],"class_list":["post-503800","post","type-post","status-publish","format-standard","has-post-thumbnail","hentry","category-estado","tag-estado","entry"],"_links":{"self":[{"href":"https:\/\/www.zunoticia.com\/noticias-de-hidalgo\/wp-json\/wp\/v2\/posts\/503800","targetHints":{"allow":["GET"]}}],"collection":[{"href":"https:\/\/www.zunoticia.com\/noticias-de-hidalgo\/wp-json\/wp\/v2\/posts"}],"about":[{"href":"https:\/\/www.zunoticia.com\/noticias-de-hidalgo\/wp-json\/wp\/v2\/types\/post"}],"author":[{"embeddable":true,"href":"https:\/\/www.zunoticia.com\/noticias-de-hidalgo\/wp-json\/wp\/v2\/users\/12"}],"replies":[{"embeddable":true,"href":"https:\/\/www.zunoticia.com\/noticias-de-hidalgo\/wp-json\/wp\/v2\/comments?post=503800"}],"version-history":[{"count":1,"href":"https:\/\/www.zunoticia.com\/noticias-de-hidalgo\/wp-json\/wp\/v2\/posts\/503800\/revisions"}],"predecessor-version":[{"id":503801,"href":"https:\/\/www.zunoticia.com\/noticias-de-hidalgo\/wp-json\/wp\/v2\/posts\/503800\/revisions\/503801"}],"wp:featuredmedia":[{"embeddable":true,"href":"https:\/\/www.zunoticia.com\/noticias-de-hidalgo\/wp-json\/wp\/v2\/media\/503795"}],"wp:attachment":[{"href":"https:\/\/www.zunoticia.com\/noticias-de-hidalgo\/wp-json\/wp\/v2\/media?parent=503800"}],"wp:term":[{"taxonomy":"category","embeddable":true,"href":"https:\/\/www.zunoticia.com\/noticias-de-hidalgo\/wp-json\/wp\/v2\/categories?post=503800"},{"taxonomy":"post_tag","embeddable":true,"href":"https:\/\/www.zunoticia.com\/noticias-de-hidalgo\/wp-json\/wp\/v2\/tags?post=503800"}],"curies":[{"name":"wp","href":"https:\/\/api.w.org\/{rel}","templated":true}]}}