{"id":503831,"date":"2023-09-17T17:47:20","date_gmt":"2023-09-17T23:47:20","guid":{"rendered":"https:\/\/www.zunoticia.com\/noticias-de-hidalgo\/?p=503831"},"modified":"2023-09-17T17:47:21","modified_gmt":"2023-09-17T23:47:21","slug":"funcionarios-reconocen-talento-de-artesanos-de-huitzitzilingo","status":"publish","type":"post","link":"https:\/\/www.zunoticia.com\/noticias-de-hidalgo\/2023\/09\/17\/funcionarios-reconocen-talento-de-artesanos-de-huitzitzilingo\/","title":{"rendered":"Funcionarios reconocen talento de artesanos de Huitzitzilingo"},"content":{"rendered":"<aside class=\"mashsb-container mashsb-main mashsb-stretched\"><div class=\"mashsb-box\"><div class=\"mashsb-count mash-large\" style=\"float:left\"><div class=\"counts mashsbcount\">11<\/div><span class=\"mashsb-sharetext\">SHARES<\/span><\/div><div class=\"mashsb-buttons\"><a class=\"mashicon-facebook mash-large mash-center mashsb-noshadow\" href=\"https:\/\/www.facebook.com\/sharer.php?u=https%3A%2F%2Fwww.zunoticia.com%2Fnoticias-de-hidalgo%2F2023%2F09%2F17%2Ffuncionarios-reconocen-talento-de-artesanos-de-huitzitzilingo%2F\" target=\"_top\" rel=\"nofollow\"><span class=\"icon\"><\/span><span class=\"text\">Share<\/span><\/a><a class=\"mashicon-twitter mash-large mash-center mashsb-noshadow\" href=\"https:\/\/twitter.com\/intent\/tweet?text=&amp;url=https:\/\/www.zunoticia.com\/noticias-de-hidalgo\/2023\/09\/17\/funcionarios-reconocen-talento-de-artesanos-de-huitzitzilingo\/\" target=\"_top\" rel=\"nofollow\"><span class=\"icon\"><\/span><span class=\"text\">Tweet<\/span><\/a><div class=\"onoffswitch2 mash-large mashsb-noshadow\" style=\"display:none\"><\/div><\/div>\n            <\/div>\n                <div style=\"clear:both\"><\/div><div class=\"mashsb-toggle-container\"><\/div><\/aside>\n            <!-- Share buttons by mashshare.net - Version: 4.0.47-->\n<p><em>Por \u00c1ngel Silverio\/Zunoticia<\/em><\/p>\n\n\n\n<p><strong>San Felipe Orizatl\u00e1n, Hgo.-<\/strong> En d\u00edas pasados fue llevada a cabo la inauguraci\u00f3n del Banco del Bienestar en la delegaci\u00f3n de Huitzitzilingo, donde estuvieron presentes figuras del Gobierno Federal y estatal, mismos que recibieron de manos de artesanos y de las autoridades de la comunidad el bast\u00f3n de mando, elaborado en este lugar.<\/p>\n\n\n\n<p>En dicho evento estuvieron presentes, V\u00edctor Su\u00e1rez Carrera, Subsecretario Federal de autosuficiencia alimentaria, as\u00ed como Abraham Mendoza Centeno, delegado Federal de los programas del Bienestar en el Estado de Hidalgo, ambos funcionarios recibieron de parte de las autoridades el bast\u00f3n de mando como un reconocimiento al trabajo y a compromiso que mantienen con las comunidades ind\u00edgenas.<\/p>\n\n\n\n<p>En la entrevista con uno de los carpinteros y artesanos de Huitzitzilingo, indic\u00f3 que se le hizo la invitaci\u00f3n para realizar estos bastones para estos personajes, pues se les reconoce como luchadores sociales por el bien de los pueblos originarios, as\u00ed como tambi\u00e9n para dar muestra del talento que existe en esta comunidad para elaborar este tipo de artesan\u00edas, hechos a gran detalle.<\/p>\n\n\n\n<p>Ambos funcionarios que recibieron este bast\u00f3n de mando se dijeron sentirse halagados, al mismo tiempo que agradecieron por este gesto de las autoridades y de los artesanos de Huitzitzilingo y no dudaron en recomendar el trabajo que aqu\u00ed se realiza.<\/p>\n","protected":false},"excerpt":{"rendered":"<p>Por \u00c1ngel Silverio\/Zunoticia San Felipe Orizatl\u00e1n, Hgo.- En d\u00edas pasados fue llevada a cabo la inauguraci\u00f3n del Banco del Bienestar en la delegaci\u00f3n de Huitzitzilingo, donde estuvieron presentes figuras del Gobierno Federal y estatal, mismos que recibieron de manos de artesanos y de las autoridades de la comunidad el bast\u00f3n de mando, elaborado en este&hellip; <a class=\"more-link\" href=\"https:\/\/www.zunoticia.com\/noticias-de-hidalgo\/2023\/09\/17\/funcionarios-reconocen-talento-de-artesanos-de-huitzitzilingo\/\">Seguir leyendo <span class=\"screen-reader-text\">Funcionarios reconocen talento de artesanos de Huitzitzilingo<\/span><\/a><\/p>\n","protected":false},"author":12,"featured_media":503816,"comment_status":"closed","ping_status":"open","sticky":false,"template":"","format":"standard","meta":{"rop_custom_images_group":[],"rop_custom_messages_group":[],"rop_publish_now":"initial","rop_publish_now_accounts":{"facebook_10159540855086992_322828327761733":""},"rop_publish_now_history":[],"rop_publish_now_status":"pending","footnotes":""},"categories":[180],"tags":[129],"class_list":["post-503831","post","type-post","status-publish","format-standard","has-post-thumbnail","hentry","category-orizatlan","tag-orizatlan","entry"],"_links":{"self":[{"href":"https:\/\/www.zunoticia.com\/noticias-de-hidalgo\/wp-json\/wp\/v2\/posts\/503831","targetHints":{"allow":["GET"]}}],"collection":[{"href":"https:\/\/www.zunoticia.com\/noticias-de-hidalgo\/wp-json\/wp\/v2\/posts"}],"about":[{"href":"https:\/\/www.zunoticia.com\/noticias-de-hidalgo\/wp-json\/wp\/v2\/types\/post"}],"author":[{"embeddable":true,"href":"https:\/\/www.zunoticia.com\/noticias-de-hidalgo\/wp-json\/wp\/v2\/users\/12"}],"replies":[{"embeddable":true,"href":"https:\/\/www.zunoticia.com\/noticias-de-hidalgo\/wp-json\/wp\/v2\/comments?post=503831"}],"version-history":[{"count":1,"href":"https:\/\/www.zunoticia.com\/noticias-de-hidalgo\/wp-json\/wp\/v2\/posts\/503831\/revisions"}],"predecessor-version":[{"id":503832,"href":"https:\/\/www.zunoticia.com\/noticias-de-hidalgo\/wp-json\/wp\/v2\/posts\/503831\/revisions\/503832"}],"wp:featuredmedia":[{"embeddable":true,"href":"https:\/\/www.zunoticia.com\/noticias-de-hidalgo\/wp-json\/wp\/v2\/media\/503816"}],"wp:attachment":[{"href":"https:\/\/www.zunoticia.com\/noticias-de-hidalgo\/wp-json\/wp\/v2\/media?parent=503831"}],"wp:term":[{"taxonomy":"category","embeddable":true,"href":"https:\/\/www.zunoticia.com\/noticias-de-hidalgo\/wp-json\/wp\/v2\/categories?post=503831"},{"taxonomy":"post_tag","embeddable":true,"href":"https:\/\/www.zunoticia.com\/noticias-de-hidalgo\/wp-json\/wp\/v2\/tags?post=503831"}],"curies":[{"name":"wp","href":"https:\/\/api.w.org\/{rel}","templated":true}]}}