{"id":503857,"date":"2023-09-17T19:51:14","date_gmt":"2023-09-18T01:51:14","guid":{"rendered":"https:\/\/www.zunoticia.com\/noticias-de-hidalgo\/?p=503857"},"modified":"2023-09-17T19:51:15","modified_gmt":"2023-09-18T01:51:15","slug":"por-uso-ilicito-de-facultades-y-atribuciones-agravado-vinculan-a-proceso-expresidente-municipal","status":"publish","type":"post","link":"https:\/\/www.zunoticia.com\/noticias-de-hidalgo\/2023\/09\/17\/por-uso-ilicito-de-facultades-y-atribuciones-agravado-vinculan-a-proceso-expresidente-municipal\/","title":{"rendered":"Por uso il\u00edcito de facultades y atribuciones, agravado vinculan a proceso expresidente municipal"},"content":{"rendered":"<aside class=\"mashsb-container mashsb-main mashsb-stretched\"><div class=\"mashsb-box\"><div class=\"mashsb-count mash-large\" style=\"float:left\"><div class=\"counts mashsbcount\">7<\/div><span class=\"mashsb-sharetext\">SHARES<\/span><\/div><div class=\"mashsb-buttons\"><a class=\"mashicon-facebook mash-large mash-center mashsb-noshadow\" href=\"https:\/\/www.facebook.com\/sharer.php?u=https%3A%2F%2Fwww.zunoticia.com%2Fnoticias-de-hidalgo%2F2023%2F09%2F17%2Fpor-uso-ilicito-de-facultades-y-atribuciones-agravado-vinculan-a-proceso-expresidente-municipal%2F\" target=\"_top\" rel=\"nofollow\"><span class=\"icon\"><\/span><span class=\"text\">Share<\/span><\/a><a class=\"mashicon-twitter mash-large mash-center mashsb-noshadow\" href=\"https:\/\/twitter.com\/intent\/tweet?text=&amp;url=https:\/\/www.zunoticia.com\/noticias-de-hidalgo\/2023\/09\/17\/por-uso-ilicito-de-facultades-y-atribuciones-agravado-vinculan-a-proceso-expresidente-municipal\/\" target=\"_top\" rel=\"nofollow\"><span class=\"icon\"><\/span><span class=\"text\">Tweet<\/span><\/a><div class=\"onoffswitch2 mash-large mashsb-noshadow\" style=\"display:none\"><\/div><\/div>\n            <\/div>\n                <div style=\"clear:both\"><\/div><div class=\"mashsb-toggle-container\"><\/div><\/aside>\n            <!-- Share buttons by mashshare.net - Version: 4.0.47-->\n<p><em>Por Redacci\u00f3n\/Zunoticia<\/em><\/p>\n\n\n\n<p><strong>Pachuca de Soto, Hgo.-<\/strong> La Unidad Especial para la investigaci\u00f3n del maxiproceso de la Estafa Siniestra, consigui\u00f3 la vinculaci\u00f3n a proceso de una persona de iniciales L. E. C. G., presidente municipal separado de su encargo,&nbsp; investigado por uso il\u00edcito de facultades y atribuciones, agravado, en perjuicio de la administraci\u00f3n p\u00fablica de Nopala de Villagr\u00e1n.<\/p>\n\n\n\n<p>El pasado 12 de septiembre de 2023, elementos de la Divisi\u00f3n de Investigaci\u00f3n de la Agencia de Investigaci\u00f3n Criminal (AIC), de la Procuradur\u00eda General de Justicia del Estado de Hidalgo (PGJEH), aprehendieron al imputado, mediante la ejecuci\u00f3n de una orden de cateo.<\/p>\n\n\n\n<p>El alcalde, separado de su encargo, fue presentado ante un juez de control, autoridad ante la que el Ministerio P\u00fablico formul\u00f3 imputaci\u00f3n y solicit\u00f3 su vinculaci\u00f3n a proceso derivado de hechos en los que en su car\u00e1cter de presidente municipal, el 22 de marzo de 2022, firm\u00f3 dos contratos por adjudicaci\u00f3n directa.<\/p>\n\n\n\n<p>El primero de ellos fue por arrendamiento de maquinaria y equipo para rehabilitar caminos rurales, ganaderos, calles y carreteras, por un monto de 22 millones 610 mil 890 pesos; mientras que el segundo fue para adquirir servicios de mantenimiento y limpieza, fumigaci\u00f3n domiciliaria, as\u00ed como para el control del mosco culex, por un monto de 49 millones 350 mil pesos.<\/p>\n\n\n\n<p>Al momento de firmar ambos contratos, que ascienden a un total de 71 millones 970 mil 890 pesos, el edil comprometi\u00f3 el dinero que fue autorizado y transferido al municipio por parte de la Secretar\u00eda de Finanzas P\u00fablicas del gobierno de Hidalgo, sin que haya informado y puesto a consideraci\u00f3n del ayuntamiento la llegada de dichos recursos, su aplicaci\u00f3n y la celebraci\u00f3n de contratos por el proceso de adjudicaci\u00f3n directa.<\/p>\n\n\n\n<p>Sin embargo, el imputado se acogi\u00f3 a la duplicidad del t\u00e9rmino constitucional de 144 horas. Este domingo, durante la continuaci\u00f3n de la audiencia inicial y con base en los datos de prueba aportados por la autoridad ministerial, el juez de control dict\u00f3 la vinculaci\u00f3n a proceso e impuso como medida cautelar la prisi\u00f3n preventiva justificada.&nbsp;<\/p>\n\n\n\n<p>Se estableci\u00f3 un plazo de tres meses para el cierre de la investigaci\u00f3n complementaria.<\/p>\n","protected":false},"excerpt":{"rendered":"<p>Por Redacci\u00f3n\/Zunoticia Pachuca de Soto, Hgo.- La Unidad Especial para la investigaci\u00f3n del maxiproceso de la Estafa Siniestra, consigui\u00f3 la vinculaci\u00f3n a proceso de una persona de iniciales L. E. C. G., presidente municipal separado de su encargo,&nbsp; investigado por uso il\u00edcito de facultades y atribuciones, agravado, en perjuicio de la administraci\u00f3n p\u00fablica de Nopala&hellip; <a class=\"more-link\" href=\"https:\/\/www.zunoticia.com\/noticias-de-hidalgo\/2023\/09\/17\/por-uso-ilicito-de-facultades-y-atribuciones-agravado-vinculan-a-proceso-expresidente-municipal\/\">Seguir leyendo <span class=\"screen-reader-text\">Por uso il\u00edcito de facultades y atribuciones, agravado vinculan a proceso expresidente municipal<\/span><\/a><\/p>\n","protected":false},"author":12,"featured_media":503851,"comment_status":"closed","ping_status":"open","sticky":false,"template":"","format":"standard","meta":{"rop_custom_images_group":[],"rop_custom_messages_group":[],"rop_publish_now":"initial","rop_publish_now_accounts":{"facebook_10159540855086992_322828327761733":""},"rop_publish_now_history":[],"rop_publish_now_status":"pending","footnotes":""},"categories":[178],"tags":[259],"class_list":["post-503857","post","type-post","status-publish","format-standard","has-post-thumbnail","hentry","category-policiaca","tag-policiaca","entry"],"_links":{"self":[{"href":"https:\/\/www.zunoticia.com\/noticias-de-hidalgo\/wp-json\/wp\/v2\/posts\/503857","targetHints":{"allow":["GET"]}}],"collection":[{"href":"https:\/\/www.zunoticia.com\/noticias-de-hidalgo\/wp-json\/wp\/v2\/posts"}],"about":[{"href":"https:\/\/www.zunoticia.com\/noticias-de-hidalgo\/wp-json\/wp\/v2\/types\/post"}],"author":[{"embeddable":true,"href":"https:\/\/www.zunoticia.com\/noticias-de-hidalgo\/wp-json\/wp\/v2\/users\/12"}],"replies":[{"embeddable":true,"href":"https:\/\/www.zunoticia.com\/noticias-de-hidalgo\/wp-json\/wp\/v2\/comments?post=503857"}],"version-history":[{"count":1,"href":"https:\/\/www.zunoticia.com\/noticias-de-hidalgo\/wp-json\/wp\/v2\/posts\/503857\/revisions"}],"predecessor-version":[{"id":503858,"href":"https:\/\/www.zunoticia.com\/noticias-de-hidalgo\/wp-json\/wp\/v2\/posts\/503857\/revisions\/503858"}],"wp:featuredmedia":[{"embeddable":true,"href":"https:\/\/www.zunoticia.com\/noticias-de-hidalgo\/wp-json\/wp\/v2\/media\/503851"}],"wp:attachment":[{"href":"https:\/\/www.zunoticia.com\/noticias-de-hidalgo\/wp-json\/wp\/v2\/media?parent=503857"}],"wp:term":[{"taxonomy":"category","embeddable":true,"href":"https:\/\/www.zunoticia.com\/noticias-de-hidalgo\/wp-json\/wp\/v2\/categories?post=503857"},{"taxonomy":"post_tag","embeddable":true,"href":"https:\/\/www.zunoticia.com\/noticias-de-hidalgo\/wp-json\/wp\/v2\/tags?post=503857"}],"curies":[{"name":"wp","href":"https:\/\/api.w.org\/{rel}","templated":true}]}}