{"id":503869,"date":"2023-09-17T20:04:31","date_gmt":"2023-09-18T02:04:31","guid":{"rendered":"https:\/\/www.zunoticia.com\/noticias-de-hidalgo\/?p=503869"},"modified":"2023-09-17T20:04:33","modified_gmt":"2023-09-18T02:04:33","slug":"atiende-cultura-hidalgo-demanda-en-formacion-literaria","status":"publish","type":"post","link":"https:\/\/www.zunoticia.com\/noticias-de-hidalgo\/2023\/09\/17\/atiende-cultura-hidalgo-demanda-en-formacion-literaria\/","title":{"rendered":"Atiende Cultura Hidalgo, demanda en formaci\u00f3n literaria"},"content":{"rendered":"<aside class=\"mashsb-container mashsb-main mashsb-stretched\"><div class=\"mashsb-box\"><div class=\"mashsb-count mash-large\" style=\"float:left\"><div class=\"counts mashsbcount\">57<\/div><span class=\"mashsb-sharetext\">SHARES<\/span><\/div><div class=\"mashsb-buttons\"><a class=\"mashicon-facebook mash-large mash-center mashsb-noshadow\" href=\"https:\/\/www.facebook.com\/sharer.php?u=https%3A%2F%2Fwww.zunoticia.com%2Fnoticias-de-hidalgo%2F2023%2F09%2F17%2Fatiende-cultura-hidalgo-demanda-en-formacion-literaria%2F\" target=\"_top\" rel=\"nofollow\"><span class=\"icon\"><\/span><span class=\"text\">Share<\/span><\/a><a class=\"mashicon-twitter mash-large mash-center mashsb-noshadow\" href=\"https:\/\/twitter.com\/intent\/tweet?text=&amp;url=https:\/\/www.zunoticia.com\/noticias-de-hidalgo\/2023\/09\/17\/atiende-cultura-hidalgo-demanda-en-formacion-literaria\/\" target=\"_top\" rel=\"nofollow\"><span class=\"icon\"><\/span><span class=\"text\">Tweet<\/span><\/a><div class=\"onoffswitch2 mash-large mashsb-noshadow\" style=\"display:none\"><\/div><\/div>\n            <\/div>\n                <div style=\"clear:both\"><\/div><div class=\"mashsb-toggle-container\"><\/div><\/aside>\n            <!-- Share buttons by mashshare.net - Version: 4.0.47-->\n<ul class=\"wp-block-list\">\n<li>En colaboraci\u00f3n con el Centro Nacional de las Artes, impartir\u00e1 de forma gratuita el seminario \u201cPaisajes hispanistas\u201d, del 19 de septiembre al 7 de octubre<\/li>\n<\/ul>\n\n\n\n<p><em>Por Redacci\u00f3n\/Zunoticia<\/em><\/p>\n\n\n\n<p><strong>Pachuca de Soto, Hgo.-<\/strong> La Secretar\u00eda de Cultura, a cargo de Tania Meza Escorza, inform\u00f3 que, en los \u00faltimos a\u00f1os, la demanda en formaci\u00f3n literaria ha tenido un aumento significativo, lo que ha permitido identificar una creciente necesidad de formaci\u00f3n continua especializada.<\/p>\n\n\n\n<p>De ah\u00ed que, en colaboraci\u00f3n con el Centro Nacional de las Artes (Cenart), se llevar\u00e1 a cabo el seminario de literatura \u201cPaisajes hispanistas\u201d, mediante el programa \u201cItinerarios de la Red de Centros de las Artes, Intercambios y Residencias\u201d.<\/p>\n\n\n\n<p>Esto, en el Centro de las Artes de Hidalgo, a trav\u00e9s del cual se ofrecer\u00e1n elementos que permitan a las y los participantes reflexionar respecto a la literatura hispanoamericana como un referente aglutinante que brinda identidad cultural, desde las posibilidades de la escritura, ya que es una forma asequible para la transici\u00f3n y preservaci\u00f3n cultural del hispanismo.<\/p>\n\n\n\n<p>El seminario contar\u00e1 con un claustro acad\u00e9mico de reconocida trayectoria y ser\u00e1 impartido en tres m\u00f3dulos:<\/p>\n\n\n\n<figure class=\"wp-block-image size-large\"><img fetchpriority=\"high\" decoding=\"async\" width=\"1024\" height=\"682\" src=\"https:\/\/www.zunoticia.com\/noticias-de-hidalgo\/wp-content\/uploads\/2023\/09\/eZy-Watermark-17-09-2023-06-35-59-7780p.m.-1024x682.jpg\" alt=\"\" class=\"wp-image-503855\" srcset=\"https:\/\/www.zunoticia.com\/noticias-de-hidalgo\/wp-content\/uploads\/2023\/09\/eZy-Watermark-17-09-2023-06-35-59-7780p.m.-1024x682.jpg 1024w, https:\/\/www.zunoticia.com\/noticias-de-hidalgo\/wp-content\/uploads\/2023\/09\/eZy-Watermark-17-09-2023-06-35-59-7780p.m.-300x200.jpg 300w, https:\/\/www.zunoticia.com\/noticias-de-hidalgo\/wp-content\/uploads\/2023\/09\/eZy-Watermark-17-09-2023-06-35-59-7780p.m.-768x512.jpg 768w, https:\/\/www.zunoticia.com\/noticias-de-hidalgo\/wp-content\/uploads\/2023\/09\/eZy-Watermark-17-09-2023-06-35-59-7780p.m..jpg 1280w\" sizes=\"(max-width: 1024px) 100vw, 1024px\" \/><\/figure>\n\n\n\n<p>El primero se titula \u201cMiradas en torno al cuento fant\u00e1stico\u201d, que estar\u00e1 a cargo de Claudia Cabrera Espinoza; \u201cPeriferia po\u00e9tica hispanista nacional y estatal\u201d, por Mirna Yanira Garc\u00eda Vargas, ganadora del Premio Estatal de Poes\u00eda Efr\u00e9n Rebolledo (2017).<\/p>\n\n\n\n<p>Y el tercer m\u00f3dulo titulado \u201cHabitar el territorio desde la est\u00e9tica colectiva hispanista\u201d, que estar\u00e1 Danhia Berenice Montes Escorza, quien en 2022 obtuvo el Premio Estatal de Poes\u00eda Efr\u00e9n Rebolledo.<\/p>\n\n\n\n<p>La dependencia, a trav\u00e9s del Consejo Estatal para la Cultura y las Artes de Hidalgo, dio a conocer que esta actividad gratuita garantizar\u00e1 procesos formativos con alto nivel acad\u00e9mico para las y los escritores en formaci\u00f3n y profesionales, del 19 de septiembre al 7 de octubre, de lunes a viernes de 16:00 a 20:00 horas y s\u00e1bados de 10:00 a 14:00.<\/p>\n\n\n\n<p>Las y los interesados en inscribirse deben pre registrarse en el enlace <a href=\"https:\/\/docs.google.com\/forms\/u\/2\/d\/1AZHeBkzKJbCK2jfvTA3AZn0Wo1fKBtwyTOSWrZhhiBE\/edit?usp=drive_web\">https:\/\/docs.google.com\/forms\/u\/2\/d\/1AZHeBkzKJbCK2jfvTA3AZn0Wo1fKBtwyTOSWrZhhiBE\/edit?usp=drive_web<\/a>.<\/p>\n\n\n\n<p>Para m\u00e1s informaci\u00f3n, pueden comunicarse: al correo electr\u00f3nico <a href=\"mailto:talleresca.teatro@gmail.com\">talleresca.teatro@gmail.com<\/a>, v\u00eda telef\u00f3nica al 77171442508 o acudir a la oficina de servicios escolares de lunes a viernes de 10:00 a 14:00 y de 16:00 a 20:00 horas, en Plaza Bartolom\u00e9 de Medina, colonia Centro, Ex convento de San Francisco.<\/p>\n","protected":false},"excerpt":{"rendered":"<p>Por Redacci\u00f3n\/Zunoticia Pachuca de Soto, Hgo.- La Secretar\u00eda de Cultura, a cargo de Tania Meza Escorza, inform\u00f3 que, en los \u00faltimos a\u00f1os, la demanda en formaci\u00f3n literaria ha tenido un aumento significativo, lo que ha permitido identificar una creciente necesidad de formaci\u00f3n continua especializada. De ah\u00ed que, en colaboraci\u00f3n con el Centro Nacional de las&hellip; <a class=\"more-link\" href=\"https:\/\/www.zunoticia.com\/noticias-de-hidalgo\/2023\/09\/17\/atiende-cultura-hidalgo-demanda-en-formacion-literaria\/\">Seguir leyendo <span class=\"screen-reader-text\">Atiende Cultura Hidalgo, demanda en formaci\u00f3n literaria<\/span><\/a><\/p>\n","protected":false},"author":12,"featured_media":503854,"comment_status":"closed","ping_status":"open","sticky":false,"template":"","format":"standard","meta":{"rop_custom_images_group":[],"rop_custom_messages_group":[],"rop_publish_now":"initial","rop_publish_now_accounts":{"facebook_10159540855086992_322828327761733":""},"rop_publish_now_history":[],"rop_publish_now_status":"pending","footnotes":""},"categories":[208],"tags":[214],"class_list":["post-503869","post","type-post","status-publish","format-standard","has-post-thumbnail","hentry","category-estado","tag-estado","entry"],"_links":{"self":[{"href":"https:\/\/www.zunoticia.com\/noticias-de-hidalgo\/wp-json\/wp\/v2\/posts\/503869","targetHints":{"allow":["GET"]}}],"collection":[{"href":"https:\/\/www.zunoticia.com\/noticias-de-hidalgo\/wp-json\/wp\/v2\/posts"}],"about":[{"href":"https:\/\/www.zunoticia.com\/noticias-de-hidalgo\/wp-json\/wp\/v2\/types\/post"}],"author":[{"embeddable":true,"href":"https:\/\/www.zunoticia.com\/noticias-de-hidalgo\/wp-json\/wp\/v2\/users\/12"}],"replies":[{"embeddable":true,"href":"https:\/\/www.zunoticia.com\/noticias-de-hidalgo\/wp-json\/wp\/v2\/comments?post=503869"}],"version-history":[{"count":1,"href":"https:\/\/www.zunoticia.com\/noticias-de-hidalgo\/wp-json\/wp\/v2\/posts\/503869\/revisions"}],"predecessor-version":[{"id":503885,"href":"https:\/\/www.zunoticia.com\/noticias-de-hidalgo\/wp-json\/wp\/v2\/posts\/503869\/revisions\/503885"}],"wp:featuredmedia":[{"embeddable":true,"href":"https:\/\/www.zunoticia.com\/noticias-de-hidalgo\/wp-json\/wp\/v2\/media\/503854"}],"wp:attachment":[{"href":"https:\/\/www.zunoticia.com\/noticias-de-hidalgo\/wp-json\/wp\/v2\/media?parent=503869"}],"wp:term":[{"taxonomy":"category","embeddable":true,"href":"https:\/\/www.zunoticia.com\/noticias-de-hidalgo\/wp-json\/wp\/v2\/categories?post=503869"},{"taxonomy":"post_tag","embeddable":true,"href":"https:\/\/www.zunoticia.com\/noticias-de-hidalgo\/wp-json\/wp\/v2\/tags?post=503869"}],"curies":[{"name":"wp","href":"https:\/\/api.w.org\/{rel}","templated":true}]}}