{"id":503888,"date":"2023-09-17T20:16:08","date_gmt":"2023-09-18T02:16:08","guid":{"rendered":"https:\/\/www.zunoticia.com\/noticias-de-hidalgo\/?p=503888"},"modified":"2023-09-17T20:16:09","modified_gmt":"2023-09-18T02:16:09","slug":"concluyo-gobierno-local-rehabilitacion-carretera","status":"publish","type":"post","link":"https:\/\/www.zunoticia.com\/noticias-de-hidalgo\/2023\/09\/17\/concluyo-gobierno-local-rehabilitacion-carretera\/","title":{"rendered":"Concluy\u00f3 gobierno local rehabilitaci\u00f3n carretera"},"content":{"rendered":"<aside class=\"mashsb-container mashsb-main mashsb-stretched\"><div class=\"mashsb-box\"><div class=\"mashsb-count mash-large\" style=\"float:left\"><div class=\"counts mashsbcount\">3<\/div><span class=\"mashsb-sharetext\">SHARES<\/span><\/div><div class=\"mashsb-buttons\"><a class=\"mashicon-facebook mash-large mash-center mashsb-noshadow\" href=\"https:\/\/www.facebook.com\/sharer.php?u=https%3A%2F%2Fwww.zunoticia.com%2Fnoticias-de-hidalgo%2F2023%2F09%2F17%2Fconcluyo-gobierno-local-rehabilitacion-carretera%2F\" target=\"_top\" rel=\"nofollow\"><span class=\"icon\"><\/span><span class=\"text\">Share<\/span><\/a><a class=\"mashicon-twitter mash-large mash-center mashsb-noshadow\" href=\"https:\/\/twitter.com\/intent\/tweet?text=&amp;url=https:\/\/www.zunoticia.com\/noticias-de-hidalgo\/2023\/09\/17\/concluyo-gobierno-local-rehabilitacion-carretera\/\" target=\"_top\" rel=\"nofollow\"><span class=\"icon\"><\/span><span class=\"text\">Tweet<\/span><\/a><div class=\"onoffswitch2 mash-large mashsb-noshadow\" style=\"display:none\"><\/div><\/div>\n            <\/div>\n                <div style=\"clear:both\"><\/div><div class=\"mashsb-toggle-container\"><\/div><\/aside>\n            <!-- Share buttons by mashshare.net - Version: 4.0.47-->\n<p><em>Por Le\u00f3n Eduardo Fern\u00e1ndez Huesca\/Zunoticia<\/em><\/p>\n\n\n\n<p><strong>Xochiatipan, Hgo.-<\/strong> El gobierno municipal, que preside \u00d3scar Bautista Guti\u00e9rrez, concluy\u00f3 la parte que le correspondi\u00f3 en la rehabilitaci\u00f3n de la carretera de acceso a la cabecera, desde el lugar conocido como El Mango al puente del r\u00edo Garc\u00e9s, tal y como lo inform\u00f3 el edil en su tercera rendici\u00f3n de cuentas.<\/p>\n\n\n\n<p>Al respecto, el alcalde indic\u00f3 que la obra en cuesti\u00f3n se llev\u00f3 a cabo en el per\u00edodo comprometido, destacando su agradecimiento y reconocimiento a los vecinos por su comprensi\u00f3n y paciencia ante las molestias que se generaron durante su ejecuci\u00f3n.<\/p>\n\n\n\n<figure class=\"wp-block-image size-large\"><img fetchpriority=\"high\" decoding=\"async\" width=\"1024\" height=\"576\" src=\"https:\/\/www.zunoticia.com\/noticias-de-hidalgo\/wp-content\/uploads\/2023\/09\/eZy-Watermark-17-09-2023-06-43-51-8830p.m.-1-1024x576.jpg\" alt=\"\" class=\"wp-image-503876\" srcset=\"https:\/\/www.zunoticia.com\/noticias-de-hidalgo\/wp-content\/uploads\/2023\/09\/eZy-Watermark-17-09-2023-06-43-51-8830p.m.-1-1024x576.jpg 1024w, https:\/\/www.zunoticia.com\/noticias-de-hidalgo\/wp-content\/uploads\/2023\/09\/eZy-Watermark-17-09-2023-06-43-51-8830p.m.-1-300x169.jpg 300w, https:\/\/www.zunoticia.com\/noticias-de-hidalgo\/wp-content\/uploads\/2023\/09\/eZy-Watermark-17-09-2023-06-43-51-8830p.m.-1-768x432.jpg 768w, https:\/\/www.zunoticia.com\/noticias-de-hidalgo\/wp-content\/uploads\/2023\/09\/eZy-Watermark-17-09-2023-06-43-51-8830p.m.-1.jpg 1152w\" sizes=\"(max-width: 1024px) 100vw, 1024px\" \/><\/figure>\n\n\n\n<p>Asimismo, indic\u00f3 que los trabajos del puente del r\u00edo Garc\u00e9s a la cabecera municipal pronto iniciar\u00e1n, conforme a lo dispuesto por el gobernador Julio Menchaca Salazar, siendo esta la segunda etapa prometida por \u00e9l en su visita&nbsp;a&nbsp;Xochiatipan.<\/p>\n","protected":false},"excerpt":{"rendered":"<p>Por Le\u00f3n Eduardo Fern\u00e1ndez Huesca\/Zunoticia Xochiatipan, Hgo.- El gobierno municipal, que preside \u00d3scar Bautista Guti\u00e9rrez, concluy\u00f3 la parte que le correspondi\u00f3 en la rehabilitaci\u00f3n de la carretera de acceso a la cabecera, desde el lugar conocido como El Mango al puente del r\u00edo Garc\u00e9s, tal y como lo inform\u00f3 el edil en su tercera rendici\u00f3n&hellip; <a class=\"more-link\" href=\"https:\/\/www.zunoticia.com\/noticias-de-hidalgo\/2023\/09\/17\/concluyo-gobierno-local-rehabilitacion-carretera\/\">Seguir leyendo <span class=\"screen-reader-text\">Concluy\u00f3 gobierno local rehabilitaci\u00f3n carretera<\/span><\/a><\/p>\n","protected":false},"author":12,"featured_media":503877,"comment_status":"closed","ping_status":"open","sticky":false,"template":"","format":"standard","meta":{"rop_custom_images_group":[],"rop_custom_messages_group":[],"rop_publish_now":"initial","rop_publish_now_accounts":{"facebook_10159540855086992_322828327761733":""},"rop_publish_now_history":[],"rop_publish_now_status":"pending","footnotes":""},"categories":[179,202],"tags":[135],"class_list":["post-503888","post","type-post","status-publish","format-standard","has-post-thumbnail","hentry","category-huasteca","category-xochiatipan","tag-xochiatipan","entry"],"_links":{"self":[{"href":"https:\/\/www.zunoticia.com\/noticias-de-hidalgo\/wp-json\/wp\/v2\/posts\/503888","targetHints":{"allow":["GET"]}}],"collection":[{"href":"https:\/\/www.zunoticia.com\/noticias-de-hidalgo\/wp-json\/wp\/v2\/posts"}],"about":[{"href":"https:\/\/www.zunoticia.com\/noticias-de-hidalgo\/wp-json\/wp\/v2\/types\/post"}],"author":[{"embeddable":true,"href":"https:\/\/www.zunoticia.com\/noticias-de-hidalgo\/wp-json\/wp\/v2\/users\/12"}],"replies":[{"embeddable":true,"href":"https:\/\/www.zunoticia.com\/noticias-de-hidalgo\/wp-json\/wp\/v2\/comments?post=503888"}],"version-history":[{"count":1,"href":"https:\/\/www.zunoticia.com\/noticias-de-hidalgo\/wp-json\/wp\/v2\/posts\/503888\/revisions"}],"predecessor-version":[{"id":503889,"href":"https:\/\/www.zunoticia.com\/noticias-de-hidalgo\/wp-json\/wp\/v2\/posts\/503888\/revisions\/503889"}],"wp:featuredmedia":[{"embeddable":true,"href":"https:\/\/www.zunoticia.com\/noticias-de-hidalgo\/wp-json\/wp\/v2\/media\/503877"}],"wp:attachment":[{"href":"https:\/\/www.zunoticia.com\/noticias-de-hidalgo\/wp-json\/wp\/v2\/media?parent=503888"}],"wp:term":[{"taxonomy":"category","embeddable":true,"href":"https:\/\/www.zunoticia.com\/noticias-de-hidalgo\/wp-json\/wp\/v2\/categories?post=503888"},{"taxonomy":"post_tag","embeddable":true,"href":"https:\/\/www.zunoticia.com\/noticias-de-hidalgo\/wp-json\/wp\/v2\/tags?post=503888"}],"curies":[{"name":"wp","href":"https:\/\/api.w.org\/{rel}","templated":true}]}}