{"id":503892,"date":"2023-09-17T20:34:12","date_gmt":"2023-09-18T02:34:12","guid":{"rendered":"https:\/\/www.zunoticia.com\/noticias-de-hidalgo\/?p=503892"},"modified":"2023-09-17T20:34:13","modified_gmt":"2023-09-18T02:34:13","slug":"se-quemo-camioneta-2","status":"publish","type":"post","link":"https:\/\/www.zunoticia.com\/noticias-de-hidalgo\/2023\/09\/17\/se-quemo-camioneta-2\/","title":{"rendered":"Se quem\u00f3 camioneta"},"content":{"rendered":"<aside class=\"mashsb-container mashsb-main mashsb-stretched\"><div class=\"mashsb-box\"><div class=\"mashsb-count mash-large\" style=\"float:left\"><div class=\"counts mashsbcount\">50<\/div><span class=\"mashsb-sharetext\">SHARES<\/span><\/div><div class=\"mashsb-buttons\"><a class=\"mashicon-facebook mash-large mash-center mashsb-noshadow\" href=\"https:\/\/www.facebook.com\/sharer.php?u=https%3A%2F%2Fwww.zunoticia.com%2Fnoticias-de-hidalgo%2F2023%2F09%2F17%2Fse-quemo-camioneta-2%2F\" target=\"_top\" rel=\"nofollow\"><span class=\"icon\"><\/span><span class=\"text\">Share<\/span><\/a><a class=\"mashicon-twitter mash-large mash-center mashsb-noshadow\" href=\"https:\/\/twitter.com\/intent\/tweet?text=&amp;url=https:\/\/www.zunoticia.com\/noticias-de-hidalgo\/2023\/09\/17\/se-quemo-camioneta-2\/\" target=\"_top\" rel=\"nofollow\"><span class=\"icon\"><\/span><span class=\"text\">Tweet<\/span><\/a><div class=\"onoffswitch2 mash-large mashsb-noshadow\" style=\"display:none\"><\/div><\/div>\n            <\/div>\n                <div style=\"clear:both\"><\/div><div class=\"mashsb-toggle-container\"><\/div><\/aside>\n            <!-- Share buttons by mashshare.net - Version: 4.0.47-->\n<p><em>Por Francisco Rosas\/Zunoticia<\/em><\/p>\n\n\n\n<p><strong>Huejutla, Hgo.-<\/strong> Por un posible corto circuito en el sistema el\u00e9ctrico, una camioneta ardi\u00f3 en llamas y en cuesti\u00f3n de minutos qued\u00f3 totalmente calcinada.<\/p>\n\n\n\n<p>El siniestro ocurri\u00f3 en la carretera que conduce a la localidad de Aquixcuatitla, perteneciente a este municipio y de acuerdo con el reporte de las autoridades, la unidad motora que se quem\u00f3 fue una Ford, propiedad de Joaqu\u00edn H. H.<\/p>\n\n\n\n<p>Habitantes del poblado en menci\u00f3n ayudaron a sofocar el fuego con cubetas con agua, ya que, por la distancia, elementos del Heroico Cuerpo de Bomberos tardaron en llegar, sin embargo lo m\u00e1s importante fue que no hubo personas lesionadas, solo da\u00f1os materiales.<\/p>\n\n\n\n<p>Asimismo, al sitio llegaron elementos de la Coordinaci\u00f3n de Seguridad Estatal, para tomar conocimiento de lo sucedido.<\/p>\n","protected":false},"excerpt":{"rendered":"<p>Por Francisco Rosas\/Zunoticia Huejutla, Hgo.- Por un posible corto circuito en el sistema el\u00e9ctrico, una camioneta ardi\u00f3 en llamas y en cuesti\u00f3n de minutos qued\u00f3 totalmente calcinada. El siniestro ocurri\u00f3 en la carretera que conduce a la localidad de Aquixcuatitla, perteneciente a este municipio y de acuerdo con el reporte de las autoridades, la unidad&hellip; <a class=\"more-link\" href=\"https:\/\/www.zunoticia.com\/noticias-de-hidalgo\/2023\/09\/17\/se-quemo-camioneta-2\/\">Seguir leyendo <span class=\"screen-reader-text\">Se quem\u00f3 camioneta<\/span><\/a><\/p>\n","protected":false},"author":12,"featured_media":503874,"comment_status":"closed","ping_status":"open","sticky":false,"template":"","format":"standard","meta":{"rop_custom_images_group":[],"rop_custom_messages_group":[],"rop_publish_now":"initial","rop_publish_now_accounts":{"facebook_10159540855086992_322828327761733":""},"rop_publish_now_history":[],"rop_publish_now_status":"pending","footnotes":""},"categories":[178],"tags":[259],"class_list":["post-503892","post","type-post","status-publish","format-standard","has-post-thumbnail","hentry","category-policiaca","tag-policiaca","entry"],"_links":{"self":[{"href":"https:\/\/www.zunoticia.com\/noticias-de-hidalgo\/wp-json\/wp\/v2\/posts\/503892","targetHints":{"allow":["GET"]}}],"collection":[{"href":"https:\/\/www.zunoticia.com\/noticias-de-hidalgo\/wp-json\/wp\/v2\/posts"}],"about":[{"href":"https:\/\/www.zunoticia.com\/noticias-de-hidalgo\/wp-json\/wp\/v2\/types\/post"}],"author":[{"embeddable":true,"href":"https:\/\/www.zunoticia.com\/noticias-de-hidalgo\/wp-json\/wp\/v2\/users\/12"}],"replies":[{"embeddable":true,"href":"https:\/\/www.zunoticia.com\/noticias-de-hidalgo\/wp-json\/wp\/v2\/comments?post=503892"}],"version-history":[{"count":1,"href":"https:\/\/www.zunoticia.com\/noticias-de-hidalgo\/wp-json\/wp\/v2\/posts\/503892\/revisions"}],"predecessor-version":[{"id":503895,"href":"https:\/\/www.zunoticia.com\/noticias-de-hidalgo\/wp-json\/wp\/v2\/posts\/503892\/revisions\/503895"}],"wp:featuredmedia":[{"embeddable":true,"href":"https:\/\/www.zunoticia.com\/noticias-de-hidalgo\/wp-json\/wp\/v2\/media\/503874"}],"wp:attachment":[{"href":"https:\/\/www.zunoticia.com\/noticias-de-hidalgo\/wp-json\/wp\/v2\/media?parent=503892"}],"wp:term":[{"taxonomy":"category","embeddable":true,"href":"https:\/\/www.zunoticia.com\/noticias-de-hidalgo\/wp-json\/wp\/v2\/categories?post=503892"},{"taxonomy":"post_tag","embeddable":true,"href":"https:\/\/www.zunoticia.com\/noticias-de-hidalgo\/wp-json\/wp\/v2\/tags?post=503892"}],"curies":[{"name":"wp","href":"https:\/\/api.w.org\/{rel}","templated":true}]}}