{"id":503954,"date":"2023-09-18T14:48:49","date_gmt":"2023-09-18T20:48:49","guid":{"rendered":"https:\/\/www.zunoticia.com\/noticias-de-hidalgo\/?p=503954"},"modified":"2023-09-18T14:49:46","modified_gmt":"2023-09-18T20:49:46","slug":"roman-barreto-fusiona-danza-y-artes-plasticas-en-im-posibilidades-introspectivas","status":"publish","type":"post","link":"https:\/\/www.zunoticia.com\/noticias-de-hidalgo\/2023\/09\/18\/roman-barreto-fusiona-danza-y-artes-plasticas-en-im-posibilidades-introspectivas\/","title":{"rendered":"Rom\u00e1n Barreto fusiona danza y artes pl\u00e1sticas en (Im) posibilidades introspectivas"},"content":{"rendered":"<aside class=\"mashsb-container mashsb-main mashsb-stretched\"><div class=\"mashsb-box\"><div class=\"mashsb-count mash-large\" style=\"float:left\"><div class=\"counts mashsbcount\">10<\/div><span class=\"mashsb-sharetext\">SHARES<\/span><\/div><div class=\"mashsb-buttons\"><a class=\"mashicon-facebook mash-large mash-center mashsb-noshadow\" href=\"https:\/\/www.facebook.com\/sharer.php?u=https%3A%2F%2Fwww.zunoticia.com%2Fnoticias-de-hidalgo%2F2023%2F09%2F18%2Froman-barreto-fusiona-danza-y-artes-plasticas-en-im-posibilidades-introspectivas%2F\" target=\"_top\" rel=\"nofollow\"><span class=\"icon\"><\/span><span class=\"text\">Share<\/span><\/a><a class=\"mashicon-twitter mash-large mash-center mashsb-noshadow\" href=\"https:\/\/twitter.com\/intent\/tweet?text=&amp;url=https:\/\/www.zunoticia.com\/noticias-de-hidalgo\/2023\/09\/18\/roman-barreto-fusiona-danza-y-artes-plasticas-en-im-posibilidades-introspectivas\/\" target=\"_top\" rel=\"nofollow\"><span class=\"icon\"><\/span><span class=\"text\">Tweet<\/span><\/a><div class=\"onoffswitch2 mash-large mashsb-noshadow\" style=\"display:none\"><\/div><\/div>\n            <\/div>\n                <div style=\"clear:both\"><\/div><div class=\"mashsb-toggle-container\"><\/div><\/aside>\n            <!-- Share buttons by mashshare.net - Version: 4.0.47-->\n<ul class=\"wp-block-list\">\n<li>La exposici\u00f3n pict\u00f3rica y de t\u00e9cnicas mixtas fue inaugurada en el Centro de las Artes en el marco de las fiestas patrias<\/li>\n<\/ul>\n\n\n\n<p><em>Por Redacci\u00f3n\/Zunoticia<\/em><\/p>\n\n\n\n<p><strong>Pachuca de Soto, Hgo. &#8211; <\/strong>Con la exposici\u00f3n pict\u00f3rica y de t\u00e9cnicas mixtas <em>(Im) posibilidades introspectivas<\/em>, inaugurada en el Centro de las Artes, el artista Rom\u00e1n Barreto resalta la fusi\u00f3n entre la danza y las artes pl\u00e1sticas con un recuento de costumbres populares que nos dan identidad y enorgullecen como mexicanos y mexicanas.&nbsp;<\/p>\n\n\n\n<p>En el marco de las fiestas patrias, Barreto inaugur\u00f3 su obra art\u00edstica en el Centro de las Artes de Hidalgo, en compa\u00f1\u00eda de Diana Rangel Z\u00fa\u00f1iga, directora general del Consejo Estatal para la Cultura y las Artes de Hidalgo (Cecultah), en representaci\u00f3n de la secretaria de Cultura Tania Meza Escorza.<\/p>\n\n\n\n<p>Rangel Z\u00fa\u00f1iga mencion\u00f3 que la exposici\u00f3n fortalece los procesos de educaci\u00f3n art\u00edstica que son impartidos en el Centro de las Artes; adem\u00e1s, contribuye en la difusi\u00f3n y acercamiento del arte a la poblaci\u00f3n en general.<\/p>\n\n\n\n<p>Por lo anterior, <em>(Im) posibilidades introspectivas<\/em> permanecer\u00e1 abierta de manera gratuita del 14 de septiembre al 17 de octubre, de lunes a viernes de 9:00 a 20:00 horas y s\u00e1bados de 10:00 a 18:00, en la galer\u00eda del Centro de las Artes, ubicada en la plaza Bartolom\u00e9 de Medina, sin n\u00famero en el Ex convento de San Francisco.<\/p>\n\n\n\n<p>Rom\u00e1n Barreto tiene una formaci\u00f3n multidisciplinaria, estudi\u00f3 danza tradicional en el Instituto Nacional de Bellas Artes, dise\u00f1o gr\u00e1fico y artes pl\u00e1sticas en la Universidad An\u00e1huac y la Academia de San Carlos de la Escuela Nacional de Artes Pl\u00e1sticas de la UNAM, respectivamente.<\/p>\n\n\n\n<p>Colabor\u00f3 con Rafael Coronel Arrollo en algunas de sus obras m\u00e1s representativas; fue miembro de la Sociedad de Acuarelistas de M\u00e9xico, algunas de sus obras forman parte de la colecci\u00f3n del Museo de Arte Afroamericano Fundaci\u00f3n Nelson S\u00e1nchez Chapellin en Caracas, Venezuela. Su creatividad ha sido admirada en m\u00e1s de 13 exposiciones colectivas y 10 individuales, tanto en M\u00e9xico como en el extranjero.<\/p>\n\n\n\n<figure class=\"wp-block-image size-full\"><img fetchpriority=\"high\" decoding=\"async\" width=\"940\" height=\"788\" src=\"https:\/\/www.zunoticia.com\/noticias-de-hidalgo\/wp-content\/uploads\/2023\/09\/Zunoticia-1-60.png\" alt=\"\" class=\"wp-image-503956\" srcset=\"https:\/\/www.zunoticia.com\/noticias-de-hidalgo\/wp-content\/uploads\/2023\/09\/Zunoticia-1-60.png 940w, https:\/\/www.zunoticia.com\/noticias-de-hidalgo\/wp-content\/uploads\/2023\/09\/Zunoticia-1-60-300x251.png 300w, https:\/\/www.zunoticia.com\/noticias-de-hidalgo\/wp-content\/uploads\/2023\/09\/Zunoticia-1-60-768x644.png 768w\" sizes=\"(max-width: 940px) 100vw, 940px\" \/><\/figure>\n","protected":false},"excerpt":{"rendered":"<p>Por Redacci\u00f3n\/Zunoticia Pachuca de Soto, Hgo. &#8211; Con la exposici\u00f3n pict\u00f3rica y de t\u00e9cnicas mixtas (Im) posibilidades introspectivas, inaugurada en el Centro de las Artes, el artista Rom\u00e1n Barreto resalta la fusi\u00f3n entre la danza y las artes pl\u00e1sticas con un recuento de costumbres populares que nos dan identidad y enorgullecen como mexicanos y mexicanas.&nbsp;&hellip; <a class=\"more-link\" href=\"https:\/\/www.zunoticia.com\/noticias-de-hidalgo\/2023\/09\/18\/roman-barreto-fusiona-danza-y-artes-plasticas-en-im-posibilidades-introspectivas\/\">Seguir leyendo <span class=\"screen-reader-text\">Rom\u00e1n Barreto fusiona danza y artes pl\u00e1sticas en (Im) posibilidades introspectivas<\/span><\/a><\/p>\n","protected":false},"author":20,"featured_media":503955,"comment_status":"closed","ping_status":"open","sticky":false,"template":"","format":"standard","meta":{"rop_custom_images_group":[],"rop_custom_messages_group":[],"rop_publish_now":"initial","rop_publish_now_accounts":{"facebook_10159540855086992_322828327761733":""},"rop_publish_now_history":[],"rop_publish_now_status":"pending","footnotes":""},"categories":[208],"tags":[214],"class_list":["post-503954","post","type-post","status-publish","format-standard","has-post-thumbnail","hentry","category-estado","tag-estado","entry"],"_links":{"self":[{"href":"https:\/\/www.zunoticia.com\/noticias-de-hidalgo\/wp-json\/wp\/v2\/posts\/503954","targetHints":{"allow":["GET"]}}],"collection":[{"href":"https:\/\/www.zunoticia.com\/noticias-de-hidalgo\/wp-json\/wp\/v2\/posts"}],"about":[{"href":"https:\/\/www.zunoticia.com\/noticias-de-hidalgo\/wp-json\/wp\/v2\/types\/post"}],"author":[{"embeddable":true,"href":"https:\/\/www.zunoticia.com\/noticias-de-hidalgo\/wp-json\/wp\/v2\/users\/20"}],"replies":[{"embeddable":true,"href":"https:\/\/www.zunoticia.com\/noticias-de-hidalgo\/wp-json\/wp\/v2\/comments?post=503954"}],"version-history":[{"count":2,"href":"https:\/\/www.zunoticia.com\/noticias-de-hidalgo\/wp-json\/wp\/v2\/posts\/503954\/revisions"}],"predecessor-version":[{"id":503958,"href":"https:\/\/www.zunoticia.com\/noticias-de-hidalgo\/wp-json\/wp\/v2\/posts\/503954\/revisions\/503958"}],"wp:featuredmedia":[{"embeddable":true,"href":"https:\/\/www.zunoticia.com\/noticias-de-hidalgo\/wp-json\/wp\/v2\/media\/503955"}],"wp:attachment":[{"href":"https:\/\/www.zunoticia.com\/noticias-de-hidalgo\/wp-json\/wp\/v2\/media?parent=503954"}],"wp:term":[{"taxonomy":"category","embeddable":true,"href":"https:\/\/www.zunoticia.com\/noticias-de-hidalgo\/wp-json\/wp\/v2\/categories?post=503954"},{"taxonomy":"post_tag","embeddable":true,"href":"https:\/\/www.zunoticia.com\/noticias-de-hidalgo\/wp-json\/wp\/v2\/tags?post=503954"}],"curies":[{"name":"wp","href":"https:\/\/api.w.org\/{rel}","templated":true}]}}