{"id":503995,"date":"2023-09-18T18:31:26","date_gmt":"2023-09-19T00:31:26","guid":{"rendered":"https:\/\/www.zunoticia.com\/noticias-de-hidalgo\/?p=503995"},"modified":"2023-09-18T18:31:29","modified_gmt":"2023-09-19T00:31:29","slug":"gobierno-de-hidalgo-invita-a-unirse-al-dia-mundial-sin-automovil","status":"publish","type":"post","link":"https:\/\/www.zunoticia.com\/noticias-de-hidalgo\/2023\/09\/18\/gobierno-de-hidalgo-invita-a-unirse-al-dia-mundial-sin-automovil\/","title":{"rendered":"Gobierno de Hidalgo invita a unirse&nbsp;al d\u00eda mundial sin autom\u00f3vil"},"content":{"rendered":"<aside class=\"mashsb-container mashsb-main mashsb-stretched\"><div class=\"mashsb-box\"><div class=\"mashsb-count mash-large\" style=\"float:left\"><div class=\"counts mashsbcount\">2<\/div><span class=\"mashsb-sharetext\">SHARES<\/span><\/div><div class=\"mashsb-buttons\"><a class=\"mashicon-facebook mash-large mash-center mashsb-noshadow\" href=\"https:\/\/www.facebook.com\/sharer.php?u=https%3A%2F%2Fwww.zunoticia.com%2Fnoticias-de-hidalgo%2F2023%2F09%2F18%2Fgobierno-de-hidalgo-invita-a-unirse-al-dia-mundial-sin-automovil%2F\" target=\"_top\" rel=\"nofollow\"><span class=\"icon\"><\/span><span class=\"text\">Share<\/span><\/a><a class=\"mashicon-twitter mash-large mash-center mashsb-noshadow\" href=\"https:\/\/twitter.com\/intent\/tweet?text=&amp;url=https:\/\/www.zunoticia.com\/noticias-de-hidalgo\/2023\/09\/18\/gobierno-de-hidalgo-invita-a-unirse-al-dia-mundial-sin-automovil\/\" target=\"_top\" rel=\"nofollow\"><span class=\"icon\"><\/span><span class=\"text\">Tweet<\/span><\/a><div class=\"onoffswitch2 mash-large mashsb-noshadow\" style=\"display:none\"><\/div><\/div>\n            <\/div>\n                <div style=\"clear:both\"><\/div><div class=\"mashsb-toggle-container\"><\/div><\/aside>\n            <!-- Share buttons by mashshare.net - Version: 4.0.47-->\n<p><em>Por Redacci\u00f3n\/Zunoticia<\/em><\/p>\n\n\n\n<p><strong>Pachuca de Soto, Hgo<\/strong>.- La Secretar\u00eda de Movilidad y Transporte (Semot), invita a la ciudadan\u00eda a sumarse el pr\u00f3ximo viernes 22 de septiembre al \u201cD\u00eda mundial sin autom\u00f3vil\u201d, iniciativa que tiene el prop\u00f3sito de potenciar alternativas de desplazamiento como el uso del transporte p\u00fablico, la bicicleta o caminar.<\/p>\n\n\n\n<p>El objetivo es la reducci\u00f3n de contaminaci\u00f3n por veh\u00edculos de motor de combusti\u00f3n interna, adem\u00e1s de concientizar a las personas sobre el da\u00f1o al medio ambiente que provoca el uso masivo de autos.<\/p>\n\n\n\n<p>El d\u00eda mundial sin auto, promueve un espacio p\u00fablico con menos ruido, mejores h\u00e1bitos de desplazamiento y espacios seguros para caminar.<\/p>\n\n\n\n<p>En este sentido, la Semot exhorta a la ciudadan\u00eda hidalguense, a organizarse entre familia, amistades, vecinos y sociedad en general para hacer el esfuerzo y el pr\u00f3ximo viernes, procuren no usar el autom\u00f3vil; viajen en el transporte p\u00fablico, la bicicleta, practiquen viajes compartidos a los centros de trabajo y si la distancia lo permite, caminen.<\/p>\n\n\n\n<p>Al mismo tiempo, personal de la Semot y de sus dos organismos sectorizados -el Sistema de Transporte Convencional de Hidalgo (STCH) y el Sistema Integrado de Transporte Masivo de Hidalgo (SITMAH)-, en el marco del d\u00eda mundial sin autom\u00f3vil, explorando nuevas formas de desplazamiento, se trasladar\u00e1n bajo el programa \u201ccarro compartido\u201d, en bicicleta, transporte p\u00fablico, caminar\u00e1n, entre otras.<\/p>\n\n\n\n<p>Es importante enfatizar que el programa: \u201cCarro compartido\u201d cuenta con la participaci\u00f3n de las y los servidores p\u00fablicos, con el objetivo de fomentar alternativas de traslado, abonando a la econom\u00eda familiar, generando una movilidad responsable y participativa.<\/p>\n\n\n\n<p>La Semot solicita la colaboraci\u00f3n de las personas conductoras, operadoras, peatones y ciclistas a respetar el espacio p\u00fablico, la jerarqu\u00eda de la movilidad, para la construcci\u00f3n de una convivencia armoniosa, responsable, segura y de respeto entre quienes hacemos uso de las v\u00edas de tr\u00e1nsito.<\/p>\n\n\n\n<p>Entre los beneficios de usar la bicicleta se encuentra, que mejora la oxigenaci\u00f3n del cerebro, reduce los niveles de estr\u00e9s, la ansiedad, las posibilidades de enfermedades cardiovasculares. Se fortalece el coraz\u00f3n, mejora la capacidad pulmonar, fortalece el sistema inmunol\u00f3gico y fortalece los m\u00fasculos.<\/p>\n\n\n\n<p>Caminar es otra alternativa, que ayuda al sistema cardiovascular, el cual se activa, fortifica, ayuda a eliminar el colesterol perjudicial para el organismo, ayuda a disminuir el estr\u00e9s, el insomnio entre otros.<\/p>\n\n\n\n<p>Es por eso, que la Semot invita a hacer equipo, para transformar la movilidad, a trav\u00e9s de llevar a la pr\u00e1ctica acciones como estas, y as\u00ed, al sumar voluntades, se logren mejores resultados.<\/p>\n\n\n\n<figure class=\"wp-block-image size-full\"><img fetchpriority=\"high\" decoding=\"async\" width=\"940\" height=\"788\" src=\"https:\/\/www.zunoticia.com\/noticias-de-hidalgo\/wp-content\/uploads\/2023\/09\/Zunoticia-1-4.jpg\" alt=\"\" class=\"wp-image-503997\" srcset=\"https:\/\/www.zunoticia.com\/noticias-de-hidalgo\/wp-content\/uploads\/2023\/09\/Zunoticia-1-4.jpg 940w, https:\/\/www.zunoticia.com\/noticias-de-hidalgo\/wp-content\/uploads\/2023\/09\/Zunoticia-1-4-300x251.jpg 300w, https:\/\/www.zunoticia.com\/noticias-de-hidalgo\/wp-content\/uploads\/2023\/09\/Zunoticia-1-4-768x644.jpg 768w\" sizes=\"(max-width: 940px) 100vw, 940px\" \/><\/figure>\n","protected":false},"excerpt":{"rendered":"<p>Por Redacci\u00f3n\/Zunoticia Pachuca de Soto, Hgo.- La Secretar\u00eda de Movilidad y Transporte (Semot), invita a la ciudadan\u00eda a sumarse el pr\u00f3ximo viernes 22 de septiembre al \u201cD\u00eda mundial sin autom\u00f3vil\u201d, iniciativa que tiene el prop\u00f3sito de potenciar alternativas de desplazamiento como el uso del transporte p\u00fablico, la bicicleta o caminar. El objetivo es la reducci\u00f3n&hellip; <a class=\"more-link\" href=\"https:\/\/www.zunoticia.com\/noticias-de-hidalgo\/2023\/09\/18\/gobierno-de-hidalgo-invita-a-unirse-al-dia-mundial-sin-automovil\/\">Seguir leyendo <span class=\"screen-reader-text\">Gobierno de Hidalgo invita a unirse&nbsp;al d\u00eda mundial sin autom\u00f3vil<\/span><\/a><\/p>\n","protected":false},"author":20,"featured_media":503996,"comment_status":"closed","ping_status":"open","sticky":false,"template":"","format":"standard","meta":{"rop_custom_images_group":[],"rop_custom_messages_group":[],"rop_publish_now":"initial","rop_publish_now_accounts":{"facebook_10159540855086992_322828327761733":""},"rop_publish_now_history":[],"rop_publish_now_status":"pending","footnotes":""},"categories":[208],"tags":[214],"class_list":["post-503995","post","type-post","status-publish","format-standard","has-post-thumbnail","hentry","category-estado","tag-estado","entry"],"_links":{"self":[{"href":"https:\/\/www.zunoticia.com\/noticias-de-hidalgo\/wp-json\/wp\/v2\/posts\/503995","targetHints":{"allow":["GET"]}}],"collection":[{"href":"https:\/\/www.zunoticia.com\/noticias-de-hidalgo\/wp-json\/wp\/v2\/posts"}],"about":[{"href":"https:\/\/www.zunoticia.com\/noticias-de-hidalgo\/wp-json\/wp\/v2\/types\/post"}],"author":[{"embeddable":true,"href":"https:\/\/www.zunoticia.com\/noticias-de-hidalgo\/wp-json\/wp\/v2\/users\/20"}],"replies":[{"embeddable":true,"href":"https:\/\/www.zunoticia.com\/noticias-de-hidalgo\/wp-json\/wp\/v2\/comments?post=503995"}],"version-history":[{"count":1,"href":"https:\/\/www.zunoticia.com\/noticias-de-hidalgo\/wp-json\/wp\/v2\/posts\/503995\/revisions"}],"predecessor-version":[{"id":503998,"href":"https:\/\/www.zunoticia.com\/noticias-de-hidalgo\/wp-json\/wp\/v2\/posts\/503995\/revisions\/503998"}],"wp:featuredmedia":[{"embeddable":true,"href":"https:\/\/www.zunoticia.com\/noticias-de-hidalgo\/wp-json\/wp\/v2\/media\/503996"}],"wp:attachment":[{"href":"https:\/\/www.zunoticia.com\/noticias-de-hidalgo\/wp-json\/wp\/v2\/media?parent=503995"}],"wp:term":[{"taxonomy":"category","embeddable":true,"href":"https:\/\/www.zunoticia.com\/noticias-de-hidalgo\/wp-json\/wp\/v2\/categories?post=503995"},{"taxonomy":"post_tag","embeddable":true,"href":"https:\/\/www.zunoticia.com\/noticias-de-hidalgo\/wp-json\/wp\/v2\/tags?post=503995"}],"curies":[{"name":"wp","href":"https:\/\/api.w.org\/{rel}","templated":true}]}}