{"id":504969,"date":"2023-09-23T11:55:47","date_gmt":"2023-09-23T17:55:47","guid":{"rendered":"https:\/\/www.zunoticia.com\/noticias-de-hidalgo\/?p=504969"},"modified":"2023-09-23T11:55:48","modified_gmt":"2023-09-23T17:55:48","slug":"ciudadano-interesado-como-candidato-independiente-a-diputado","status":"publish","type":"post","link":"https:\/\/www.zunoticia.com\/noticias-de-hidalgo\/2023\/09\/23\/ciudadano-interesado-como-candidato-independiente-a-diputado\/","title":{"rendered":"Ciudadano interesado como candidato independiente a diputado"},"content":{"rendered":"<aside class=\"mashsb-container mashsb-main mashsb-stretched\"><div class=\"mashsb-box\"><div class=\"mashsb-count mash-large\" style=\"float:left\"><div class=\"counts mashsbcount\">18<\/div><span class=\"mashsb-sharetext\">SHARES<\/span><\/div><div class=\"mashsb-buttons\"><a class=\"mashicon-facebook mash-large mash-center mashsb-noshadow\" href=\"https:\/\/www.facebook.com\/sharer.php?u=https%3A%2F%2Fwww.zunoticia.com%2Fnoticias-de-hidalgo%2F2023%2F09%2F23%2Fciudadano-interesado-como-candidato-independiente-a-diputado%2F\" target=\"_top\" rel=\"nofollow\"><span class=\"icon\"><\/span><span class=\"text\">Share<\/span><\/a><a class=\"mashicon-twitter mash-large mash-center mashsb-noshadow\" href=\"https:\/\/twitter.com\/intent\/tweet?text=&amp;url=https:\/\/www.zunoticia.com\/noticias-de-hidalgo\/2023\/09\/23\/ciudadano-interesado-como-candidato-independiente-a-diputado\/\" target=\"_top\" rel=\"nofollow\"><span class=\"icon\"><\/span><span class=\"text\">Tweet<\/span><\/a><div class=\"onoffswitch2 mash-large mashsb-noshadow\" style=\"display:none\"><\/div><\/div>\n            <\/div>\n                <div style=\"clear:both\"><\/div><div class=\"mashsb-toggle-container\"><\/div><\/aside>\n            <!-- Share buttons by mashshare.net - Version: 4.0.47-->\n<p><em>Por Enedino Hern\u00e1ndez\/Zunoticia<\/em><\/p>\n\n\n\n<p><strong>Huejutla, Hgo<\/strong>.- Este fin de semana ante las oficinas de la 01 Junta Distrital del Instituto Nacional Electoral (INE) en Huejutla de Reyes, se present\u00f3 un ciudadano, quien tiene las intenciones de participar como candidato independiente a diputado federal para el proceso electoral 2023-2024.<\/p>\n\n\n\n<p>El vocal ejecutivo del INE en Huejutla de Reyes, Oscar \u00c1vila Aldana, confirm\u00f3 que fue despu\u00e9s del mediod\u00eda del viernes 22 de septiembre, cuando el ciudadano Jorge Arg\u00fcelles Salazar se present\u00f3 ante la 01 Junta Distrital Ejecutiva de Instituto Nacional Electoral en Huejutla.<\/p>\n\n\n\n<p>Durante su primer acercamiento ante las oficinas del INE mostr\u00f3 su intenci\u00f3n de poder participar como candidato independiente a diputado federal, por el 01 Distrito Electoral Federal, por este motivo, a Jorge Arguelles Salazar se le proporcion\u00f3 toda la informaci\u00f3n que deber\u00e1 cumplir.<\/p>\n\n\n\n<p>Para concluir, Oscar \u00c1vila Aldana, confirm\u00f3 que el ciudadano es respaldado por la organizaci\u00f3n Grandeza Oportunidad y Esperanza para Hidalgo A.C.<\/p>\n","protected":false},"excerpt":{"rendered":"<p>Por Enedino Hern\u00e1ndez\/Zunoticia Huejutla, Hgo.- Este fin de semana ante las oficinas de la 01 Junta Distrital del Instituto Nacional Electoral (INE) en Huejutla de Reyes, se present\u00f3 un ciudadano, quien tiene las intenciones de participar como candidato independiente a diputado federal para el proceso electoral 2023-2024. El vocal ejecutivo del INE en Huejutla de&hellip; <a class=\"more-link\" href=\"https:\/\/www.zunoticia.com\/noticias-de-hidalgo\/2023\/09\/23\/ciudadano-interesado-como-candidato-independiente-a-diputado\/\">Seguir leyendo <span class=\"screen-reader-text\">Ciudadano interesado como candidato independiente a diputado<\/span><\/a><\/p>\n","protected":false},"author":20,"featured_media":504970,"comment_status":"closed","ping_status":"open","sticky":false,"template":"","format":"standard","meta":{"rop_custom_images_group":[],"rop_custom_messages_group":[],"rop_publish_now":"initial","rop_publish_now_accounts":{"facebook_10159540855086992_322828327761733":""},"rop_publish_now_history":[],"rop_publish_now_status":"pending","footnotes":""},"categories":[181],"tags":[121],"class_list":["post-504969","post","type-post","status-publish","format-standard","has-post-thumbnail","hentry","category-huejutla","tag-huejutla","entry"],"_links":{"self":[{"href":"https:\/\/www.zunoticia.com\/noticias-de-hidalgo\/wp-json\/wp\/v2\/posts\/504969","targetHints":{"allow":["GET"]}}],"collection":[{"href":"https:\/\/www.zunoticia.com\/noticias-de-hidalgo\/wp-json\/wp\/v2\/posts"}],"about":[{"href":"https:\/\/www.zunoticia.com\/noticias-de-hidalgo\/wp-json\/wp\/v2\/types\/post"}],"author":[{"embeddable":true,"href":"https:\/\/www.zunoticia.com\/noticias-de-hidalgo\/wp-json\/wp\/v2\/users\/20"}],"replies":[{"embeddable":true,"href":"https:\/\/www.zunoticia.com\/noticias-de-hidalgo\/wp-json\/wp\/v2\/comments?post=504969"}],"version-history":[{"count":1,"href":"https:\/\/www.zunoticia.com\/noticias-de-hidalgo\/wp-json\/wp\/v2\/posts\/504969\/revisions"}],"predecessor-version":[{"id":504971,"href":"https:\/\/www.zunoticia.com\/noticias-de-hidalgo\/wp-json\/wp\/v2\/posts\/504969\/revisions\/504971"}],"wp:featuredmedia":[{"embeddable":true,"href":"https:\/\/www.zunoticia.com\/noticias-de-hidalgo\/wp-json\/wp\/v2\/media\/504970"}],"wp:attachment":[{"href":"https:\/\/www.zunoticia.com\/noticias-de-hidalgo\/wp-json\/wp\/v2\/media?parent=504969"}],"wp:term":[{"taxonomy":"category","embeddable":true,"href":"https:\/\/www.zunoticia.com\/noticias-de-hidalgo\/wp-json\/wp\/v2\/categories?post=504969"},{"taxonomy":"post_tag","embeddable":true,"href":"https:\/\/www.zunoticia.com\/noticias-de-hidalgo\/wp-json\/wp\/v2\/tags?post=504969"}],"curies":[{"name":"wp","href":"https:\/\/api.w.org\/{rel}","templated":true}]}}