{"id":504982,"date":"2023-09-23T14:06:20","date_gmt":"2023-09-23T20:06:20","guid":{"rendered":"https:\/\/www.zunoticia.com\/noticias-de-hidalgo\/?p=504982"},"modified":"2023-09-23T14:06:21","modified_gmt":"2023-09-23T20:06:21","slug":"exige-fdomez-justicia-para-gregorio-de-la-cruz-2","status":"publish","type":"post","link":"https:\/\/www.zunoticia.com\/noticias-de-hidalgo\/2023\/09\/23\/exige-fdomez-justicia-para-gregorio-de-la-cruz-2\/","title":{"rendered":"Exige FDOMEZ justicia para Gregorio de la Cruz"},"content":{"rendered":"<aside class=\"mashsb-container mashsb-main mashsb-stretched\"><div class=\"mashsb-box\"><div class=\"mashsb-count mash-large\" style=\"float:left\"><div class=\"counts mashsbcount\">5<\/div><span class=\"mashsb-sharetext\">SHARES<\/span><\/div><div class=\"mashsb-buttons\"><a class=\"mashicon-facebook mash-large mash-center mashsb-noshadow\" href=\"https:\/\/www.facebook.com\/sharer.php?u=https%3A%2F%2Fwww.zunoticia.com%2Fnoticias-de-hidalgo%2F2023%2F09%2F23%2Fexige-fdomez-justicia-para-gregorio-de-la-cruz-2%2F\" target=\"_top\" rel=\"nofollow\"><span class=\"icon\"><\/span><span class=\"text\">Share<\/span><\/a><a class=\"mashicon-twitter mash-large mash-center mashsb-noshadow\" href=\"https:\/\/twitter.com\/intent\/tweet?text=&amp;url=https:\/\/www.zunoticia.com\/noticias-de-hidalgo\/2023\/09\/23\/exige-fdomez-justicia-para-gregorio-de-la-cruz-2\/\" target=\"_top\" rel=\"nofollow\"><span class=\"icon\"><\/span><span class=\"text\">Tweet<\/span><\/a><div class=\"onoffswitch2 mash-large mashsb-noshadow\" style=\"display:none\"><\/div><\/div>\n            <\/div>\n                <div style=\"clear:both\"><\/div><div class=\"mashsb-toggle-container\"><\/div><\/aside>\n            <!-- Share buttons by mashshare.net - Version: 4.0.47-->\n<p><em>Por Enedino Hern\u00e1ndez\/Zunoticia<\/em><\/p>\n\n\n\n<p><strong>Huejutla, Hgo<\/strong>.- En conferencia de prensa, integrantes del Frente Democr\u00e1tico Oriental de M\u00e9xico Emiliano Zapata (FDOMEZ) se concentraron la ma\u00f1ana del s\u00e1bado 23 de septiembre en la plaza \u201cNicandro Castillo\u201d, de esta ciudad de Huejutla de Reyes para exigir justicia para Gregorio de la Cruz a dos meses de su ejecuci\u00f3n.<\/p>\n\n\n\n<p>Destacan que han trascurrido dos meses, tiempo que la fiscal\u00eda de distrito de Tantoyuca, Veracruz, se ha dedicado \u201ca garantizar la impunidad a los perpetradores del crimen, hostigar al pueblo de Metlatepec y al Frente Nacional de Lucha por el Socialismo (FNLS)\u201d.<\/p>\n\n\n\n<p>\u201cDichos atropellos revictimizan a Gregorio, su familia, a nosotros sus compa\u00f1eros de lucha y a la organizaci\u00f3n donde militaba; la fiscal\u00eda comete estas injusticias al momento de tener como pol\u00edtica la dilaci\u00f3n.<\/p>\n\n\n\n<p>Detallan que la fiscal\u00eda en lugar de proveer justicia tanto a familiares como a los compa\u00f1eros de lucha Gregorio, los incrimina, \u201ccon infamia se\u00f1ala a compa\u00f1eros como presuntos responsables del crimen atroz, perpetrado en contra de la humanidad de Gregorio, de esa manera, la fiscal\u00eda asume una postura dolosa y ruin respecto al caso del compa\u00f1ero Gregorio\u201d.<\/p>\n\n\n\n<p>Resulta que hasta el d\u00eda de hoy no ha presentado a los familiares ning\u00fan avance de la investigaci\u00f3n\u201d, de tal manera que en dos meses no se conoce ninguna actuaci\u00f3n en favor de otorgar justica a nuestro compa\u00f1ero Gregorio o al menos, no hay ning\u00fan dato sobre estas, esto es violatorio del derecho de conocer el avance de la investigaci\u00f3n, la fiscal\u00eda falta al principio de una investigaci\u00f3n pronta y expedita, por tanto, contraviene la ley que dice representar.<\/p>\n","protected":false},"excerpt":{"rendered":"<p>Por Enedino Hern\u00e1ndez\/Zunoticia Huejutla, Hgo.- En conferencia de prensa, integrantes del Frente Democr\u00e1tico Oriental de M\u00e9xico Emiliano Zapata (FDOMEZ) se concentraron la ma\u00f1ana del s\u00e1bado 23 de septiembre en la plaza \u201cNicandro Castillo\u201d, de esta ciudad de Huejutla de Reyes para exigir justicia para Gregorio de la Cruz a dos meses de su ejecuci\u00f3n. Destacan&hellip; <a class=\"more-link\" href=\"https:\/\/www.zunoticia.com\/noticias-de-hidalgo\/2023\/09\/23\/exige-fdomez-justicia-para-gregorio-de-la-cruz-2\/\">Seguir leyendo <span class=\"screen-reader-text\">Exige FDOMEZ justicia para Gregorio de la Cruz<\/span><\/a><\/p>\n","protected":false},"author":20,"featured_media":504983,"comment_status":"closed","ping_status":"open","sticky":false,"template":"","format":"standard","meta":{"rop_custom_images_group":[],"rop_custom_messages_group":[],"rop_publish_now":"initial","rop_publish_now_accounts":{"facebook_10159540855086992_322828327761733":""},"rop_publish_now_history":[],"rop_publish_now_status":"pending","footnotes":""},"categories":[181],"tags":[121],"class_list":["post-504982","post","type-post","status-publish","format-standard","has-post-thumbnail","hentry","category-huejutla","tag-huejutla","entry"],"_links":{"self":[{"href":"https:\/\/www.zunoticia.com\/noticias-de-hidalgo\/wp-json\/wp\/v2\/posts\/504982","targetHints":{"allow":["GET"]}}],"collection":[{"href":"https:\/\/www.zunoticia.com\/noticias-de-hidalgo\/wp-json\/wp\/v2\/posts"}],"about":[{"href":"https:\/\/www.zunoticia.com\/noticias-de-hidalgo\/wp-json\/wp\/v2\/types\/post"}],"author":[{"embeddable":true,"href":"https:\/\/www.zunoticia.com\/noticias-de-hidalgo\/wp-json\/wp\/v2\/users\/20"}],"replies":[{"embeddable":true,"href":"https:\/\/www.zunoticia.com\/noticias-de-hidalgo\/wp-json\/wp\/v2\/comments?post=504982"}],"version-history":[{"count":1,"href":"https:\/\/www.zunoticia.com\/noticias-de-hidalgo\/wp-json\/wp\/v2\/posts\/504982\/revisions"}],"predecessor-version":[{"id":504984,"href":"https:\/\/www.zunoticia.com\/noticias-de-hidalgo\/wp-json\/wp\/v2\/posts\/504982\/revisions\/504984"}],"wp:featuredmedia":[{"embeddable":true,"href":"https:\/\/www.zunoticia.com\/noticias-de-hidalgo\/wp-json\/wp\/v2\/media\/504983"}],"wp:attachment":[{"href":"https:\/\/www.zunoticia.com\/noticias-de-hidalgo\/wp-json\/wp\/v2\/media?parent=504982"}],"wp:term":[{"taxonomy":"category","embeddable":true,"href":"https:\/\/www.zunoticia.com\/noticias-de-hidalgo\/wp-json\/wp\/v2\/categories?post=504982"},{"taxonomy":"post_tag","embeddable":true,"href":"https:\/\/www.zunoticia.com\/noticias-de-hidalgo\/wp-json\/wp\/v2\/tags?post=504982"}],"curies":[{"name":"wp","href":"https:\/\/api.w.org\/{rel}","templated":true}]}}