{"id":504995,"date":"2023-09-23T17:01:14","date_gmt":"2023-09-23T23:01:14","guid":{"rendered":"https:\/\/www.zunoticia.com\/noticias-de-hidalgo\/?p=504995"},"modified":"2023-09-23T17:01:15","modified_gmt":"2023-09-23T23:01:15","slug":"tiraderos-de-basura-en-el-centro-se-normaliza-poco-a-poco","status":"publish","type":"post","link":"https:\/\/www.zunoticia.com\/noticias-de-hidalgo\/2023\/09\/23\/tiraderos-de-basura-en-el-centro-se-normaliza-poco-a-poco\/","title":{"rendered":"\u201cTiraderos\u201d de basura en el Centro se normaliza poco a poco"},"content":{"rendered":"<aside class=\"mashsb-container mashsb-main mashsb-stretched\"><div class=\"mashsb-box\"><div class=\"mashsb-count mash-large\" style=\"float:left\"><div class=\"counts mashsbcount\">4<\/div><span class=\"mashsb-sharetext\">SHARES<\/span><\/div><div class=\"mashsb-buttons\"><a class=\"mashicon-facebook mash-large mash-center mashsb-noshadow\" href=\"https:\/\/www.facebook.com\/sharer.php?u=https%3A%2F%2Fwww.zunoticia.com%2Fnoticias-de-hidalgo%2F2023%2F09%2F23%2Ftiraderos-de-basura-en-el-centro-se-normaliza-poco-a-poco%2F\" target=\"_top\" rel=\"nofollow\"><span class=\"icon\"><\/span><span class=\"text\">Share<\/span><\/a><a class=\"mashicon-twitter mash-large mash-center mashsb-noshadow\" href=\"https:\/\/twitter.com\/intent\/tweet?text=&amp;url=https:\/\/www.zunoticia.com\/noticias-de-hidalgo\/2023\/09\/23\/tiraderos-de-basura-en-el-centro-se-normaliza-poco-a-poco\/\" target=\"_top\" rel=\"nofollow\"><span class=\"icon\"><\/span><span class=\"text\">Tweet<\/span><\/a><div class=\"onoffswitch2 mash-large mashsb-noshadow\" style=\"display:none\"><\/div><\/div>\n            <\/div>\n                <div style=\"clear:both\"><\/div><div class=\"mashsb-toggle-container\"><\/div><\/aside>\n            <!-- Share buttons by mashshare.net - Version: 4.0.47-->\n<p><em>Por Enedino Hern\u00e1ndez\/Zunoticia<\/em><\/p>\n\n\n\n<p><strong>Huejutla, Hgo.-<\/strong> \u201cEl problema que se ten\u00eda con los tiraderos de la basura en la zona Centro poco a poco se est\u00e1 normalizando, pues los ciudadanos toman consciencia de que ya no deben tirar la basura en cualquier lugar\u201d, se\u00f1al\u00f3 el delegado municipal de la colonia Centro de Huejutla, Felipe de Jes\u00fas Rodr\u00edguez Vera.<\/p>\n\n\n\n<p>Expone que, la gente hace consciencia que debe depositar la basura en los lugares correspondientes, pues a la persona que se sorprenda tir\u00e1ndola en lugares prohibidos, se la aplicar\u00e1 una multa correctiva.<\/p>\n\n\n\n<p>Se\u00f1al\u00f3 que, en la zona Centro de Huejutla se tienen suficientes letreros en donde se detallan los lugares en donde se proh\u00edbe tirar la basura; anteriormente se observaba una camioneta que tiraba basura, incluso tal vez pescado echado a perder o v\u00edsceras de animales muertos y los aventaba sobre la banqueta de la calle Morelos y Jaime Nun\u00f3.<\/p>\n\n\n\n<p>Toda la gran pestilencia que llevaba la camioneta afectaba el medio ambiente y la persona bajaba las bolsas con guantes para tirar su basura, pero ya no ha ido; tambi\u00e9n se observaba por el antiguo rastro a un motociclista que llevaba hasta un remolque a tirar su basura, ya no han aparecido, pues seguramente se enteraron que los vecinos est\u00e1n atentos para atraparlos si siguen con este tipo de situaciones.<\/p>\n\n\n\n<p>Felipe Rodr\u00edguez, insiste que, los vecinos tanto de la calle Morelos como los del ex rastro se mantienen atentos \u201cya no van a permitir m\u00e1s que las personas vayan a estos sectores a tirar la basura en sus \u00e1reas\u201d.<\/p>\n\n\n\n<p><\/p>\n","protected":false},"excerpt":{"rendered":"<p>Por Enedino Hern\u00e1ndez\/Zunoticia Huejutla, Hgo.- \u201cEl problema que se ten\u00eda con los tiraderos de la basura en la zona Centro poco a poco se est\u00e1 normalizando, pues los ciudadanos toman consciencia de que ya no deben tirar la basura en cualquier lugar\u201d, se\u00f1al\u00f3 el delegado municipal de la colonia Centro de Huejutla, Felipe de Jes\u00fas&hellip; <a class=\"more-link\" href=\"https:\/\/www.zunoticia.com\/noticias-de-hidalgo\/2023\/09\/23\/tiraderos-de-basura-en-el-centro-se-normaliza-poco-a-poco\/\">Seguir leyendo <span class=\"screen-reader-text\">\u201cTiraderos\u201d de basura en el Centro se normaliza poco a poco<\/span><\/a><\/p>\n","protected":false},"author":20,"featured_media":504996,"comment_status":"closed","ping_status":"open","sticky":false,"template":"","format":"standard","meta":{"rop_custom_images_group":[],"rop_custom_messages_group":[],"rop_publish_now":"initial","rop_publish_now_accounts":{"facebook_10159540855086992_322828327761733":""},"rop_publish_now_history":[],"rop_publish_now_status":"pending","footnotes":""},"categories":[181],"tags":[121],"class_list":["post-504995","post","type-post","status-publish","format-standard","has-post-thumbnail","hentry","category-huejutla","tag-huejutla","entry"],"_links":{"self":[{"href":"https:\/\/www.zunoticia.com\/noticias-de-hidalgo\/wp-json\/wp\/v2\/posts\/504995","targetHints":{"allow":["GET"]}}],"collection":[{"href":"https:\/\/www.zunoticia.com\/noticias-de-hidalgo\/wp-json\/wp\/v2\/posts"}],"about":[{"href":"https:\/\/www.zunoticia.com\/noticias-de-hidalgo\/wp-json\/wp\/v2\/types\/post"}],"author":[{"embeddable":true,"href":"https:\/\/www.zunoticia.com\/noticias-de-hidalgo\/wp-json\/wp\/v2\/users\/20"}],"replies":[{"embeddable":true,"href":"https:\/\/www.zunoticia.com\/noticias-de-hidalgo\/wp-json\/wp\/v2\/comments?post=504995"}],"version-history":[{"count":1,"href":"https:\/\/www.zunoticia.com\/noticias-de-hidalgo\/wp-json\/wp\/v2\/posts\/504995\/revisions"}],"predecessor-version":[{"id":504997,"href":"https:\/\/www.zunoticia.com\/noticias-de-hidalgo\/wp-json\/wp\/v2\/posts\/504995\/revisions\/504997"}],"wp:featuredmedia":[{"embeddable":true,"href":"https:\/\/www.zunoticia.com\/noticias-de-hidalgo\/wp-json\/wp\/v2\/media\/504996"}],"wp:attachment":[{"href":"https:\/\/www.zunoticia.com\/noticias-de-hidalgo\/wp-json\/wp\/v2\/media?parent=504995"}],"wp:term":[{"taxonomy":"category","embeddable":true,"href":"https:\/\/www.zunoticia.com\/noticias-de-hidalgo\/wp-json\/wp\/v2\/categories?post=504995"},{"taxonomy":"post_tag","embeddable":true,"href":"https:\/\/www.zunoticia.com\/noticias-de-hidalgo\/wp-json\/wp\/v2\/tags?post=504995"}],"curies":[{"name":"wp","href":"https:\/\/api.w.org\/{rel}","templated":true}]}}