{"id":505335,"date":"2023-09-25T22:19:52","date_gmt":"2023-09-26T04:19:52","guid":{"rendered":"https:\/\/www.zunoticia.com\/noticias-de-hidalgo\/?p=505335"},"modified":"2023-09-25T22:19:53","modified_gmt":"2023-09-26T04:19:53","slug":"conmemoran-dia-naranja-en-el-dif-municipal","status":"publish","type":"post","link":"https:\/\/www.zunoticia.com\/noticias-de-hidalgo\/2023\/09\/25\/conmemoran-dia-naranja-en-el-dif-municipal\/","title":{"rendered":"Conmemoran \u201cD\u00eda Naranja\u201d en el DIF Municipal"},"content":{"rendered":"<aside class=\"mashsb-container mashsb-main mashsb-stretched\"><div class=\"mashsb-box\"><div class=\"mashsb-count mash-large\" style=\"float:left\"><div class=\"counts mashsbcount\">12<\/div><span class=\"mashsb-sharetext\">SHARES<\/span><\/div><div class=\"mashsb-buttons\"><a class=\"mashicon-facebook mash-large mash-center mashsb-noshadow\" href=\"https:\/\/www.facebook.com\/sharer.php?u=https%3A%2F%2Fwww.zunoticia.com%2Fnoticias-de-hidalgo%2F2023%2F09%2F25%2Fconmemoran-dia-naranja-en-el-dif-municipal%2F\" target=\"_top\" rel=\"nofollow\"><span class=\"icon\"><\/span><span class=\"text\">Share<\/span><\/a><a class=\"mashicon-twitter mash-large mash-center mashsb-noshadow\" href=\"https:\/\/twitter.com\/intent\/tweet?text=&amp;url=https:\/\/www.zunoticia.com\/noticias-de-hidalgo\/2023\/09\/25\/conmemoran-dia-naranja-en-el-dif-municipal\/\" target=\"_top\" rel=\"nofollow\"><span class=\"icon\"><\/span><span class=\"text\">Tweet<\/span><\/a><div class=\"onoffswitch2 mash-large mashsb-noshadow\" style=\"display:none\"><\/div><\/div>\n            <\/div>\n                <div style=\"clear:both\"><\/div><div class=\"mashsb-toggle-container\"><\/div><\/aside>\n            <!-- Share buttons by mashshare.net - Version: 4.0.47-->\n<p><em>Por \u00c1ngel Silverio\/Zunoticia<\/em><\/p>\n\n\n\n<p><strong>San Felipe Orizatl\u00e1n, Hgo<\/strong>.-&nbsp; Con motivo del D\u00eda Naranja, que se conmemora los d\u00edas 25 de cada mes, se llev\u00f3 a cabo una conferencia denominada Yo Me Uno, en el Sistema Municipal para el Desarrollo Integral de la Familia (SMDIF),&nbsp; donde se habl\u00f3 de los tipos de violencia y c\u00f3mo identificarla para poder erradicarla.<\/p>\n\n\n\n<p>En dicha platica, se les explic\u00f3 por qu\u00e9 se conmemora el D\u00eda Naranja, ya que este es un d\u00eda para trabajar juntos y evitar la violencia hacia mujeres y ni\u00f1os; el color naranja representa un futuro mejor, lleno de esperanza libre de violencia y la urgencia que se tiene de trabajar juntos como familias, erradicar estos actos hacia mujeres, ni\u00f1as y ni\u00f1os y que se luche por un futuro brillante.<\/p>\n\n\n\n<p>La conferencia donde participaron las mujeres que laboran en el DIF, fueron exhortadas a que siempre se ocupen de apuntalar las bases de una ciudadan\u00eda responsable y sensible; as\u00ed como generar espacios de empat\u00eda entre la comunidad educativa, la cual, impactar\u00e1 en los futuros hombres y mujeres del ma\u00f1ana.<\/p>\n\n\n\n<p>Pidieron tambi\u00e9n que este mensaje de replique en sus hogares y a su vez, en su comunidad, as\u00ed juntos poder erradicar la violencia que a\u00fan sufren mujeres y ni\u00f1as; e invitaron a quienes est\u00e9n pasando por una situaci\u00f3n de violencia f\u00edsica, verbal o psicol\u00f3gica, a que se acerquen al DIF, donde les pueden dar orientaci\u00f3n.<\/p>\n","protected":false},"excerpt":{"rendered":"<p>Por \u00c1ngel Silverio\/Zunoticia San Felipe Orizatl\u00e1n, Hgo.-&nbsp; Con motivo del D\u00eda Naranja, que se conmemora los d\u00edas 25 de cada mes, se llev\u00f3 a cabo una conferencia denominada Yo Me Uno, en el Sistema Municipal para el Desarrollo Integral de la Familia (SMDIF),&nbsp; donde se habl\u00f3 de los tipos de violencia y c\u00f3mo identificarla para&hellip; <a class=\"more-link\" href=\"https:\/\/www.zunoticia.com\/noticias-de-hidalgo\/2023\/09\/25\/conmemoran-dia-naranja-en-el-dif-municipal\/\">Seguir leyendo <span class=\"screen-reader-text\">Conmemoran \u201cD\u00eda Naranja\u201d en el DIF Municipal<\/span><\/a><\/p>\n","protected":false},"author":12,"featured_media":505265,"comment_status":"closed","ping_status":"open","sticky":false,"template":"","format":"standard","meta":{"rop_custom_images_group":[],"rop_custom_messages_group":[],"rop_publish_now":"initial","rop_publish_now_accounts":{"facebook_10159540855086992_322828327761733":""},"rop_publish_now_history":[],"rop_publish_now_status":"pending","footnotes":""},"categories":[180],"tags":[129],"class_list":["post-505335","post","type-post","status-publish","format-standard","has-post-thumbnail","hentry","category-orizatlan","tag-orizatlan","entry"],"_links":{"self":[{"href":"https:\/\/www.zunoticia.com\/noticias-de-hidalgo\/wp-json\/wp\/v2\/posts\/505335","targetHints":{"allow":["GET"]}}],"collection":[{"href":"https:\/\/www.zunoticia.com\/noticias-de-hidalgo\/wp-json\/wp\/v2\/posts"}],"about":[{"href":"https:\/\/www.zunoticia.com\/noticias-de-hidalgo\/wp-json\/wp\/v2\/types\/post"}],"author":[{"embeddable":true,"href":"https:\/\/www.zunoticia.com\/noticias-de-hidalgo\/wp-json\/wp\/v2\/users\/12"}],"replies":[{"embeddable":true,"href":"https:\/\/www.zunoticia.com\/noticias-de-hidalgo\/wp-json\/wp\/v2\/comments?post=505335"}],"version-history":[{"count":1,"href":"https:\/\/www.zunoticia.com\/noticias-de-hidalgo\/wp-json\/wp\/v2\/posts\/505335\/revisions"}],"predecessor-version":[{"id":505341,"href":"https:\/\/www.zunoticia.com\/noticias-de-hidalgo\/wp-json\/wp\/v2\/posts\/505335\/revisions\/505341"}],"wp:featuredmedia":[{"embeddable":true,"href":"https:\/\/www.zunoticia.com\/noticias-de-hidalgo\/wp-json\/wp\/v2\/media\/505265"}],"wp:attachment":[{"href":"https:\/\/www.zunoticia.com\/noticias-de-hidalgo\/wp-json\/wp\/v2\/media?parent=505335"}],"wp:term":[{"taxonomy":"category","embeddable":true,"href":"https:\/\/www.zunoticia.com\/noticias-de-hidalgo\/wp-json\/wp\/v2\/categories?post=505335"},{"taxonomy":"post_tag","embeddable":true,"href":"https:\/\/www.zunoticia.com\/noticias-de-hidalgo\/wp-json\/wp\/v2\/tags?post=505335"}],"curies":[{"name":"wp","href":"https:\/\/api.w.org\/{rel}","templated":true}]}}