{"id":506400,"date":"2023-09-30T12:01:03","date_gmt":"2023-09-30T18:01:03","guid":{"rendered":"https:\/\/www.zunoticia.com\/noticias-de-hidalgo\/?p=506400"},"modified":"2023-09-30T12:01:05","modified_gmt":"2023-09-30T18:01:05","slug":"estamos-a-la-defensa-del-maiz-nativo","status":"publish","type":"post","link":"https:\/\/www.zunoticia.com\/noticias-de-hidalgo\/2023\/09\/30\/estamos-a-la-defensa-del-maiz-nativo\/","title":{"rendered":"\u201cEstamos a la defensa del ma\u00edz nativo\u201d"},"content":{"rendered":"<aside class=\"mashsb-container mashsb-main mashsb-stretched\"><div class=\"mashsb-box\"><div class=\"mashsb-count mash-large\" style=\"float:left\"><div class=\"counts mashsbcount\">7<\/div><span class=\"mashsb-sharetext\">SHARES<\/span><\/div><div class=\"mashsb-buttons\"><a class=\"mashicon-facebook mash-large mash-center mashsb-noshadow\" href=\"https:\/\/www.facebook.com\/sharer.php?u=https%3A%2F%2Fwww.zunoticia.com%2Fnoticias-de-hidalgo%2F2023%2F09%2F30%2Festamos-a-la-defensa-del-maiz-nativo%2F\" target=\"_top\" rel=\"nofollow\"><span class=\"icon\"><\/span><span class=\"text\">Share<\/span><\/a><a class=\"mashicon-twitter mash-large mash-center mashsb-noshadow\" href=\"https:\/\/twitter.com\/intent\/tweet?text=&amp;url=https:\/\/www.zunoticia.com\/noticias-de-hidalgo\/2023\/09\/30\/estamos-a-la-defensa-del-maiz-nativo\/\" target=\"_top\" rel=\"nofollow\"><span class=\"icon\"><\/span><span class=\"text\">Tweet<\/span><\/a><div class=\"onoffswitch2 mash-large mashsb-noshadow\" style=\"display:none\"><\/div><\/div>\n            <\/div>\n                <div style=\"clear:both\"><\/div><div class=\"mashsb-toggle-container\"><\/div><\/aside>\n            <!-- Share buttons by mashshare.net - Version: 4.0.47-->\n<p><em>Por Enedino Hern\u00e1ndez\/Zunoticia<\/em><\/p>\n\n\n\n<p><strong>Huejutla, Hgo<\/strong>.- El coordinador Territorial de la Regi\u00f3n 24 de la Estrategia de Acompa\u00f1amiento T\u00e9cnico, V\u00edctor Daniel Luna Vega, detall\u00f3 que los productores del campo se mantienen atentos y a la defensa del ma\u00edz nativo.<\/p>\n\n\n\n<p>Lo anterior, fue expuesto previamente a la participaci\u00f3n de los productores agropecuarios de diversos municipios de la huasteca, durante las actividades realizadas con motivo de la Celebraci\u00f3n del D\u00eda Nacional del Ma\u00edz 2023, realizado el viernes en la Unidad Deportiva de Colalambre, en esta ciudad de Huejutla de Reyes.<\/p>\n\n\n\n<p>\u201cCelebramos el D\u00eda Nacional del Ma\u00edz 2023, en donde damos a conocer la importancia que se tiene de este grano a nivel nacional y que tiene un gran valor econ\u00f3mico, cultural y nutricional para todas las familias. Este d\u00eda se realizan actividades culturales, danzas, muestra gastron\u00f3mica, exposici\u00f3n de las variedades de ma\u00edz, m\u00fasica, rituales\u201d se\u00f1al\u00f3.<\/p>\n\n\n\n<p>Durante el evento participaron los productores del campo de las diversas comunidades de Huejutla de Reyes, Yahualica, Atlapexco, Calnali, San Felipe Orizatl\u00e1n, Huautla y Huazalingo; en donde la estrategia sigue creciendo con resultados positivos para los productores de ma\u00edz y otras variedades de vegetales del campo de la huasteca.<\/p>\n\n\n\n<p>V\u00edctor Daniel Luna Vega, consider\u00f3 importante fortalecer y aplicar la agroecolog\u00eda en la producci\u00f3n del campo, en donde adem\u00e1s se promueve el resguardo, la conservaci\u00f3n de semillas nativas, \u201cpor lo que es muy importante que la gente siga produciendo libre de t\u00f3xicos y de qu\u00edmicos\u201d.<\/p>\n\n\n\n<p>Expuso que, los productores se pronuncian para no sembrar el ma\u00edz transg\u00e9nico \u201cdefinitivamente que estamos a la defensa del ma\u00edz nativo, no queremos variedades de semillas transg\u00e9nicas por toda la riqueza cultural e hist\u00f3rica que tienen nuestros pueblos originarios\u201d.<\/p>\n\n\n\n<figure class=\"wp-block-gallery has-nested-images columns-default is-cropped wp-block-gallery-1 is-layout-flex wp-block-gallery-is-layout-flex\">\n<figure class=\"wp-block-image size-large\"><img fetchpriority=\"high\" decoding=\"async\" width=\"940\" height=\"788\" data-id=\"506402\" src=\"https:\/\/www.zunoticia.com\/noticias-de-hidalgo\/wp-content\/uploads\/2023\/09\/Zunoticia-3-28.png\" alt=\"\" class=\"wp-image-506402\" srcset=\"https:\/\/www.zunoticia.com\/noticias-de-hidalgo\/wp-content\/uploads\/2023\/09\/Zunoticia-3-28.png 940w, https:\/\/www.zunoticia.com\/noticias-de-hidalgo\/wp-content\/uploads\/2023\/09\/Zunoticia-3-28-300x251.png 300w, https:\/\/www.zunoticia.com\/noticias-de-hidalgo\/wp-content\/uploads\/2023\/09\/Zunoticia-3-28-768x644.png 768w\" sizes=\"(max-width: 940px) 100vw, 940px\" \/><\/figure>\n\n\n\n<figure class=\"wp-block-image size-large\"><img decoding=\"async\" width=\"940\" height=\"788\" data-id=\"506404\" src=\"https:\/\/www.zunoticia.com\/noticias-de-hidalgo\/wp-content\/uploads\/2023\/09\/Zunoticia-2-70.png\" alt=\"\" class=\"wp-image-506404\" srcset=\"https:\/\/www.zunoticia.com\/noticias-de-hidalgo\/wp-content\/uploads\/2023\/09\/Zunoticia-2-70.png 940w, https:\/\/www.zunoticia.com\/noticias-de-hidalgo\/wp-content\/uploads\/2023\/09\/Zunoticia-2-70-300x251.png 300w, https:\/\/www.zunoticia.com\/noticias-de-hidalgo\/wp-content\/uploads\/2023\/09\/Zunoticia-2-70-768x644.png 768w\" sizes=\"(max-width: 940px) 100vw, 940px\" \/><\/figure>\n\n\n\n<figure class=\"wp-block-image size-large\"><img decoding=\"async\" width=\"940\" height=\"788\" data-id=\"506403\" src=\"https:\/\/www.zunoticia.com\/noticias-de-hidalgo\/wp-content\/uploads\/2023\/09\/Zunoticia-1-184.png\" alt=\"\" class=\"wp-image-506403\" srcset=\"https:\/\/www.zunoticia.com\/noticias-de-hidalgo\/wp-content\/uploads\/2023\/09\/Zunoticia-1-184.png 940w, https:\/\/www.zunoticia.com\/noticias-de-hidalgo\/wp-content\/uploads\/2023\/09\/Zunoticia-1-184-300x251.png 300w, https:\/\/www.zunoticia.com\/noticias-de-hidalgo\/wp-content\/uploads\/2023\/09\/Zunoticia-1-184-768x644.png 768w\" sizes=\"(max-width: 940px) 100vw, 940px\" \/><\/figure>\n<\/figure>\n\n\n\n<p><\/p>\n","protected":false},"excerpt":{"rendered":"<p>Por Enedino Hern\u00e1ndez\/Zunoticia Huejutla, Hgo.- El coordinador Territorial de la Regi\u00f3n 24 de la Estrategia de Acompa\u00f1amiento T\u00e9cnico, V\u00edctor Daniel Luna Vega, detall\u00f3 que los productores del campo se mantienen atentos y a la defensa del ma\u00edz nativo. Lo anterior, fue expuesto previamente a la participaci\u00f3n de los productores agropecuarios de diversos municipios de la&hellip; <a class=\"more-link\" href=\"https:\/\/www.zunoticia.com\/noticias-de-hidalgo\/2023\/09\/30\/estamos-a-la-defensa-del-maiz-nativo\/\">Seguir leyendo <span class=\"screen-reader-text\">\u201cEstamos a la defensa del ma\u00edz nativo\u201d<\/span><\/a><\/p>\n","protected":false},"author":20,"featured_media":506401,"comment_status":"closed","ping_status":"open","sticky":false,"template":"","format":"standard","meta":{"rop_custom_images_group":[],"rop_custom_messages_group":[],"rop_publish_now":"initial","rop_publish_now_accounts":{"facebook_10159540855086992_322828327761733":""},"rop_publish_now_history":[],"rop_publish_now_status":"pending","footnotes":""},"categories":[181],"tags":[121],"class_list":["post-506400","post","type-post","status-publish","format-standard","has-post-thumbnail","hentry","category-huejutla","tag-huejutla","entry"],"_links":{"self":[{"href":"https:\/\/www.zunoticia.com\/noticias-de-hidalgo\/wp-json\/wp\/v2\/posts\/506400","targetHints":{"allow":["GET"]}}],"collection":[{"href":"https:\/\/www.zunoticia.com\/noticias-de-hidalgo\/wp-json\/wp\/v2\/posts"}],"about":[{"href":"https:\/\/www.zunoticia.com\/noticias-de-hidalgo\/wp-json\/wp\/v2\/types\/post"}],"author":[{"embeddable":true,"href":"https:\/\/www.zunoticia.com\/noticias-de-hidalgo\/wp-json\/wp\/v2\/users\/20"}],"replies":[{"embeddable":true,"href":"https:\/\/www.zunoticia.com\/noticias-de-hidalgo\/wp-json\/wp\/v2\/comments?post=506400"}],"version-history":[{"count":1,"href":"https:\/\/www.zunoticia.com\/noticias-de-hidalgo\/wp-json\/wp\/v2\/posts\/506400\/revisions"}],"predecessor-version":[{"id":506405,"href":"https:\/\/www.zunoticia.com\/noticias-de-hidalgo\/wp-json\/wp\/v2\/posts\/506400\/revisions\/506405"}],"wp:featuredmedia":[{"embeddable":true,"href":"https:\/\/www.zunoticia.com\/noticias-de-hidalgo\/wp-json\/wp\/v2\/media\/506401"}],"wp:attachment":[{"href":"https:\/\/www.zunoticia.com\/noticias-de-hidalgo\/wp-json\/wp\/v2\/media?parent=506400"}],"wp:term":[{"taxonomy":"category","embeddable":true,"href":"https:\/\/www.zunoticia.com\/noticias-de-hidalgo\/wp-json\/wp\/v2\/categories?post=506400"},{"taxonomy":"post_tag","embeddable":true,"href":"https:\/\/www.zunoticia.com\/noticias-de-hidalgo\/wp-json\/wp\/v2\/tags?post=506400"}],"curies":[{"name":"wp","href":"https:\/\/api.w.org\/{rel}","templated":true}]}}