{"id":506406,"date":"2023-09-30T12:11:34","date_gmt":"2023-09-30T18:11:34","guid":{"rendered":"https:\/\/www.zunoticia.com\/noticias-de-hidalgo\/?p=506406"},"modified":"2023-09-30T12:11:35","modified_gmt":"2023-09-30T18:11:35","slug":"ayuntamiento-conmemoro-el-258-aniversario-del-natalicio-de-jose-maria-morelos-y-pavon","status":"publish","type":"post","link":"https:\/\/www.zunoticia.com\/noticias-de-hidalgo\/2023\/09\/30\/ayuntamiento-conmemoro-el-258-aniversario-del-natalicio-de-jose-maria-morelos-y-pavon\/","title":{"rendered":"Ayuntamiento conmemor\u00f3 el 258 aniversario del natalicio de Jos\u00e9 Mar\u00eda Morelos y Pav\u00f3n"},"content":{"rendered":"<aside class=\"mashsb-container mashsb-main mashsb-stretched\"><div class=\"mashsb-box\"><div class=\"mashsb-count mash-large\" style=\"float:left\"><div class=\"counts mashsbcount\">0<\/div><span class=\"mashsb-sharetext\">SHARES<\/span><\/div><div class=\"mashsb-buttons\"><a class=\"mashicon-facebook mash-large mash-center mashsb-noshadow\" href=\"https:\/\/www.facebook.com\/sharer.php?u=https%3A%2F%2Fwww.zunoticia.com%2Fnoticias-de-hidalgo%2F2023%2F09%2F30%2Fayuntamiento-conmemoro-el-258-aniversario-del-natalicio-de-jose-maria-morelos-y-pavon%2F\" target=\"_top\" rel=\"nofollow\"><span class=\"icon\"><\/span><span class=\"text\">Share<\/span><\/a><a class=\"mashicon-twitter mash-large mash-center mashsb-noshadow\" href=\"https:\/\/twitter.com\/intent\/tweet?text=&amp;url=https:\/\/www.zunoticia.com\/noticias-de-hidalgo\/2023\/09\/30\/ayuntamiento-conmemoro-el-258-aniversario-del-natalicio-de-jose-maria-morelos-y-pavon\/\" target=\"_top\" rel=\"nofollow\"><span class=\"icon\"><\/span><span class=\"text\">Tweet<\/span><\/a><div class=\"onoffswitch2 mash-large mashsb-noshadow\" style=\"display:none\"><\/div><\/div>\n            <\/div>\n                <div style=\"clear:both\"><\/div><div class=\"mashsb-toggle-container\"><\/div><\/aside>\n            <!-- Share buttons by mashshare.net - Version: 4.0.47-->\n<p><em>Por Salvador Altamirano\/Zunoticia<\/em><\/p>\n\n\n\n<p><strong>Huejutla, Hgo<\/strong>.- El ayuntamiento que preside Daniel Andrade Zurutuza, en sencillo pero emotivo acto c\u00edvico, conmemor\u00f3 la ma\u00f1ana de este s\u00e1bado el 258 aniversario del natalicio&nbsp; de Jos\u00e9 Mar\u00eda Morelos y Pav\u00f3n, quien naci\u00f3 el 30 de septiembre de 1765 en Valladolid, hoy Morelia, Michoac\u00e1n.<\/p>\n\n\n\n<p>El evento, consistente en el generalizado protocolo de entonaci\u00f3n del Himno Nacional y solemne izamiento del L\u00e1baro Patrio por el mandatario municipal, se llev\u00f3 a cabo a las 07:00 horas en la plaza de la Revoluci\u00f3n Mexicana; estuvo acompa\u00f1ado de funcionarios de su gabinete.<\/p>\n\n\n\n<p>Correspondi\u00f3 al personal adscrito a la dependencia de Educaci\u00f3n Municipal, cuyo director es Leoncio Villegas, dar lectura a la rese\u00f1a hist\u00f3rica de quien fue un pilar fundamental del movimiento de Independencia de M\u00e9xico.<\/p>\n\n\n\n<p>Se destac\u00f3 en la lectura, que Morelos y Pav\u00f3n fue sacerdote, militar y pol\u00edtico novohispano, que fue el jefe insurgente en la segunda etapa de la lucha por la Independencia, entre los a\u00f1os de 1811 y 1815, por lo que el 22 de diciembre de ese \u00faltimo a\u00f1o fue fusilado en San Crist\u00f3bal Ecatepec, Estado de M\u00e9xico.<\/p>\n\n\n\n<p>Es oportuno mencionar que, en el merecido homenaje a quien es considerado &#8220;Siervo de la Naci\u00f3n&#8221;, particip\u00f3 la escolta de la Secretar\u00eda de Seguridad P\u00fablica Municipal (SSPM), que comanda el Comisario Leonilo Rodr\u00edguez, que port\u00f3 con respeto, orgullo y gallard\u00eda la Bandera Nacional, para entregarla al mandatario municipal para su izamiento<\/p>\n\n\n\n<figure class=\"wp-block-gallery has-nested-images columns-default is-cropped wp-block-gallery-1 is-layout-flex wp-block-gallery-is-layout-flex\">\n<figure class=\"wp-block-image size-large\"><img fetchpriority=\"high\" decoding=\"async\" width=\"940\" height=\"788\" data-id=\"506408\" src=\"https:\/\/www.zunoticia.com\/noticias-de-hidalgo\/wp-content\/uploads\/2023\/09\/Zunoticia-2-71.png\" alt=\"\" class=\"wp-image-506408\" srcset=\"https:\/\/www.zunoticia.com\/noticias-de-hidalgo\/wp-content\/uploads\/2023\/09\/Zunoticia-2-71.png 940w, https:\/\/www.zunoticia.com\/noticias-de-hidalgo\/wp-content\/uploads\/2023\/09\/Zunoticia-2-71-300x251.png 300w, https:\/\/www.zunoticia.com\/noticias-de-hidalgo\/wp-content\/uploads\/2023\/09\/Zunoticia-2-71-768x644.png 768w\" sizes=\"(max-width: 940px) 100vw, 940px\" \/><\/figure>\n\n\n\n<figure class=\"wp-block-image size-large\"><img decoding=\"async\" width=\"940\" height=\"788\" data-id=\"506409\" src=\"https:\/\/www.zunoticia.com\/noticias-de-hidalgo\/wp-content\/uploads\/2023\/09\/Zunoticia-249.png\" alt=\"\" class=\"wp-image-506409\" srcset=\"https:\/\/www.zunoticia.com\/noticias-de-hidalgo\/wp-content\/uploads\/2023\/09\/Zunoticia-249.png 940w, https:\/\/www.zunoticia.com\/noticias-de-hidalgo\/wp-content\/uploads\/2023\/09\/Zunoticia-249-300x251.png 300w, https:\/\/www.zunoticia.com\/noticias-de-hidalgo\/wp-content\/uploads\/2023\/09\/Zunoticia-249-768x644.png 768w\" sizes=\"(max-width: 940px) 100vw, 940px\" \/><\/figure>\n<\/figure>\n","protected":false},"excerpt":{"rendered":"<p>Por Salvador Altamirano\/Zunoticia Huejutla, Hgo.- El ayuntamiento que preside Daniel Andrade Zurutuza, en sencillo pero emotivo acto c\u00edvico, conmemor\u00f3 la ma\u00f1ana de este s\u00e1bado el 258 aniversario del natalicio&nbsp; de Jos\u00e9 Mar\u00eda Morelos y Pav\u00f3n, quien naci\u00f3 el 30 de septiembre de 1765 en Valladolid, hoy Morelia, Michoac\u00e1n. El evento, consistente en el generalizado protocolo&hellip; <a class=\"more-link\" href=\"https:\/\/www.zunoticia.com\/noticias-de-hidalgo\/2023\/09\/30\/ayuntamiento-conmemoro-el-258-aniversario-del-natalicio-de-jose-maria-morelos-y-pavon\/\">Seguir leyendo <span class=\"screen-reader-text\">Ayuntamiento conmemor\u00f3 el 258 aniversario del natalicio de Jos\u00e9 Mar\u00eda Morelos y Pav\u00f3n<\/span><\/a><\/p>\n","protected":false},"author":20,"featured_media":506407,"comment_status":"closed","ping_status":"open","sticky":false,"template":"","format":"standard","meta":{"rop_custom_images_group":[],"rop_custom_messages_group":[],"rop_publish_now":"initial","rop_publish_now_accounts":{"facebook_10159540855086992_322828327761733":""},"rop_publish_now_history":[],"rop_publish_now_status":"pending","footnotes":""},"categories":[181],"tags":[121],"class_list":["post-506406","post","type-post","status-publish","format-standard","has-post-thumbnail","hentry","category-huejutla","tag-huejutla","entry"],"_links":{"self":[{"href":"https:\/\/www.zunoticia.com\/noticias-de-hidalgo\/wp-json\/wp\/v2\/posts\/506406","targetHints":{"allow":["GET"]}}],"collection":[{"href":"https:\/\/www.zunoticia.com\/noticias-de-hidalgo\/wp-json\/wp\/v2\/posts"}],"about":[{"href":"https:\/\/www.zunoticia.com\/noticias-de-hidalgo\/wp-json\/wp\/v2\/types\/post"}],"author":[{"embeddable":true,"href":"https:\/\/www.zunoticia.com\/noticias-de-hidalgo\/wp-json\/wp\/v2\/users\/20"}],"replies":[{"embeddable":true,"href":"https:\/\/www.zunoticia.com\/noticias-de-hidalgo\/wp-json\/wp\/v2\/comments?post=506406"}],"version-history":[{"count":1,"href":"https:\/\/www.zunoticia.com\/noticias-de-hidalgo\/wp-json\/wp\/v2\/posts\/506406\/revisions"}],"predecessor-version":[{"id":506410,"href":"https:\/\/www.zunoticia.com\/noticias-de-hidalgo\/wp-json\/wp\/v2\/posts\/506406\/revisions\/506410"}],"wp:featuredmedia":[{"embeddable":true,"href":"https:\/\/www.zunoticia.com\/noticias-de-hidalgo\/wp-json\/wp\/v2\/media\/506407"}],"wp:attachment":[{"href":"https:\/\/www.zunoticia.com\/noticias-de-hidalgo\/wp-json\/wp\/v2\/media?parent=506406"}],"wp:term":[{"taxonomy":"category","embeddable":true,"href":"https:\/\/www.zunoticia.com\/noticias-de-hidalgo\/wp-json\/wp\/v2\/categories?post=506406"},{"taxonomy":"post_tag","embeddable":true,"href":"https:\/\/www.zunoticia.com\/noticias-de-hidalgo\/wp-json\/wp\/v2\/tags?post=506406"}],"curies":[{"name":"wp","href":"https:\/\/api.w.org\/{rel}","templated":true}]}}