{"id":506414,"date":"2023-09-30T14:07:56","date_gmt":"2023-09-30T20:07:56","guid":{"rendered":"https:\/\/www.zunoticia.com\/noticias-de-hidalgo\/?p=506414"},"modified":"2023-09-30T14:07:57","modified_gmt":"2023-09-30T20:07:57","slug":"exposicion-la-ruta-del-pulque","status":"publish","type":"post","link":"https:\/\/www.zunoticia.com\/noticias-de-hidalgo\/2023\/09\/30\/exposicion-la-ruta-del-pulque\/","title":{"rendered":"Exposici\u00f3n <em>La Ruta del Pulque<\/em>"},"content":{"rendered":"<aside class=\"mashsb-container mashsb-main mashsb-stretched\"><div class=\"mashsb-box\"><div class=\"mashsb-count mash-large\" style=\"float:left\"><div class=\"counts mashsbcount\">8<\/div><span class=\"mashsb-sharetext\">SHARES<\/span><\/div><div class=\"mashsb-buttons\"><a class=\"mashicon-facebook mash-large mash-center mashsb-noshadow\" href=\"https:\/\/www.facebook.com\/sharer.php?u=https%3A%2F%2Fwww.zunoticia.com%2Fnoticias-de-hidalgo%2F2023%2F09%2F30%2Fexposicion-la-ruta-del-pulque%2F\" target=\"_top\" rel=\"nofollow\"><span class=\"icon\"><\/span><span class=\"text\">Share<\/span><\/a><a class=\"mashicon-twitter mash-large mash-center mashsb-noshadow\" href=\"https:\/\/twitter.com\/intent\/tweet?text=&amp;url=https:\/\/www.zunoticia.com\/noticias-de-hidalgo\/2023\/09\/30\/exposicion-la-ruta-del-pulque\/\" target=\"_top\" rel=\"nofollow\"><span class=\"icon\"><\/span><span class=\"text\">Tweet<\/span><\/a><div class=\"onoffswitch2 mash-large mashsb-noshadow\" style=\"display:none\"><\/div><\/div>\n            <\/div>\n                <div style=\"clear:both\"><\/div><div class=\"mashsb-toggle-container\"><\/div><\/aside>\n            <!-- Share buttons by mashshare.net - Version: 4.0.47-->\n<p><em>Por Redacci\u00f3n\/Zunoticia<\/em><\/p>\n\n\n\n<p><strong>Pachuca de Soto, Hgo. \u2013 <\/strong>La Secretar\u00eda de Cultura, a trav\u00e9s de la Direcci\u00f3n General de Patrimonio Cultural, invita a la exposici\u00f3n <em>La Ruta del Pulque<\/em> narra la historia sobre el auge de productores con la conexi\u00f3n que permiti\u00f3 el ferrocarril entre el Altiplano hidalguense y la Ciudad de M\u00e9xico, al ocupar con ello del 35 al 45 por ciento de la carga total de este medio de transporte.<\/p>\n\n\n\n<p>Se trata de una selecci\u00f3n fotogr\u00e1fica que corresponde al Fondo Comisi\u00f3n de Aval\u00fao e Inventario de la empresa Ferrocarriles Nacionales de M\u00e9xico. Las 26 im\u00e1genes que componen la muestra retratan la industria pulquera y la labor ferroviaria entre 1926 y 1930 en las estaciones ferrocarrileras Pachuca, San Agust\u00edn, Venta de Cruz, San Vicente, Somorriel, Tizayuca Tlanalapa e Irolo.<\/p>\n\n\n\n<p>Se encuentra abierta al p\u00fablico en general de forma gratuita en el Centro Cultural del Ferrocarril, los lunes y mi\u00e9rcoles, de 9:00 a 14:00 horas y los viernes de 9:00 a 15:00.<\/p>\n","protected":false},"excerpt":{"rendered":"<p>Por Redacci\u00f3n\/Zunoticia Pachuca de Soto, Hgo. \u2013 La Secretar\u00eda de Cultura, a trav\u00e9s de la Direcci\u00f3n General de Patrimonio Cultural, invita a la exposici\u00f3n La Ruta del Pulque narra la historia sobre el auge de productores con la conexi\u00f3n que permiti\u00f3 el ferrocarril entre el Altiplano hidalguense y la Ciudad de M\u00e9xico, al ocupar con&hellip; <a class=\"more-link\" href=\"https:\/\/www.zunoticia.com\/noticias-de-hidalgo\/2023\/09\/30\/exposicion-la-ruta-del-pulque\/\">Seguir leyendo <span class=\"screen-reader-text\">Exposici\u00f3n <em>La Ruta del Pulque<\/em><\/span><\/a><\/p>\n","protected":false},"author":20,"featured_media":506415,"comment_status":"closed","ping_status":"open","sticky":false,"template":"","format":"standard","meta":{"rop_custom_images_group":[],"rop_custom_messages_group":[],"rop_publish_now":"initial","rop_publish_now_accounts":{"facebook_10159540855086992_322828327761733":""},"rop_publish_now_history":[],"rop_publish_now_status":"pending","footnotes":""},"categories":[208],"tags":[214],"class_list":["post-506414","post","type-post","status-publish","format-standard","has-post-thumbnail","hentry","category-estado","tag-estado","entry"],"_links":{"self":[{"href":"https:\/\/www.zunoticia.com\/noticias-de-hidalgo\/wp-json\/wp\/v2\/posts\/506414","targetHints":{"allow":["GET"]}}],"collection":[{"href":"https:\/\/www.zunoticia.com\/noticias-de-hidalgo\/wp-json\/wp\/v2\/posts"}],"about":[{"href":"https:\/\/www.zunoticia.com\/noticias-de-hidalgo\/wp-json\/wp\/v2\/types\/post"}],"author":[{"embeddable":true,"href":"https:\/\/www.zunoticia.com\/noticias-de-hidalgo\/wp-json\/wp\/v2\/users\/20"}],"replies":[{"embeddable":true,"href":"https:\/\/www.zunoticia.com\/noticias-de-hidalgo\/wp-json\/wp\/v2\/comments?post=506414"}],"version-history":[{"count":1,"href":"https:\/\/www.zunoticia.com\/noticias-de-hidalgo\/wp-json\/wp\/v2\/posts\/506414\/revisions"}],"predecessor-version":[{"id":506416,"href":"https:\/\/www.zunoticia.com\/noticias-de-hidalgo\/wp-json\/wp\/v2\/posts\/506414\/revisions\/506416"}],"wp:featuredmedia":[{"embeddable":true,"href":"https:\/\/www.zunoticia.com\/noticias-de-hidalgo\/wp-json\/wp\/v2\/media\/506415"}],"wp:attachment":[{"href":"https:\/\/www.zunoticia.com\/noticias-de-hidalgo\/wp-json\/wp\/v2\/media?parent=506414"}],"wp:term":[{"taxonomy":"category","embeddable":true,"href":"https:\/\/www.zunoticia.com\/noticias-de-hidalgo\/wp-json\/wp\/v2\/categories?post=506414"},{"taxonomy":"post_tag","embeddable":true,"href":"https:\/\/www.zunoticia.com\/noticias-de-hidalgo\/wp-json\/wp\/v2\/tags?post=506414"}],"curies":[{"name":"wp","href":"https:\/\/api.w.org\/{rel}","templated":true}]}}