{"id":506421,"date":"2023-09-30T14:33:37","date_gmt":"2023-09-30T20:33:37","guid":{"rendered":"https:\/\/www.zunoticia.com\/noticias-de-hidalgo\/?p=506421"},"modified":"2023-09-30T14:33:39","modified_gmt":"2023-09-30T20:33:39","slug":"congratula-a-catolicos-cripta-con-restos-y-estatua-de-jose-manriquez-y-zarate","status":"publish","type":"post","link":"https:\/\/www.zunoticia.com\/noticias-de-hidalgo\/2023\/09\/30\/congratula-a-catolicos-cripta-con-restos-y-estatua-de-jose-manriquez-y-zarate\/","title":{"rendered":"Congratula a cat\u00f3licos cripta con restos y estatua de Jos\u00e9 Manr\u00edquez y Z\u00e1rate"},"content":{"rendered":"<aside class=\"mashsb-container mashsb-main mashsb-stretched\"><div class=\"mashsb-box\"><div class=\"mashsb-count mash-large\" style=\"float:left\"><div class=\"counts mashsbcount\">33<\/div><span class=\"mashsb-sharetext\">SHARES<\/span><\/div><div class=\"mashsb-buttons\"><a class=\"mashicon-facebook mash-large mash-center mashsb-noshadow\" href=\"https:\/\/www.facebook.com\/sharer.php?u=https%3A%2F%2Fwww.zunoticia.com%2Fnoticias-de-hidalgo%2F2023%2F09%2F30%2Fcongratula-a-catolicos-cripta-con-restos-y-estatua-de-jose-manriquez-y-zarate%2F\" target=\"_top\" rel=\"nofollow\"><span class=\"icon\"><\/span><span class=\"text\">Share<\/span><\/a><a class=\"mashicon-twitter mash-large mash-center mashsb-noshadow\" href=\"https:\/\/twitter.com\/intent\/tweet?text=&amp;url=https:\/\/www.zunoticia.com\/noticias-de-hidalgo\/2023\/09\/30\/congratula-a-catolicos-cripta-con-restos-y-estatua-de-jose-manriquez-y-zarate\/\" target=\"_top\" rel=\"nofollow\"><span class=\"icon\"><\/span><span class=\"text\">Tweet<\/span><\/a><div class=\"onoffswitch2 mash-large mashsb-noshadow\" style=\"display:none\"><\/div><\/div>\n            <\/div>\n                <div style=\"clear:both\"><\/div><div class=\"mashsb-toggle-container\"><\/div><\/aside>\n            <!-- Share buttons by mashshare.net - Version: 4.0.47-->\n<p><em>Por Salvador Altamirano\/Zunoticia<\/em><\/p>\n\n\n\n<p><strong>Huejutla, Hgo<\/strong>.- Habitantes de la poblaci\u00f3n que profesan el catolicismo, expresaron su benepl\u00e1cito por la colocaci\u00f3n de una estatua de Monse\u00f1or Jos\u00e9 de Jes\u00fas Manr\u00edquez y Z\u00e1rate en la entrada de la Iglesia Sagrario Catedral, quien fue el primer Obispo de la Di\u00f3cesis de Huejutla.<\/p>\n\n\n\n<p>Refirieron que, fue el Papa P\u00edo XI, quien en 1922 cre\u00f3 la Di\u00f3cesis de Huejutla, designando como primer obispo a Monse\u00f1or Jos\u00e9 de Jes\u00fas Manr\u00edquez y Z\u00e1rate, quien tom\u00f3 posesi\u00f3n de la nueva Jurisdicci\u00f3n eclesi\u00e1stica un a\u00f1o despu\u00e9s, o sea, en 1923.<\/p>\n\n\n\n<p>Al respecto, Martin Beltr\u00e1n Hern\u00e1ndez, quien dijo ser cat\u00f3lico muy devoto, expres\u00f3 que se siente gozoso porque a pocos metros de la estatua, en la Capilla de Jes\u00fas Nazareno, descansan los restos mortales de Manr\u00edquez y Zarate. Se qued\u00f3 en Huejutla -acentu\u00f3-, y no en Le\u00f3n, Guanajuato, donde naci\u00f3.<\/p>\n\n\n\n<p>Agreg\u00f3 que, los restos mortales del obispo, quien falleci\u00f3 en 1951 en la Ciudad de M\u00e9xico, reposaban en el monumento de Cristo Rey del Cerro del Cubilete, en Silao, Guanajuato y fueron tra\u00eddos a Huejutla en 1988 por el tambi\u00e9n obispo de la Di\u00f3cesis, Juan de Dios Caballero.<\/p>\n\n\n\n<p>Para finalizar, subray\u00f3 que, el orgullo de los cat\u00f3licos se acent\u00faa porque Jos\u00e9 de Jes\u00fas Manr\u00edquez y Z\u00e1rate fue el primero que propuso en Roma la canonizaci\u00f3n de Juan Diego, y fue fundamental en el Alzamiento Cristero.<\/p>\n\n\n\n<figure class=\"wp-block-image size-full\"><img fetchpriority=\"high\" decoding=\"async\" width=\"940\" height=\"788\" src=\"https:\/\/www.zunoticia.com\/noticias-de-hidalgo\/wp-content\/uploads\/2023\/09\/Zunoticia-1-187.png\" alt=\"\" class=\"wp-image-506423\" srcset=\"https:\/\/www.zunoticia.com\/noticias-de-hidalgo\/wp-content\/uploads\/2023\/09\/Zunoticia-1-187.png 940w, https:\/\/www.zunoticia.com\/noticias-de-hidalgo\/wp-content\/uploads\/2023\/09\/Zunoticia-1-187-300x251.png 300w, https:\/\/www.zunoticia.com\/noticias-de-hidalgo\/wp-content\/uploads\/2023\/09\/Zunoticia-1-187-768x644.png 768w\" sizes=\"(max-width: 940px) 100vw, 940px\" \/><\/figure>\n","protected":false},"excerpt":{"rendered":"<p>Por Salvador Altamirano\/Zunoticia Huejutla, Hgo.- Habitantes de la poblaci\u00f3n que profesan el catolicismo, expresaron su benepl\u00e1cito por la colocaci\u00f3n de una estatua de Monse\u00f1or Jos\u00e9 de Jes\u00fas Manr\u00edquez y Z\u00e1rate en la entrada de la Iglesia Sagrario Catedral, quien fue el primer Obispo de la Di\u00f3cesis de Huejutla. Refirieron que, fue el Papa P\u00edo XI,&hellip; <a class=\"more-link\" href=\"https:\/\/www.zunoticia.com\/noticias-de-hidalgo\/2023\/09\/30\/congratula-a-catolicos-cripta-con-restos-y-estatua-de-jose-manriquez-y-zarate\/\">Seguir leyendo <span class=\"screen-reader-text\">Congratula a cat\u00f3licos cripta con restos y estatua de Jos\u00e9 Manr\u00edquez y Z\u00e1rate<\/span><\/a><\/p>\n","protected":false},"author":20,"featured_media":506422,"comment_status":"closed","ping_status":"open","sticky":false,"template":"","format":"standard","meta":{"rop_custom_images_group":[],"rop_custom_messages_group":[],"rop_publish_now":"initial","rop_publish_now_accounts":{"facebook_10159540855086992_322828327761733":""},"rop_publish_now_history":[],"rop_publish_now_status":"pending","footnotes":""},"categories":[181],"tags":[121],"class_list":["post-506421","post","type-post","status-publish","format-standard","has-post-thumbnail","hentry","category-huejutla","tag-huejutla","entry"],"_links":{"self":[{"href":"https:\/\/www.zunoticia.com\/noticias-de-hidalgo\/wp-json\/wp\/v2\/posts\/506421","targetHints":{"allow":["GET"]}}],"collection":[{"href":"https:\/\/www.zunoticia.com\/noticias-de-hidalgo\/wp-json\/wp\/v2\/posts"}],"about":[{"href":"https:\/\/www.zunoticia.com\/noticias-de-hidalgo\/wp-json\/wp\/v2\/types\/post"}],"author":[{"embeddable":true,"href":"https:\/\/www.zunoticia.com\/noticias-de-hidalgo\/wp-json\/wp\/v2\/users\/20"}],"replies":[{"embeddable":true,"href":"https:\/\/www.zunoticia.com\/noticias-de-hidalgo\/wp-json\/wp\/v2\/comments?post=506421"}],"version-history":[{"count":1,"href":"https:\/\/www.zunoticia.com\/noticias-de-hidalgo\/wp-json\/wp\/v2\/posts\/506421\/revisions"}],"predecessor-version":[{"id":506424,"href":"https:\/\/www.zunoticia.com\/noticias-de-hidalgo\/wp-json\/wp\/v2\/posts\/506421\/revisions\/506424"}],"wp:featuredmedia":[{"embeddable":true,"href":"https:\/\/www.zunoticia.com\/noticias-de-hidalgo\/wp-json\/wp\/v2\/media\/506422"}],"wp:attachment":[{"href":"https:\/\/www.zunoticia.com\/noticias-de-hidalgo\/wp-json\/wp\/v2\/media?parent=506421"}],"wp:term":[{"taxonomy":"category","embeddable":true,"href":"https:\/\/www.zunoticia.com\/noticias-de-hidalgo\/wp-json\/wp\/v2\/categories?post=506421"},{"taxonomy":"post_tag","embeddable":true,"href":"https:\/\/www.zunoticia.com\/noticias-de-hidalgo\/wp-json\/wp\/v2\/tags?post=506421"}],"curies":[{"name":"wp","href":"https:\/\/api.w.org\/{rel}","templated":true}]}}