{"id":506443,"date":"2023-09-30T17:08:28","date_gmt":"2023-09-30T23:08:28","guid":{"rendered":"https:\/\/www.zunoticia.com\/noticias-de-hidalgo\/?p=506443"},"modified":"2023-09-30T17:08:29","modified_gmt":"2023-09-30T23:08:29","slug":"cerca-de-14-mil-personas-visitaron-la-feria-de-san-francisco-pachuca-hidalgo-2023-en-su-segundo-dia","status":"publish","type":"post","link":"https:\/\/www.zunoticia.com\/noticias-de-hidalgo\/2023\/09\/30\/cerca-de-14-mil-personas-visitaron-la-feria-de-san-francisco-pachuca-hidalgo-2023-en-su-segundo-dia\/","title":{"rendered":"Cerca de 14 mil personas visitaron la Feria de San Francisco Pachuca Hidalgo 2023 en su segundo d\u00eda"},"content":{"rendered":"<aside class=\"mashsb-container mashsb-main mashsb-stretched\"><div class=\"mashsb-box\"><div class=\"mashsb-count mash-large\" style=\"float:left\"><div class=\"counts mashsbcount\">1<\/div><span class=\"mashsb-sharetext\">SHARES<\/span><\/div><div class=\"mashsb-buttons\"><a class=\"mashicon-facebook mash-large mash-center mashsb-noshadow\" href=\"https:\/\/www.facebook.com\/sharer.php?u=https%3A%2F%2Fwww.zunoticia.com%2Fnoticias-de-hidalgo%2F2023%2F09%2F30%2Fcerca-de-14-mil-personas-visitaron-la-feria-de-san-francisco-pachuca-hidalgo-2023-en-su-segundo-dia%2F\" target=\"_top\" rel=\"nofollow\"><span class=\"icon\"><\/span><span class=\"text\">Share<\/span><\/a><a class=\"mashicon-twitter mash-large mash-center mashsb-noshadow\" href=\"https:\/\/twitter.com\/intent\/tweet?text=&amp;url=https:\/\/www.zunoticia.com\/noticias-de-hidalgo\/2023\/09\/30\/cerca-de-14-mil-personas-visitaron-la-feria-de-san-francisco-pachuca-hidalgo-2023-en-su-segundo-dia\/\" target=\"_top\" rel=\"nofollow\"><span class=\"icon\"><\/span><span class=\"text\">Tweet<\/span><\/a><div class=\"onoffswitch2 mash-large mashsb-noshadow\" style=\"display:none\"><\/div><\/div>\n            <\/div>\n                <div style=\"clear:both\"><\/div><div class=\"mashsb-toggle-container\"><\/div><\/aside>\n            <!-- Share buttons by mashshare.net - Version: 4.0.47-->\n<p><\/p>\n\n\n\n<p><em>Por Redacci\u00f3n\/Zunoticia<\/em><\/p>\n\n\n\n<p><strong>Pachuca de Soto, Hgo<\/strong>.- La noche del viernes 29 de septiembre se llev\u00f3 a cabo la inauguraci\u00f3n de la Feria de San Francisco Pachuca Hidalgo 2023, misma que fue encabezada por el gobernador del estado, Julio Menchaca Salazar. Durante el segundo d\u00eda de actividades de esta celebraci\u00f3n, se registr\u00f3 la visita de m\u00e1s de 13 mil 700 personas que disfrutaron de las numerosas atracciones que ofrece este emblem\u00e1tico evento.&nbsp;<\/p>\n\n\n\n<p>Tras el corte de list\u00f3n, en el Teatro del Pueblo se present\u00f3 el cantante venezolano Lasso, quien ofreci\u00f3 a sus fans una selecci\u00f3n de sus \u00e9xitos m\u00e1s representativos, pero, sin duda, el punto culminante de la noche fue su interpretaci\u00f3n de &#8220;Ojos Marrones&#8221;, tema que le vali\u00f3 una nominaci\u00f3n en los Latin Grammy 2023. El p\u00fablico no solo disfrut\u00f3 de la m\u00fasica, sino que tambi\u00e9n fue testigo de una producci\u00f3n de alto nivel que complement\u00f3 la actuaci\u00f3n del int\u00e9rprete.<\/p>\n\n\n\n<p>Mientras que, con un aforo completo, en el escenario del Palenque, bajo el sello del subg\u00e9nero de corridos tumbados, Natanael Cano brind\u00f3 el primer concierto de los dos que est\u00e1n programados. Con la canci\u00f3n &#8220;Mi bello \u00e1ngel&#8221; deleit\u00f3 a sus seguidores, quienes corearon en todo momento.<\/p>\n\n\n\n<p>Est\u00e9 s\u00e1bado se presentar\u00e1, en el Teatro del Pueblo, Paulina Rubio, respaldada por una trayectoria de d\u00e9cadas, en las que ha destacado como una de las voces m\u00e1s influyentes y queridas de la m\u00fasica latina. Con \u00e9xitos inolvidables como &#8220;Ni una sola palabra&#8221;, &#8220;Y yo sigo aqu\u00ed&#8221;, &#8220;M\u00edo&#8221;, y &#8220;Lo har\u00e9 por ti&#8221;, ha cautivado a audiencias en todo el mundo.<\/p>\n\n\n\n<p>Para m\u00e1s informaci\u00f3n sobre la Feria de San Francisco Pachuca Hidalgo 2023 y sus pr\u00f3ximos eventos, las personas interesadas pueden visitar el sitio web oficial <a href=\"http:\/\/www.feriasanfrancisco.mx\">www.feriasanfrancisco.mx<\/a>.<\/p>\n\n\n\n<figure class=\"wp-block-image size-full\"><img fetchpriority=\"high\" decoding=\"async\" width=\"940\" height=\"788\" src=\"https:\/\/www.zunoticia.com\/noticias-de-hidalgo\/wp-content\/uploads\/2023\/09\/Zunoticia-1-190.png\" alt=\"\" class=\"wp-image-506445\" srcset=\"https:\/\/www.zunoticia.com\/noticias-de-hidalgo\/wp-content\/uploads\/2023\/09\/Zunoticia-1-190.png 940w, https:\/\/www.zunoticia.com\/noticias-de-hidalgo\/wp-content\/uploads\/2023\/09\/Zunoticia-1-190-300x251.png 300w, https:\/\/www.zunoticia.com\/noticias-de-hidalgo\/wp-content\/uploads\/2023\/09\/Zunoticia-1-190-768x644.png 768w\" sizes=\"(max-width: 940px) 100vw, 940px\" \/><\/figure>\n","protected":false},"excerpt":{"rendered":"<p>Por Redacci\u00f3n\/Zunoticia Pachuca de Soto, Hgo.- La noche del viernes 29 de septiembre se llev\u00f3 a cabo la inauguraci\u00f3n de la Feria de San Francisco Pachuca Hidalgo 2023, misma que fue encabezada por el gobernador del estado, Julio Menchaca Salazar. Durante el segundo d\u00eda de actividades de esta celebraci\u00f3n, se registr\u00f3 la visita de m\u00e1s&hellip; <a class=\"more-link\" href=\"https:\/\/www.zunoticia.com\/noticias-de-hidalgo\/2023\/09\/30\/cerca-de-14-mil-personas-visitaron-la-feria-de-san-francisco-pachuca-hidalgo-2023-en-su-segundo-dia\/\">Seguir leyendo <span class=\"screen-reader-text\">Cerca de 14 mil personas visitaron la Feria de San Francisco Pachuca Hidalgo 2023 en su segundo d\u00eda<\/span><\/a><\/p>\n","protected":false},"author":20,"featured_media":506444,"comment_status":"closed","ping_status":"open","sticky":false,"template":"","format":"standard","meta":{"rop_custom_images_group":[],"rop_custom_messages_group":[],"rop_publish_now":"initial","rop_publish_now_accounts":{"facebook_10159540855086992_322828327761733":""},"rop_publish_now_history":[],"rop_publish_now_status":"pending","footnotes":""},"categories":[208],"tags":[214],"class_list":["post-506443","post","type-post","status-publish","format-standard","has-post-thumbnail","hentry","category-estado","tag-estado","entry"],"_links":{"self":[{"href":"https:\/\/www.zunoticia.com\/noticias-de-hidalgo\/wp-json\/wp\/v2\/posts\/506443","targetHints":{"allow":["GET"]}}],"collection":[{"href":"https:\/\/www.zunoticia.com\/noticias-de-hidalgo\/wp-json\/wp\/v2\/posts"}],"about":[{"href":"https:\/\/www.zunoticia.com\/noticias-de-hidalgo\/wp-json\/wp\/v2\/types\/post"}],"author":[{"embeddable":true,"href":"https:\/\/www.zunoticia.com\/noticias-de-hidalgo\/wp-json\/wp\/v2\/users\/20"}],"replies":[{"embeddable":true,"href":"https:\/\/www.zunoticia.com\/noticias-de-hidalgo\/wp-json\/wp\/v2\/comments?post=506443"}],"version-history":[{"count":1,"href":"https:\/\/www.zunoticia.com\/noticias-de-hidalgo\/wp-json\/wp\/v2\/posts\/506443\/revisions"}],"predecessor-version":[{"id":506446,"href":"https:\/\/www.zunoticia.com\/noticias-de-hidalgo\/wp-json\/wp\/v2\/posts\/506443\/revisions\/506446"}],"wp:featuredmedia":[{"embeddable":true,"href":"https:\/\/www.zunoticia.com\/noticias-de-hidalgo\/wp-json\/wp\/v2\/media\/506444"}],"wp:attachment":[{"href":"https:\/\/www.zunoticia.com\/noticias-de-hidalgo\/wp-json\/wp\/v2\/media?parent=506443"}],"wp:term":[{"taxonomy":"category","embeddable":true,"href":"https:\/\/www.zunoticia.com\/noticias-de-hidalgo\/wp-json\/wp\/v2\/categories?post=506443"},{"taxonomy":"post_tag","embeddable":true,"href":"https:\/\/www.zunoticia.com\/noticias-de-hidalgo\/wp-json\/wp\/v2\/tags?post=506443"}],"curies":[{"name":"wp","href":"https:\/\/api.w.org\/{rel}","templated":true}]}}