{"id":506447,"date":"2023-09-30T17:31:30","date_gmt":"2023-09-30T23:31:30","guid":{"rendered":"https:\/\/www.zunoticia.com\/noticias-de-hidalgo\/?p=506447"},"modified":"2023-09-30T17:31:31","modified_gmt":"2023-09-30T23:31:31","slug":"reconocen-el-talento-de-las-y-los-artesanos-hidalguenses-con-espacio-digno","status":"publish","type":"post","link":"https:\/\/www.zunoticia.com\/noticias-de-hidalgo\/2023\/09\/30\/reconocen-el-talento-de-las-y-los-artesanos-hidalguenses-con-espacio-digno\/","title":{"rendered":"Reconocen el talento de las y los artesanos&nbsp;hidalguenses con espacio digno"},"content":{"rendered":"<aside class=\"mashsb-container mashsb-main mashsb-stretched\"><div class=\"mashsb-box\"><div class=\"mashsb-count mash-large\" style=\"float:left\"><div class=\"counts mashsbcount\">3<\/div><span class=\"mashsb-sharetext\">SHARES<\/span><\/div><div class=\"mashsb-buttons\"><a class=\"mashicon-facebook mash-large mash-center mashsb-noshadow\" href=\"https:\/\/www.facebook.com\/sharer.php?u=https%3A%2F%2Fwww.zunoticia.com%2Fnoticias-de-hidalgo%2F2023%2F09%2F30%2Freconocen-el-talento-de-las-y-los-artesanos-hidalguenses-con-espacio-digno%2F\" target=\"_top\" rel=\"nofollow\"><span class=\"icon\"><\/span><span class=\"text\">Share<\/span><\/a><a class=\"mashicon-twitter mash-large mash-center mashsb-noshadow\" href=\"https:\/\/twitter.com\/intent\/tweet?text=&amp;url=https:\/\/www.zunoticia.com\/noticias-de-hidalgo\/2023\/09\/30\/reconocen-el-talento-de-las-y-los-artesanos-hidalguenses-con-espacio-digno\/\" target=\"_top\" rel=\"nofollow\"><span class=\"icon\"><\/span><span class=\"text\">Tweet<\/span><\/a><div class=\"onoffswitch2 mash-large mashsb-noshadow\" style=\"display:none\"><\/div><\/div>\n            <\/div>\n                <div style=\"clear:both\"><\/div><div class=\"mashsb-toggle-container\"><\/div><\/aside>\n            <!-- Share buttons by mashshare.net - Version: 4.0.47-->\n<ul class=\"wp-block-list\">\n<li><em><\/em><\/li>\n<\/ul>\n\n\n\n<p><em>Por Redacci\u00f3n\/Zunoticia<\/em><\/p>\n\n\n\n<p><strong>Pachuca de Soto, Hgo<\/strong>.- Bajo la estrategia de abrir cada vez m\u00e1s espacios que permitan impulsar a las y los artesanos hidalguenses, donde puedan crear, exponer su trabajo, y al mismo tiempo vender sus productos, el Pabell\u00f3n Artesanal de la Feria de San Francisco Pachuca 2023 abri\u00f3 sus puertas, con el trabajo de 142 de ellos, provenientes de 42 municipios.<\/p>\n\n\n\n<p>De esa forma, dentro de este espacio, se tejen historias, se pulen sue\u00f1os, se moldea la esperanza porque la sociedad reconozca, valore y utilice artesan\u00edas que beneficien econ\u00f3micamente al sector y se fortalezca la identidad de Hidalgo.<\/p>\n\n\n\n<p>Dionisia G\u00f3mez G\u00f3mez, originaria de Tenango de Doria, ya ha colocado sus prendas y art\u00edculos con bordados multicolores dentro del pabell\u00f3n, en donde contin\u00faa bordando mientras espera la llegada de clientes que adquieran alguno de sus productos.<\/p>\n\n\n\n<p>&#8220;Aprend\u00ed a bordar por necesidad porque \u00e9ramos 12 hijos, as\u00ed que, desde los ocho a\u00f1os comenc\u00e9 a trabajar en estampar mis sue\u00f1os sobre una tela, despu\u00e9s, sobre prendas diferentes que han hecho la diferencia y que ahora buscan m\u00e1s las personas&#8221;, platica;&nbsp;mientras muestra con orgullo sus vestidos, chamarras, sudaderas, bolsas y art\u00edculos que ha seleccionado para vender durante la feria.<\/p>\n\n\n\n<p>Se\u00f1al\u00f3 que el esfuerzo y dedicaci\u00f3n a su labor ha permitido mejorar su vida, &#8220;y solo deseamos que la gente no pida que le bajemos el precio, porque en verdad hay un intenso trabajo detr\u00e1s de cada prenda que vendemos&#8221;, expuso.<\/p>\n\n\n\n<p>De igual forma, Jord\u00e1n Olgu\u00edn Calada, un artesano del alambrismo originario de Actopan, detall\u00f3 que utiliza materiales como piedras preciosas, f\u00f3siles, gemas, plumas que con habilidad y t\u00e9cnica puede transformar en anillos, collares, brazaletes y aretes, convirtiendo cada pieza en dise\u00f1os \u00fanicos.&nbsp;<\/p>\n\n\n\n<p>&#8220;Participar en esta feria es muy importante para m\u00ed y creo que para muchos, porque nos ayuda a generar recursos, pero tambi\u00e9n a que se preserve la cultura y las muestras art\u00edsticas que se realizan dentro de Hidalgo&#8221;, expuso.<\/p>\n\n\n\n<p>Mar\u00eda del Rosario Hern\u00e1ndez Islas es una artesana especialista en el cuero; oficio que aprendi\u00f3 de su padre y que, pese a que es una labor que han realizado los hombres desde d\u00e9cadas atr\u00e1s, ella rompi\u00f3 estereotipos y ahora se ha convertido en su negocio propio que ha innovado.<\/p>\n\n\n\n<p>&#8220;Hace cinco a\u00f1os, un accidente en moto de mi esposo cambi\u00f3 mi vida, as\u00ed que decid\u00ed trabajar en lo que sab\u00eda y era esto, el cuero, pero nos hemos tenido que innovar por lo que ahora realizo correas para perros, algo que la gente me pide mucho por lo que espero se vendan muchos en esta temporada de feria&#8221;, indic\u00f3.<\/p>\n\n\n\n<figure class=\"wp-block-image size-full\"><img fetchpriority=\"high\" decoding=\"async\" width=\"940\" height=\"788\" src=\"https:\/\/www.zunoticia.com\/noticias-de-hidalgo\/wp-content\/uploads\/2023\/09\/Zunoticia-1-191.png\" alt=\"\" class=\"wp-image-506449\" srcset=\"https:\/\/www.zunoticia.com\/noticias-de-hidalgo\/wp-content\/uploads\/2023\/09\/Zunoticia-1-191.png 940w, https:\/\/www.zunoticia.com\/noticias-de-hidalgo\/wp-content\/uploads\/2023\/09\/Zunoticia-1-191-300x251.png 300w, https:\/\/www.zunoticia.com\/noticias-de-hidalgo\/wp-content\/uploads\/2023\/09\/Zunoticia-1-191-768x644.png 768w\" sizes=\"(max-width: 940px) 100vw, 940px\" \/><\/figure>\n","protected":false},"excerpt":{"rendered":"<p>Por Redacci\u00f3n\/Zunoticia Pachuca de Soto, Hgo.- Bajo la estrategia de abrir cada vez m\u00e1s espacios que permitan impulsar a las y los artesanos hidalguenses, donde puedan crear, exponer su trabajo, y al mismo tiempo vender sus productos, el Pabell\u00f3n Artesanal de la Feria de San Francisco Pachuca 2023 abri\u00f3 sus puertas, con el trabajo de&hellip; <a class=\"more-link\" href=\"https:\/\/www.zunoticia.com\/noticias-de-hidalgo\/2023\/09\/30\/reconocen-el-talento-de-las-y-los-artesanos-hidalguenses-con-espacio-digno\/\">Seguir leyendo <span class=\"screen-reader-text\">Reconocen el talento de las y los artesanos&nbsp;hidalguenses con espacio digno<\/span><\/a><\/p>\n","protected":false},"author":20,"featured_media":506448,"comment_status":"closed","ping_status":"open","sticky":false,"template":"","format":"standard","meta":{"rop_custom_images_group":[],"rop_custom_messages_group":[],"rop_publish_now":"initial","rop_publish_now_accounts":{"facebook_10159540855086992_322828327761733":""},"rop_publish_now_history":[],"rop_publish_now_status":"pending","footnotes":""},"categories":[208],"tags":[214],"class_list":["post-506447","post","type-post","status-publish","format-standard","has-post-thumbnail","hentry","category-estado","tag-estado","entry"],"_links":{"self":[{"href":"https:\/\/www.zunoticia.com\/noticias-de-hidalgo\/wp-json\/wp\/v2\/posts\/506447","targetHints":{"allow":["GET"]}}],"collection":[{"href":"https:\/\/www.zunoticia.com\/noticias-de-hidalgo\/wp-json\/wp\/v2\/posts"}],"about":[{"href":"https:\/\/www.zunoticia.com\/noticias-de-hidalgo\/wp-json\/wp\/v2\/types\/post"}],"author":[{"embeddable":true,"href":"https:\/\/www.zunoticia.com\/noticias-de-hidalgo\/wp-json\/wp\/v2\/users\/20"}],"replies":[{"embeddable":true,"href":"https:\/\/www.zunoticia.com\/noticias-de-hidalgo\/wp-json\/wp\/v2\/comments?post=506447"}],"version-history":[{"count":1,"href":"https:\/\/www.zunoticia.com\/noticias-de-hidalgo\/wp-json\/wp\/v2\/posts\/506447\/revisions"}],"predecessor-version":[{"id":506450,"href":"https:\/\/www.zunoticia.com\/noticias-de-hidalgo\/wp-json\/wp\/v2\/posts\/506447\/revisions\/506450"}],"wp:featuredmedia":[{"embeddable":true,"href":"https:\/\/www.zunoticia.com\/noticias-de-hidalgo\/wp-json\/wp\/v2\/media\/506448"}],"wp:attachment":[{"href":"https:\/\/www.zunoticia.com\/noticias-de-hidalgo\/wp-json\/wp\/v2\/media?parent=506447"}],"wp:term":[{"taxonomy":"category","embeddable":true,"href":"https:\/\/www.zunoticia.com\/noticias-de-hidalgo\/wp-json\/wp\/v2\/categories?post=506447"},{"taxonomy":"post_tag","embeddable":true,"href":"https:\/\/www.zunoticia.com\/noticias-de-hidalgo\/wp-json\/wp\/v2\/tags?post=506447"}],"curies":[{"name":"wp","href":"https:\/\/api.w.org\/{rel}","templated":true}]}}