{"id":506451,"date":"2023-09-30T17:37:15","date_gmt":"2023-09-30T23:37:15","guid":{"rendered":"https:\/\/www.zunoticia.com\/noticias-de-hidalgo\/?p=506451"},"modified":"2023-09-30T17:37:16","modified_gmt":"2023-09-30T23:37:16","slug":"ofrecera-pepe-aguilar-una-noche-llena-de-musica-mexicana","status":"publish","type":"post","link":"https:\/\/www.zunoticia.com\/noticias-de-hidalgo\/2023\/09\/30\/ofrecera-pepe-aguilar-una-noche-llena-de-musica-mexicana\/","title":{"rendered":"Ofrecer\u00e1 Pepe Aguilar una noche&nbsp;llena de m\u00fasica mexicana"},"content":{"rendered":"<aside class=\"mashsb-container mashsb-main mashsb-stretched\"><div class=\"mashsb-box\"><div class=\"mashsb-count mash-large\" style=\"float:left\"><div class=\"counts mashsbcount\">17<\/div><span class=\"mashsb-sharetext\">SHARES<\/span><\/div><div class=\"mashsb-buttons\"><a class=\"mashicon-facebook mash-large mash-center mashsb-noshadow\" href=\"https:\/\/www.facebook.com\/sharer.php?u=https%3A%2F%2Fwww.zunoticia.com%2Fnoticias-de-hidalgo%2F2023%2F09%2F30%2Fofrecera-pepe-aguilar-una-noche-llena-de-musica-mexicana%2F\" target=\"_top\" rel=\"nofollow\"><span class=\"icon\"><\/span><span class=\"text\">Share<\/span><\/a><a class=\"mashicon-twitter mash-large mash-center mashsb-noshadow\" href=\"https:\/\/twitter.com\/intent\/tweet?text=&amp;url=https:\/\/www.zunoticia.com\/noticias-de-hidalgo\/2023\/09\/30\/ofrecera-pepe-aguilar-una-noche-llena-de-musica-mexicana\/\" target=\"_top\" rel=\"nofollow\"><span class=\"icon\"><\/span><span class=\"text\">Tweet<\/span><\/a><div class=\"onoffswitch2 mash-large mashsb-noshadow\" style=\"display:none\"><\/div><\/div>\n            <\/div>\n                <div style=\"clear:both\"><\/div><div class=\"mashsb-toggle-container\"><\/div><\/aside>\n            <!-- Share buttons by mashshare.net - Version: 4.0.47-->\n<p><em>\u2022<\/em> <em>El int\u00e9rprete se presentar\u00e1 en el Palenque de la Feria de San Francisco Pachuca 2023.<\/em><\/p>\n\n\n\n<p><em>Por Redacci\u00f3n\/Zunoticia<\/em><\/p>\n\n\n\n<p><strong>Pachuca de Soto, Hgo<\/strong>.- En una entrevista exclusiva desde Los \u00c1ngeles, California, el cantante de m\u00fasica regional mexicana, Pepe Aguilar, platic\u00f3 con Claudia Jiim, Karina Atanacio, Hugo Guzm\u00e1n y Samuel Moreno, conductores del programa &#8220;Ya es hora&#8221;, acerca de su presentaci\u00f3n del 14 de octubre, en el Palenque de la Feria San Francisco Pachuca Hidalgo 2023.&nbsp;<\/p>\n\n\n\n<p>El int\u00e9rprete coment\u00f3 que en otras ocasiones ha visitado la entidad y \u201csiempre lo disfrutamos porque, aunque a veces hace fr\u00edo en la noche, el p\u00fablico es bien prendido. O sea, no creo que vaya a hacer la excepci\u00f3n en esta ocasi\u00f3n. Que me acompa\u00f1en a pasar una noche llena de m\u00fasica mexicana con mi banda, mi mariachi, con mi grupo, a escuchar todas las canciones que quieran. Son muchas, bastantes discos, son muchos a\u00f1os los que hemos cantado\u201d, expres\u00f3.<\/p>\n\n\n\n<p>Tambi\u00e9n habl\u00f3 de su gusto por por el deporte nacional, mismo que lleva en la sangre: \u201cLa charrer\u00eda ha sido muy importante en mi vida. Antes de cantar, antes de dedicarme a la m\u00fasica, compet\u00eda. Llegu\u00e9 a ser campe\u00f3n nacional varias veces, campe\u00f3n estatal. Ahorita, somos actuales campeones estatales\u201d, puntualiz\u00f3 Aguilar.<\/p>\n\n\n\n<p>Adem\u00e1s, anunci\u00f3 sus planes de traer el espect\u00e1culo &#8220;Rodeo Sin Fronteras&#8221; a tierras hidalguenses, ya que la entidad es reconocida como la \u201cCuna de la Charrer\u00eda\u201d. Este show, en el que comparte el escenario con sus hijos \u00c1ngela Aguilar y Leonardo, ha sido un \u00e9xito rotundo en otras partes del pa\u00eds:<\/p>\n\n\n\n<p>\u201cEs un espect\u00e1culo con mucha m\u00fasica, caballos, toros, ah\u00ed viene todo lo folcl\u00f3rico, acr\u00f3batas, charrer\u00eda, m\u00e1s de 40 m\u00fasicos. Ha sido un concepto muy bien aceptado. Ya estamos preparando el nuevo y, por qu\u00e9 no, d\u00e9jame decirte, quiz\u00e1s lo llevemos a Pachuca m\u00e1s adelante, si la gente lo quiere, con gusto podemos estar all\u00e1\u201d, manifest\u00f3.<\/p>\n\n\n\n<p>Al cierre de la entrevista, Aguilar lament\u00f3 su ausencia en los premios Grammy Latinos, y revel\u00f3 la raz\u00f3n principal: \u201cNo entregamos a tiempo mi \u00faltimo disco que se llama <em>A la medida<\/em>. La verdad es un disco del cual estoy s\u00faper orgulloso. No entr\u00f3 al tiempo de nominaci\u00f3n por un mes. Hasta en eso se tiene que fijar uno cuando eres independiente, o sea, en qu\u00e9 momento sacas los discos para que sean tomados en cuenta por las diferentes academias o las diferentes premiaciones\u201d, concluy\u00f3.<\/p>\n\n\n\n<p>Para quienes deseen ver la entrevista completa, se encuentra disponible en: <a href=\"https:\/\/fb.watch\/nmOrfhHtt_\/?mibextid=RUbZ1f\">https:\/\/fb.watch\/nmOrfhHtt_\/?mibextid=RUbZ1f<\/a><\/p>\n","protected":false},"excerpt":{"rendered":"<p>\u2022 El int\u00e9rprete se presentar\u00e1 en el Palenque de la Feria de San Francisco Pachuca 2023. Por Redacci\u00f3n\/Zunoticia Pachuca de Soto, Hgo.- En una entrevista exclusiva desde Los \u00c1ngeles, California, el cantante de m\u00fasica regional mexicana, Pepe Aguilar, platic\u00f3 con Claudia Jiim, Karina Atanacio, Hugo Guzm\u00e1n y Samuel Moreno, conductores del programa &#8220;Ya es hora&#8221;,&hellip; <a class=\"more-link\" href=\"https:\/\/www.zunoticia.com\/noticias-de-hidalgo\/2023\/09\/30\/ofrecera-pepe-aguilar-una-noche-llena-de-musica-mexicana\/\">Seguir leyendo <span class=\"screen-reader-text\">Ofrecer\u00e1 Pepe Aguilar una noche&nbsp;llena de m\u00fasica mexicana<\/span><\/a><\/p>\n","protected":false},"author":20,"featured_media":506452,"comment_status":"closed","ping_status":"open","sticky":false,"template":"","format":"standard","meta":{"rop_custom_images_group":[],"rop_custom_messages_group":[],"rop_publish_now":"initial","rop_publish_now_accounts":{"facebook_10159540855086992_322828327761733":""},"rop_publish_now_history":[],"rop_publish_now_status":"pending","footnotes":""},"categories":[208],"tags":[214],"class_list":["post-506451","post","type-post","status-publish","format-standard","has-post-thumbnail","hentry","category-estado","tag-estado","entry"],"_links":{"self":[{"href":"https:\/\/www.zunoticia.com\/noticias-de-hidalgo\/wp-json\/wp\/v2\/posts\/506451","targetHints":{"allow":["GET"]}}],"collection":[{"href":"https:\/\/www.zunoticia.com\/noticias-de-hidalgo\/wp-json\/wp\/v2\/posts"}],"about":[{"href":"https:\/\/www.zunoticia.com\/noticias-de-hidalgo\/wp-json\/wp\/v2\/types\/post"}],"author":[{"embeddable":true,"href":"https:\/\/www.zunoticia.com\/noticias-de-hidalgo\/wp-json\/wp\/v2\/users\/20"}],"replies":[{"embeddable":true,"href":"https:\/\/www.zunoticia.com\/noticias-de-hidalgo\/wp-json\/wp\/v2\/comments?post=506451"}],"version-history":[{"count":1,"href":"https:\/\/www.zunoticia.com\/noticias-de-hidalgo\/wp-json\/wp\/v2\/posts\/506451\/revisions"}],"predecessor-version":[{"id":506453,"href":"https:\/\/www.zunoticia.com\/noticias-de-hidalgo\/wp-json\/wp\/v2\/posts\/506451\/revisions\/506453"}],"wp:featuredmedia":[{"embeddable":true,"href":"https:\/\/www.zunoticia.com\/noticias-de-hidalgo\/wp-json\/wp\/v2\/media\/506452"}],"wp:attachment":[{"href":"https:\/\/www.zunoticia.com\/noticias-de-hidalgo\/wp-json\/wp\/v2\/media?parent=506451"}],"wp:term":[{"taxonomy":"category","embeddable":true,"href":"https:\/\/www.zunoticia.com\/noticias-de-hidalgo\/wp-json\/wp\/v2\/categories?post=506451"},{"taxonomy":"post_tag","embeddable":true,"href":"https:\/\/www.zunoticia.com\/noticias-de-hidalgo\/wp-json\/wp\/v2\/tags?post=506451"}],"curies":[{"name":"wp","href":"https:\/\/api.w.org\/{rel}","templated":true}]}}