{"id":506461,"date":"2023-09-30T18:04:49","date_gmt":"2023-10-01T00:04:49","guid":{"rendered":"https:\/\/www.zunoticia.com\/noticias-de-hidalgo\/?p=506461"},"modified":"2023-09-30T18:04:51","modified_gmt":"2023-10-01T00:04:51","slug":"a-pesar-de-la-crisis-en-el-campo-por-calores-ya-vemos-el-colorido-del-xantolo","status":"publish","type":"post","link":"https:\/\/www.zunoticia.com\/noticias-de-hidalgo\/2023\/09\/30\/a-pesar-de-la-crisis-en-el-campo-por-calores-ya-vemos-el-colorido-del-xantolo\/","title":{"rendered":"A pesar de la crisis en el campo por calores, \u201cYa vemos el colorido del Xantolo\u201d"},"content":{"rendered":"<aside class=\"mashsb-container mashsb-main mashsb-stretched\"><div class=\"mashsb-box\"><div class=\"mashsb-count mash-large\" style=\"float:left\"><div class=\"counts mashsbcount\">3<\/div><span class=\"mashsb-sharetext\">SHARES<\/span><\/div><div class=\"mashsb-buttons\"><a class=\"mashicon-facebook mash-large mash-center mashsb-noshadow\" href=\"https:\/\/www.facebook.com\/sharer.php?u=https%3A%2F%2Fwww.zunoticia.com%2Fnoticias-de-hidalgo%2F2023%2F09%2F30%2Fa-pesar-de-la-crisis-en-el-campo-por-calores-ya-vemos-el-colorido-del-xantolo%2F\" target=\"_top\" rel=\"nofollow\"><span class=\"icon\"><\/span><span class=\"text\">Share<\/span><\/a><a class=\"mashicon-twitter mash-large mash-center mashsb-noshadow\" href=\"https:\/\/twitter.com\/intent\/tweet?text=&amp;url=https:\/\/www.zunoticia.com\/noticias-de-hidalgo\/2023\/09\/30\/a-pesar-de-la-crisis-en-el-campo-por-calores-ya-vemos-el-colorido-del-xantolo\/\" target=\"_top\" rel=\"nofollow\"><span class=\"icon\"><\/span><span class=\"text\">Tweet<\/span><\/a><div class=\"onoffswitch2 mash-large mashsb-noshadow\" style=\"display:none\"><\/div><\/div>\n            <\/div>\n                <div style=\"clear:both\"><\/div><div class=\"mashsb-toggle-container\"><\/div><\/aside>\n            <!-- Share buttons by mashshare.net - Version: 4.0.47-->\n<p><em>Por Enedino Hern\u00e1ndez\/Zunoticia<\/em><\/p>\n\n\n\n<p><strong>Huejutla, Hgo<\/strong>.- \u201cDespu\u00e9s de la celebraci\u00f3n de la primera ofrenda del 29 de septiembre rumbo a las fiestas del Xantolo, todo esto tiene un gran realce, todo genera un recurso, por ello; es que se intensifican los preparativos de las familias en la elaboraci\u00f3n de las artesan\u00edas para esta gran fiesta tradicional\u201d, expuso el se\u00f1or Galileo Hern\u00e1ndez Francisco.<\/p>\n\n\n\n<p>\u201cYa vemos el colorido del Xantolo, las artesan\u00edas, la flor de Cempoalxochitl, ahorita vemos que en este aspecto la situaci\u00f3n va a estar muy cr\u00edtica, pues los fuertes calores no permitieron una adecuada producci\u00f3n de la flor\u201d se\u00f1al\u00f3.<\/p>\n\n\n\n<p>No hay producci\u00f3n de la flor de Cempoalxochitl, se perdieron las milpas y toda la producci\u00f3n del campo de la huasteca, seguramente todo va estar muy caro, van a traer de otros lados la flor a vender el producto a Huejutla.<\/p>\n\n\n\n<p>Detall\u00f3 que, la flor de Cempoalxochitl de la huasteca tiene un olor distinto a la que se traen de otras partes, \u201cdefinitivamente que el calor est\u00e1 afectando seriamente a todos, afecta a los productores del campo, afecta a los ganaderos y a todos\u201d.<\/p>\n\n\n\n<p>Galileo Hern\u00e1ndez Francisco, explic\u00f3 que, a pesar de toda esta situaci\u00f3n que se vive en la huasteca, no pierden la esperanza y adelanta que el Xantolo del 2023 se espera con el mismo colorido de siempre, las comparsas, la fiesta se vivir\u00e1 en las comunidades, ser\u00e1 de gran colorido en la huasteca.<\/p>\n\n\n\n<p><\/p>\n","protected":false},"excerpt":{"rendered":"<p>Por Enedino Hern\u00e1ndez\/Zunoticia Huejutla, Hgo.- \u201cDespu\u00e9s de la celebraci\u00f3n de la primera ofrenda del 29 de septiembre rumbo a las fiestas del Xantolo, todo esto tiene un gran realce, todo genera un recurso, por ello; es que se intensifican los preparativos de las familias en la elaboraci\u00f3n de las artesan\u00edas para esta gran fiesta tradicional\u201d,&hellip; <a class=\"more-link\" href=\"https:\/\/www.zunoticia.com\/noticias-de-hidalgo\/2023\/09\/30\/a-pesar-de-la-crisis-en-el-campo-por-calores-ya-vemos-el-colorido-del-xantolo\/\">Seguir leyendo <span class=\"screen-reader-text\">A pesar de la crisis en el campo por calores, \u201cYa vemos el colorido del Xantolo\u201d<\/span><\/a><\/p>\n","protected":false},"author":20,"featured_media":506462,"comment_status":"closed","ping_status":"open","sticky":false,"template":"","format":"standard","meta":{"rop_custom_images_group":[],"rop_custom_messages_group":[],"rop_publish_now":"initial","rop_publish_now_accounts":{"facebook_10159540855086992_322828327761733":""},"rop_publish_now_history":[],"rop_publish_now_status":"pending","footnotes":""},"categories":[181],"tags":[121],"class_list":["post-506461","post","type-post","status-publish","format-standard","has-post-thumbnail","hentry","category-huejutla","tag-huejutla","entry"],"_links":{"self":[{"href":"https:\/\/www.zunoticia.com\/noticias-de-hidalgo\/wp-json\/wp\/v2\/posts\/506461","targetHints":{"allow":["GET"]}}],"collection":[{"href":"https:\/\/www.zunoticia.com\/noticias-de-hidalgo\/wp-json\/wp\/v2\/posts"}],"about":[{"href":"https:\/\/www.zunoticia.com\/noticias-de-hidalgo\/wp-json\/wp\/v2\/types\/post"}],"author":[{"embeddable":true,"href":"https:\/\/www.zunoticia.com\/noticias-de-hidalgo\/wp-json\/wp\/v2\/users\/20"}],"replies":[{"embeddable":true,"href":"https:\/\/www.zunoticia.com\/noticias-de-hidalgo\/wp-json\/wp\/v2\/comments?post=506461"}],"version-history":[{"count":1,"href":"https:\/\/www.zunoticia.com\/noticias-de-hidalgo\/wp-json\/wp\/v2\/posts\/506461\/revisions"}],"predecessor-version":[{"id":506463,"href":"https:\/\/www.zunoticia.com\/noticias-de-hidalgo\/wp-json\/wp\/v2\/posts\/506461\/revisions\/506463"}],"wp:featuredmedia":[{"embeddable":true,"href":"https:\/\/www.zunoticia.com\/noticias-de-hidalgo\/wp-json\/wp\/v2\/media\/506462"}],"wp:attachment":[{"href":"https:\/\/www.zunoticia.com\/noticias-de-hidalgo\/wp-json\/wp\/v2\/media?parent=506461"}],"wp:term":[{"taxonomy":"category","embeddable":true,"href":"https:\/\/www.zunoticia.com\/noticias-de-hidalgo\/wp-json\/wp\/v2\/categories?post=506461"},{"taxonomy":"post_tag","embeddable":true,"href":"https:\/\/www.zunoticia.com\/noticias-de-hidalgo\/wp-json\/wp\/v2\/tags?post=506461"}],"curies":[{"name":"wp","href":"https:\/\/api.w.org\/{rel}","templated":true}]}}