{"id":506473,"date":"2023-09-30T19:06:29","date_gmt":"2023-10-01T01:06:29","guid":{"rendered":"https:\/\/www.zunoticia.com\/noticias-de-hidalgo\/?p=506473"},"modified":"2023-09-30T19:06:30","modified_gmt":"2023-10-01T01:06:30","slug":"solo-danos-materiales-dejo-choque-de-taxis","status":"publish","type":"post","link":"https:\/\/www.zunoticia.com\/noticias-de-hidalgo\/2023\/09\/30\/solo-danos-materiales-dejo-choque-de-taxis\/","title":{"rendered":"S\u00f3lo da\u00f1os materiales dej\u00f3 choque de taxis"},"content":{"rendered":"<aside class=\"mashsb-container mashsb-main mashsb-stretched\"><div class=\"mashsb-box\"><div class=\"mashsb-count mash-large\" style=\"float:left\"><div class=\"counts mashsbcount\">51<\/div><span class=\"mashsb-sharetext\">SHARES<\/span><\/div><div class=\"mashsb-buttons\"><a class=\"mashicon-facebook mash-large mash-center mashsb-noshadow\" href=\"https:\/\/www.facebook.com\/sharer.php?u=https%3A%2F%2Fwww.zunoticia.com%2Fnoticias-de-hidalgo%2F2023%2F09%2F30%2Fsolo-danos-materiales-dejo-choque-de-taxis%2F\" target=\"_top\" rel=\"nofollow\"><span class=\"icon\"><\/span><span class=\"text\">Share<\/span><\/a><a class=\"mashicon-twitter mash-large mash-center mashsb-noshadow\" href=\"https:\/\/twitter.com\/intent\/tweet?text=&amp;url=https:\/\/www.zunoticia.com\/noticias-de-hidalgo\/2023\/09\/30\/solo-danos-materiales-dejo-choque-de-taxis\/\" target=\"_top\" rel=\"nofollow\"><span class=\"icon\"><\/span><span class=\"text\">Tweet<\/span><\/a><div class=\"onoffswitch2 mash-large mashsb-noshadow\" style=\"display:none\"><\/div><\/div>\n            <\/div>\n                <div style=\"clear:both\"><\/div><div class=\"mashsb-toggle-container\"><\/div><\/aside>\n            <!-- Share buttons by mashshare.net - Version: 4.0.47-->\n<p><em>Por Roberto Meza\/Zunoticia<\/em><\/p>\n\n\n\n<p><strong>Huejutla, Hgo<\/strong>. &#8211; El choque de dos unidades del servicio p\u00fablico, s\u00f3lo dej\u00f3 da\u00f1os materiales; el accidente se registr\u00f3 la tarde de este s\u00e1bado en la colonia An\u00e1huac de esta ciudad, donde la falta de precauci\u00f3n y exceso de velocidad de ambos los llev\u00f3 a la colisi\u00f3n.<\/p>\n\n\n\n<p>El accidente ocurri\u00f3 sobre la calle Escuadr\u00f3n 201, esquina con Adolfo Lugo, donde presuntamente el conductor de un taxi tipo Beat, de la marca Chevrolet, al cruzar sin precauci\u00f3n en este lugar se impact\u00f3 con un taxi tipo Versa, Nissan.<\/p>\n\n\n\n<p>Polic\u00edas municipales y estatales llegaron al lugar para deslindar responsabilidades. El taxi Nissan, iba de Los Papalotes al ICATHI con un pasajero que trasbord\u00f3 a otro veh\u00edculo de alquiler y no present\u00f3 ninguna lesi\u00f3n, por lo que se retir\u00f3 del lugar del percance vial; mientras los conductores esperaron sus ajustadores de sus aseguradoras para llegar a un acuerdo.<\/p>\n\n\n\n<figure class=\"wp-block-image size-large\"><img fetchpriority=\"high\" decoding=\"async\" width=\"1024\" height=\"492\" src=\"https:\/\/www.zunoticia.com\/noticias-de-hidalgo\/wp-content\/uploads\/2023\/09\/WhatsApp-Image-2023-09-30-at-19.05.09-1024x492.jpeg\" alt=\"\" class=\"wp-image-506475\" srcset=\"https:\/\/www.zunoticia.com\/noticias-de-hidalgo\/wp-content\/uploads\/2023\/09\/WhatsApp-Image-2023-09-30-at-19.05.09-1024x492.jpeg 1024w, https:\/\/www.zunoticia.com\/noticias-de-hidalgo\/wp-content\/uploads\/2023\/09\/WhatsApp-Image-2023-09-30-at-19.05.09-300x144.jpeg 300w, https:\/\/www.zunoticia.com\/noticias-de-hidalgo\/wp-content\/uploads\/2023\/09\/WhatsApp-Image-2023-09-30-at-19.05.09-768x369.jpeg 768w, https:\/\/www.zunoticia.com\/noticias-de-hidalgo\/wp-content\/uploads\/2023\/09\/WhatsApp-Image-2023-09-30-at-19.05.09.jpeg 1076w\" sizes=\"(max-width: 1024px) 100vw, 1024px\" \/><\/figure>\n","protected":false},"excerpt":{"rendered":"<p>Por Roberto Meza\/Zunoticia Huejutla, Hgo. &#8211; El choque de dos unidades del servicio p\u00fablico, s\u00f3lo dej\u00f3 da\u00f1os materiales; el accidente se registr\u00f3 la tarde de este s\u00e1bado en la colonia An\u00e1huac de esta ciudad, donde la falta de precauci\u00f3n y exceso de velocidad de ambos los llev\u00f3 a la colisi\u00f3n. El accidente ocurri\u00f3 sobre la&hellip; <a class=\"more-link\" href=\"https:\/\/www.zunoticia.com\/noticias-de-hidalgo\/2023\/09\/30\/solo-danos-materiales-dejo-choque-de-taxis\/\">Seguir leyendo <span class=\"screen-reader-text\">S\u00f3lo da\u00f1os materiales dej\u00f3 choque de taxis<\/span><\/a><\/p>\n","protected":false},"author":20,"featured_media":506474,"comment_status":"closed","ping_status":"open","sticky":false,"template":"","format":"standard","meta":{"rop_custom_images_group":[],"rop_custom_messages_group":[],"rop_publish_now":"initial","rop_publish_now_accounts":{"facebook_10159540855086992_322828327761733":""},"rop_publish_now_history":[],"rop_publish_now_status":"pending","footnotes":""},"categories":[178],"tags":[259],"class_list":["post-506473","post","type-post","status-publish","format-standard","has-post-thumbnail","hentry","category-policiaca","tag-policiaca","entry"],"_links":{"self":[{"href":"https:\/\/www.zunoticia.com\/noticias-de-hidalgo\/wp-json\/wp\/v2\/posts\/506473","targetHints":{"allow":["GET"]}}],"collection":[{"href":"https:\/\/www.zunoticia.com\/noticias-de-hidalgo\/wp-json\/wp\/v2\/posts"}],"about":[{"href":"https:\/\/www.zunoticia.com\/noticias-de-hidalgo\/wp-json\/wp\/v2\/types\/post"}],"author":[{"embeddable":true,"href":"https:\/\/www.zunoticia.com\/noticias-de-hidalgo\/wp-json\/wp\/v2\/users\/20"}],"replies":[{"embeddable":true,"href":"https:\/\/www.zunoticia.com\/noticias-de-hidalgo\/wp-json\/wp\/v2\/comments?post=506473"}],"version-history":[{"count":1,"href":"https:\/\/www.zunoticia.com\/noticias-de-hidalgo\/wp-json\/wp\/v2\/posts\/506473\/revisions"}],"predecessor-version":[{"id":506476,"href":"https:\/\/www.zunoticia.com\/noticias-de-hidalgo\/wp-json\/wp\/v2\/posts\/506473\/revisions\/506476"}],"wp:featuredmedia":[{"embeddable":true,"href":"https:\/\/www.zunoticia.com\/noticias-de-hidalgo\/wp-json\/wp\/v2\/media\/506474"}],"wp:attachment":[{"href":"https:\/\/www.zunoticia.com\/noticias-de-hidalgo\/wp-json\/wp\/v2\/media?parent=506473"}],"wp:term":[{"taxonomy":"category","embeddable":true,"href":"https:\/\/www.zunoticia.com\/noticias-de-hidalgo\/wp-json\/wp\/v2\/categories?post=506473"},{"taxonomy":"post_tag","embeddable":true,"href":"https:\/\/www.zunoticia.com\/noticias-de-hidalgo\/wp-json\/wp\/v2\/tags?post=506473"}],"curies":[{"name":"wp","href":"https:\/\/api.w.org\/{rel}","templated":true}]}}