{"id":506595,"date":"2023-10-01T19:48:32","date_gmt":"2023-10-02T01:48:32","guid":{"rendered":"https:\/\/www.zunoticia.com\/noticias-de-hidalgo\/?p=506595"},"modified":"2023-10-01T19:48:33","modified_gmt":"2023-10-02T01:48:33","slug":"exito-primer-festival-de-la-lectura-2023","status":"publish","type":"post","link":"https:\/\/www.zunoticia.com\/noticias-de-hidalgo\/2023\/10\/01\/exito-primer-festival-de-la-lectura-2023\/","title":{"rendered":"\u00c9xito primer Festival de la Lectura 2023"},"content":{"rendered":"<aside class=\"mashsb-container mashsb-main mashsb-stretched\"><div class=\"mashsb-box\"><div class=\"mashsb-count mash-large\" style=\"float:left\"><div class=\"counts mashsbcount\">14<\/div><span class=\"mashsb-sharetext\">SHARES<\/span><\/div><div class=\"mashsb-buttons\"><a class=\"mashicon-facebook mash-large mash-center mashsb-noshadow\" href=\"https:\/\/www.facebook.com\/sharer.php?u=https%3A%2F%2Fwww.zunoticia.com%2Fnoticias-de-hidalgo%2F2023%2F10%2F01%2Fexito-primer-festival-de-la-lectura-2023%2F\" target=\"_top\" rel=\"nofollow\"><span class=\"icon\"><\/span><span class=\"text\">Share<\/span><\/a><a class=\"mashicon-twitter mash-large mash-center mashsb-noshadow\" href=\"https:\/\/twitter.com\/intent\/tweet?text=&amp;url=https:\/\/www.zunoticia.com\/noticias-de-hidalgo\/2023\/10\/01\/exito-primer-festival-de-la-lectura-2023\/\" target=\"_top\" rel=\"nofollow\"><span class=\"icon\"><\/span><span class=\"text\">Tweet<\/span><\/a><div class=\"onoffswitch2 mash-large mashsb-noshadow\" style=\"display:none\"><\/div><\/div>\n            <\/div>\n                <div style=\"clear:both\"><\/div><div class=\"mashsb-toggle-container\"><\/div><\/aside>\n            <!-- Share buttons by mashshare.net - Version: 4.0.47-->\n<p><em>Por \u00c1ngel Silverio\/Zunoticia<\/em><\/p>\n\n\n\n<p><strong>Jaltoc\u00e1n, Hgo.-<\/strong> Buscando fomentar el h\u00e1bito de la lectura, el pasado s\u00e1bado se llev\u00f3 a cabo el Primer Festival de la Lectura en el municipio, donde se tuvo una gran participaci\u00f3n de los ni\u00f1os jaltocanenses y padres de familia, quienes agradecieron a los organizadores por este importante festival.<\/p>\n\n\n\n<p>La regidora Adriana Nava Hern\u00e1ndez, precis\u00f3, &#8211; &#8220;Estamos muy agradecidos por la respuesta que hemos tenido en este festival, sin duda alguna es algo que se ten\u00eda que empezar a llevar a cabo, porque vemos con mucha participaci\u00f3n a los ni\u00f1os y a los padres de familia y muy interesados&#8221;.<\/p>\n\n\n\n<p>Agradeci\u00f3 el apoyo de todos los que hicieron posible el festival, &#8211; &#8220;Agradecemos todo el apoyo y respaldo en esta actividad asi como a nuestro impulsor de la lectura en la regi\u00f3n Leopoldo Enrique Iniesta Mondrag\u00f3n, al escritor por su participaci\u00f3n, Jes\u00fas Alberto Manr\u00edquez por su participaci\u00f3n, as\u00ed como las instituciones educativas que nos acompa\u00f1aron, seguiremos fomentando estas actividades en Jaltoc\u00e1n&#8221;.<\/p>\n\n\n<div class=\"wp-block-image\">\n<figure class=\"aligncenter size-large\"><img fetchpriority=\"high\" decoding=\"async\" width=\"822\" height=\"1024\" src=\"https:\/\/www.zunoticia.com\/noticias-de-hidalgo\/wp-content\/uploads\/2023\/10\/eZy-Watermark-01-10-2023-07-19-55-1800p.m.-822x1024.jpg\" alt=\"\" class=\"wp-image-506586\" srcset=\"https:\/\/www.zunoticia.com\/noticias-de-hidalgo\/wp-content\/uploads\/2023\/10\/eZy-Watermark-01-10-2023-07-19-55-1800p.m.-822x1024.jpg 822w, https:\/\/www.zunoticia.com\/noticias-de-hidalgo\/wp-content\/uploads\/2023\/10\/eZy-Watermark-01-10-2023-07-19-55-1800p.m.-241x300.jpg 241w, https:\/\/www.zunoticia.com\/noticias-de-hidalgo\/wp-content\/uploads\/2023\/10\/eZy-Watermark-01-10-2023-07-19-55-1800p.m.-768x957.jpg 768w, https:\/\/www.zunoticia.com\/noticias-de-hidalgo\/wp-content\/uploads\/2023\/10\/eZy-Watermark-01-10-2023-07-19-55-1800p.m..jpg 1080w\" sizes=\"(max-width: 822px) 100vw, 822px\" \/><\/figure>\n<\/div>\n\n\n<p>Destac\u00f3 tambi\u00e9n la importancia de la participaci\u00f3n de las madres y padres de familia, as\u00ed como las ni\u00f1as y ni\u00f1os que asistieron a este evento.<\/p>\n","protected":false},"excerpt":{"rendered":"<p>Por \u00c1ngel Silverio\/Zunoticia Jaltoc\u00e1n, Hgo.- Buscando fomentar el h\u00e1bito de la lectura, el pasado s\u00e1bado se llev\u00f3 a cabo el Primer Festival de la Lectura en el municipio, donde se tuvo una gran participaci\u00f3n de los ni\u00f1os jaltocanenses y padres de familia, quienes agradecieron a los organizadores por este importante festival. La regidora Adriana Nava&hellip; <a class=\"more-link\" href=\"https:\/\/www.zunoticia.com\/noticias-de-hidalgo\/2023\/10\/01\/exito-primer-festival-de-la-lectura-2023\/\">Seguir leyendo <span class=\"screen-reader-text\">\u00c9xito primer Festival de la Lectura 2023<\/span><\/a><\/p>\n","protected":false},"author":12,"featured_media":506585,"comment_status":"closed","ping_status":"open","sticky":false,"template":"","format":"standard","meta":{"rop_custom_images_group":[],"rop_custom_messages_group":[],"rop_publish_now":"initial","rop_publish_now_accounts":{"facebook_10159540855086992_322828327761733":""},"rop_publish_now_history":[],"rop_publish_now_status":"pending","footnotes":""},"categories":[179,200],"tags":[131],"class_list":["post-506595","post","type-post","status-publish","format-standard","has-post-thumbnail","hentry","category-huasteca","category-jaltocan","tag-jaltocan","entry"],"_links":{"self":[{"href":"https:\/\/www.zunoticia.com\/noticias-de-hidalgo\/wp-json\/wp\/v2\/posts\/506595","targetHints":{"allow":["GET"]}}],"collection":[{"href":"https:\/\/www.zunoticia.com\/noticias-de-hidalgo\/wp-json\/wp\/v2\/posts"}],"about":[{"href":"https:\/\/www.zunoticia.com\/noticias-de-hidalgo\/wp-json\/wp\/v2\/types\/post"}],"author":[{"embeddable":true,"href":"https:\/\/www.zunoticia.com\/noticias-de-hidalgo\/wp-json\/wp\/v2\/users\/12"}],"replies":[{"embeddable":true,"href":"https:\/\/www.zunoticia.com\/noticias-de-hidalgo\/wp-json\/wp\/v2\/comments?post=506595"}],"version-history":[{"count":1,"href":"https:\/\/www.zunoticia.com\/noticias-de-hidalgo\/wp-json\/wp\/v2\/posts\/506595\/revisions"}],"predecessor-version":[{"id":506596,"href":"https:\/\/www.zunoticia.com\/noticias-de-hidalgo\/wp-json\/wp\/v2\/posts\/506595\/revisions\/506596"}],"wp:featuredmedia":[{"embeddable":true,"href":"https:\/\/www.zunoticia.com\/noticias-de-hidalgo\/wp-json\/wp\/v2\/media\/506585"}],"wp:attachment":[{"href":"https:\/\/www.zunoticia.com\/noticias-de-hidalgo\/wp-json\/wp\/v2\/media?parent=506595"}],"wp:term":[{"taxonomy":"category","embeddable":true,"href":"https:\/\/www.zunoticia.com\/noticias-de-hidalgo\/wp-json\/wp\/v2\/categories?post=506595"},{"taxonomy":"post_tag","embeddable":true,"href":"https:\/\/www.zunoticia.com\/noticias-de-hidalgo\/wp-json\/wp\/v2\/tags?post=506595"}],"curies":[{"name":"wp","href":"https:\/\/api.w.org\/{rel}","templated":true}]}}