{"id":510242,"date":"2023-10-22T00:32:18","date_gmt":"2023-10-22T06:32:18","guid":{"rendered":"https:\/\/www.zunoticia.com\/noticias-de-hidalgo\/?p=510242"},"modified":"2023-10-22T00:32:19","modified_gmt":"2023-10-22T06:32:19","slug":"un-muerto-y-cinco-heridos","status":"publish","type":"post","link":"https:\/\/www.zunoticia.com\/noticias-de-hidalgo\/2023\/10\/22\/un-muerto-y-cinco-heridos\/","title":{"rendered":"\u00a1Un muerto y cinco heridos!"},"content":{"rendered":"<aside class=\"mashsb-container mashsb-main mashsb-stretched\"><div class=\"mashsb-box\"><div class=\"mashsb-count mash-large\" style=\"float:left\"><div class=\"counts mashsbcount\">49<\/div><span class=\"mashsb-sharetext\">SHARES<\/span><\/div><div class=\"mashsb-buttons\"><a class=\"mashicon-facebook mash-large mash-center mashsb-noshadow\" href=\"https:\/\/www.facebook.com\/sharer.php?u=https%3A%2F%2Fwww.zunoticia.com%2Fnoticias-de-hidalgo%2F2023%2F10%2F22%2Fun-muerto-y-cinco-heridos%2F\" target=\"_top\" rel=\"nofollow\"><span class=\"icon\"><\/span><span class=\"text\">Share<\/span><\/a><a class=\"mashicon-twitter mash-large mash-center mashsb-noshadow\" href=\"https:\/\/twitter.com\/intent\/tweet?text=&amp;url=https:\/\/www.zunoticia.com\/noticias-de-hidalgo\/2023\/10\/22\/un-muerto-y-cinco-heridos\/\" target=\"_top\" rel=\"nofollow\"><span class=\"icon\"><\/span><span class=\"text\">Tweet<\/span><\/a><div class=\"onoffswitch2 mash-large mashsb-noshadow\" style=\"display:none\"><\/div><\/div>\n            <\/div>\n                <div style=\"clear:both\"><\/div><div class=\"mashsb-toggle-container\"><\/div><\/aside>\n            <!-- Share buttons by mashshare.net - Version: 4.0.47-->\n<ul class=\"wp-block-list\">\n<li>Fue el saldo del fuerte choque entre dos autos sobre la v\u00eda federal Huejutla-Atlapexco<\/li>\n<\/ul>\n\n\n\n<p><em>Roberto Meza \/ Zunoticia<\/em><\/p>\n\n\n\n<p><strong>Atlapexco, Hgo.-<\/strong> Un choque que se registr\u00f3 la noche de este s\u00e1bado sobre la v\u00eda federal Huejutla-Atlapexco, antes de llegar a la localidad de Palo Gordo, dej\u00f3 como saldo un muerto, varias personas heridas y cuantiosos da\u00f1os materiales.<\/p>\n\n\n\n<p>El brutal choque se dio entre dos autom\u00f3viles en la recta de la Virgencita,&nbsp; de la unidad tipo Jetta resultaron tres lesionados &#8211; un hombre, una mujer y una beb\u00e9 de 2 meses de edad que qued\u00f3 inconsciente, mismos que fueron llevados al hospital regional en un auto particular.<\/p>\n\n\n\n<figure class=\"wp-block-image size-large\"><img fetchpriority=\"high\" decoding=\"async\" width=\"1024\" height=\"538\" src=\"https:\/\/www.zunoticia.com\/noticias-de-hidalgo\/wp-content\/uploads\/2023\/10\/accidente-1024x538.jpg\" alt=\"\" class=\"wp-image-510239\" srcset=\"https:\/\/www.zunoticia.com\/noticias-de-hidalgo\/wp-content\/uploads\/2023\/10\/accidente-1024x538.jpg 1024w, https:\/\/www.zunoticia.com\/noticias-de-hidalgo\/wp-content\/uploads\/2023\/10\/accidente-300x158.jpg 300w, https:\/\/www.zunoticia.com\/noticias-de-hidalgo\/wp-content\/uploads\/2023\/10\/accidente-768x403.jpg 768w, https:\/\/www.zunoticia.com\/noticias-de-hidalgo\/wp-content\/uploads\/2023\/10\/accidente.jpg 1200w\" sizes=\"(max-width: 1024px) 100vw, 1024px\" \/><\/figure>\n\n\n\n<p>La otra unidad siniestrada fue un auto tipo Gol, en el cual viajaban&nbsp; dos varones y una adulta mayor, que fueron atendidos por bomberos por las lesiones que tuvieron, mientras que el ch\u00f3fer de nombre David L. C., vecino de la ciudad de Huejutla, muri\u00f3 prensado en el lugar.<\/p>\n\n\n\n<p>La carretera qued\u00f3 cerrada por varias horas ya que el accidente se dio a mitad de esta, polic\u00edas municipales acordonaron el lugar de los hechos y m\u00e1s tarde lleg\u00f3 personal de la agencia del Ministerio P\u00fablico de Huejutla, as\u00ed como agentes ministeriales del grupo Huejutla.<\/p>\n\n\n\n<p>El cad\u00e1ver tras ser rescatado de entre los fierros retorcidos y fue llevado al servicio m\u00e9dico forense, las unidades chocadas se remitieron al corral\u00f3n del Ministerio P\u00fablico como parte de las investigaciones y deslinde de responsabilidades.<\/p>\n","protected":false},"excerpt":{"rendered":"<p>Roberto Meza \/ Zunoticia Atlapexco, Hgo.- Un choque que se registr\u00f3 la noche de este s\u00e1bado sobre la v\u00eda federal Huejutla-Atlapexco, antes de llegar a la localidad de Palo Gordo, dej\u00f3 como saldo un muerto, varias personas heridas y cuantiosos da\u00f1os materiales. El brutal choque se dio entre dos autom\u00f3viles en la recta de la&hellip; <a class=\"more-link\" href=\"https:\/\/www.zunoticia.com\/noticias-de-hidalgo\/2023\/10\/22\/un-muerto-y-cinco-heridos\/\">Seguir leyendo <span class=\"screen-reader-text\">\u00a1Un muerto y cinco heridos!<\/span><\/a><\/p>\n","protected":false},"author":13,"featured_media":510238,"comment_status":"open","ping_status":"open","sticky":false,"template":"","format":"standard","meta":{"rop_custom_images_group":[],"rop_custom_messages_group":[],"rop_publish_now":"initial","rop_publish_now_accounts":{"facebook_10159540855086992_322828327761733":""},"rop_publish_now_history":[],"rop_publish_now_status":"pending","footnotes":""},"categories":[178],"tags":[133,259],"class_list":["post-510242","post","type-post","status-publish","format-standard","has-post-thumbnail","hentry","category-policiaca","tag-atlapexco","tag-policiaca","entry"],"_links":{"self":[{"href":"https:\/\/www.zunoticia.com\/noticias-de-hidalgo\/wp-json\/wp\/v2\/posts\/510242","targetHints":{"allow":["GET"]}}],"collection":[{"href":"https:\/\/www.zunoticia.com\/noticias-de-hidalgo\/wp-json\/wp\/v2\/posts"}],"about":[{"href":"https:\/\/www.zunoticia.com\/noticias-de-hidalgo\/wp-json\/wp\/v2\/types\/post"}],"author":[{"embeddable":true,"href":"https:\/\/www.zunoticia.com\/noticias-de-hidalgo\/wp-json\/wp\/v2\/users\/13"}],"replies":[{"embeddable":true,"href":"https:\/\/www.zunoticia.com\/noticias-de-hidalgo\/wp-json\/wp\/v2\/comments?post=510242"}],"version-history":[{"count":1,"href":"https:\/\/www.zunoticia.com\/noticias-de-hidalgo\/wp-json\/wp\/v2\/posts\/510242\/revisions"}],"predecessor-version":[{"id":510243,"href":"https:\/\/www.zunoticia.com\/noticias-de-hidalgo\/wp-json\/wp\/v2\/posts\/510242\/revisions\/510243"}],"wp:featuredmedia":[{"embeddable":true,"href":"https:\/\/www.zunoticia.com\/noticias-de-hidalgo\/wp-json\/wp\/v2\/media\/510238"}],"wp:attachment":[{"href":"https:\/\/www.zunoticia.com\/noticias-de-hidalgo\/wp-json\/wp\/v2\/media?parent=510242"}],"wp:term":[{"taxonomy":"category","embeddable":true,"href":"https:\/\/www.zunoticia.com\/noticias-de-hidalgo\/wp-json\/wp\/v2\/categories?post=510242"},{"taxonomy":"post_tag","embeddable":true,"href":"https:\/\/www.zunoticia.com\/noticias-de-hidalgo\/wp-json\/wp\/v2\/tags?post=510242"}],"curies":[{"name":"wp","href":"https:\/\/api.w.org\/{rel}","templated":true}]}}