{"id":510249,"date":"2023-10-22T11:30:10","date_gmt":"2023-10-22T17:30:10","guid":{"rendered":"https:\/\/www.zunoticia.com\/noticias-de-hidalgo\/?p=510249"},"modified":"2023-10-22T11:30:12","modified_gmt":"2023-10-22T17:30:12","slug":"fallecio-bebita-herida-en-choque","status":"publish","type":"post","link":"https:\/\/www.zunoticia.com\/noticias-de-hidalgo\/2023\/10\/22\/fallecio-bebita-herida-en-choque\/","title":{"rendered":"Falleci\u00f3 bebita herida en choque"},"content":{"rendered":"<aside class=\"mashsb-container mashsb-main mashsb-stretched\"><div class=\"mashsb-box\"><div class=\"mashsb-count mash-large\" style=\"float:left\"><div class=\"counts mashsbcount\">59<\/div><span class=\"mashsb-sharetext\">SHARES<\/span><\/div><div class=\"mashsb-buttons\"><a class=\"mashicon-facebook mash-large mash-center mashsb-noshadow\" href=\"https:\/\/www.facebook.com\/sharer.php?u=https%3A%2F%2Fwww.zunoticia.com%2Fnoticias-de-hidalgo%2F2023%2F10%2F22%2Ffallecio-bebita-herida-en-choque%2F\" target=\"_top\" rel=\"nofollow\"><span class=\"icon\"><\/span><span class=\"text\">Share<\/span><\/a><a class=\"mashicon-twitter mash-large mash-center mashsb-noshadow\" href=\"https:\/\/twitter.com\/intent\/tweet?text=&amp;url=https:\/\/www.zunoticia.com\/noticias-de-hidalgo\/2023\/10\/22\/fallecio-bebita-herida-en-choque\/\" target=\"_top\" rel=\"nofollow\"><span class=\"icon\"><\/span><span class=\"text\">Tweet<\/span><\/a><div class=\"onoffswitch2 mash-large mashsb-noshadow\" style=\"display:none\"><\/div><\/div>\n            <\/div>\n                <div style=\"clear:both\"><\/div><div class=\"mashsb-toggle-container\"><\/div><\/aside>\n            <!-- Share buttons by mashshare.net - Version: 4.0.47-->\n<p><em>Por Francisco Rosas\/Zunoticia<\/em><\/p>\n\n\n\n<p><strong>Huejutla, Hgo.-<\/strong> Debido a la gravedad de las lesiones que sufri\u00f3, fallece bebita de dos meses que result\u00f3 herida en choque automovil\u00edstico ocurrido la noche del pasado s\u00e1bado, en el tramo de la carretera federal Huejutla \u2013 Atlapexco.<\/p>\n\n\n\n<p>Como se dio a conocer oportunamente, el fatal accidente ocurri\u00f3 cerca de la entrada de la localidad de Ixtacuayo, perteneciente al municipio de Atlapexco, donde un coche tipo Gol de color rojo, se impact\u00f3 frontalmente contra un veh\u00edculo Volkswagen tipo Jetta de color azul, en el cual viajaba la menor junto con sus padres, originarios de la comunidad de Huitzotlaco.<\/p>\n\n\n\n<figure class=\"wp-block-image size-large\"><img fetchpriority=\"high\" decoding=\"async\" width=\"1024\" height=\"614\" src=\"https:\/\/www.zunoticia.com\/noticias-de-hidalgo\/wp-content\/uploads\/2023\/10\/eZy-Watermark-22-10-2023-10-21-05-8750a.m-1024x614.jpg\" alt=\"\" class=\"wp-image-510251\" srcset=\"https:\/\/www.zunoticia.com\/noticias-de-hidalgo\/wp-content\/uploads\/2023\/10\/eZy-Watermark-22-10-2023-10-21-05-8750a.m-1024x614.jpg 1024w, https:\/\/www.zunoticia.com\/noticias-de-hidalgo\/wp-content\/uploads\/2023\/10\/eZy-Watermark-22-10-2023-10-21-05-8750a.m-300x180.jpg 300w, https:\/\/www.zunoticia.com\/noticias-de-hidalgo\/wp-content\/uploads\/2023\/10\/eZy-Watermark-22-10-2023-10-21-05-8750a.m-768x461.jpg 768w, https:\/\/www.zunoticia.com\/noticias-de-hidalgo\/wp-content\/uploads\/2023\/10\/eZy-Watermark-22-10-2023-10-21-05-8750a.m-1536x921.jpg 1536w, https:\/\/www.zunoticia.com\/noticias-de-hidalgo\/wp-content\/uploads\/2023\/10\/eZy-Watermark-22-10-2023-10-21-05-8750a.m-1568x940.jpg 1568w, https:\/\/www.zunoticia.com\/noticias-de-hidalgo\/wp-content\/uploads\/2023\/10\/eZy-Watermark-22-10-2023-10-21-05-8750a.m.jpg 1599w\" sizes=\"(max-width: 1024px) 100vw, 1024px\" \/><\/figure>\n\n\n\n<p>Tras el fuerte choque, la criatura qued\u00f3 inconsciente y a\u00fan con vida fue trasladada al Hospital Regional de la Huasteca, donde lamentablemente muri\u00f3 minutos m\u00e1s tarde.<\/p>\n\n\n\n<p>Con relaci\u00f3n a los hechos, el Ministerio P\u00fablico Orientador en turno, inici\u00f3 una carpeta de investigaci\u00f3n por lo que resulte de la muerte de esta persona del sexo femenino, no obstante, el presunto responsable del accidente tambi\u00e9n falleci\u00f3 en el lugar de los hechos.<\/p>\n","protected":false},"excerpt":{"rendered":"<p>Por Francisco Rosas\/Zunoticia Huejutla, Hgo.- Debido a la gravedad de las lesiones que sufri\u00f3, fallece bebita de dos meses que result\u00f3 herida en choque automovil\u00edstico ocurrido la noche del pasado s\u00e1bado, en el tramo de la carretera federal Huejutla \u2013 Atlapexco. Como se dio a conocer oportunamente, el fatal accidente ocurri\u00f3 cerca de la entrada&hellip; <a class=\"more-link\" href=\"https:\/\/www.zunoticia.com\/noticias-de-hidalgo\/2023\/10\/22\/fallecio-bebita-herida-en-choque\/\">Seguir leyendo <span class=\"screen-reader-text\">Falleci\u00f3 bebita herida en choque<\/span><\/a><\/p>\n","protected":false},"author":12,"featured_media":510250,"comment_status":"open","ping_status":"open","sticky":false,"template":"","format":"standard","meta":{"rop_custom_images_group":[],"rop_custom_messages_group":[],"rop_publish_now":"initial","rop_publish_now_accounts":{"facebook_10159540855086992_322828327761733":""},"rop_publish_now_history":[],"rop_publish_now_status":"pending","footnotes":""},"categories":[178],"tags":[259],"class_list":["post-510249","post","type-post","status-publish","format-standard","has-post-thumbnail","hentry","category-policiaca","tag-policiaca","entry"],"_links":{"self":[{"href":"https:\/\/www.zunoticia.com\/noticias-de-hidalgo\/wp-json\/wp\/v2\/posts\/510249","targetHints":{"allow":["GET"]}}],"collection":[{"href":"https:\/\/www.zunoticia.com\/noticias-de-hidalgo\/wp-json\/wp\/v2\/posts"}],"about":[{"href":"https:\/\/www.zunoticia.com\/noticias-de-hidalgo\/wp-json\/wp\/v2\/types\/post"}],"author":[{"embeddable":true,"href":"https:\/\/www.zunoticia.com\/noticias-de-hidalgo\/wp-json\/wp\/v2\/users\/12"}],"replies":[{"embeddable":true,"href":"https:\/\/www.zunoticia.com\/noticias-de-hidalgo\/wp-json\/wp\/v2\/comments?post=510249"}],"version-history":[{"count":1,"href":"https:\/\/www.zunoticia.com\/noticias-de-hidalgo\/wp-json\/wp\/v2\/posts\/510249\/revisions"}],"predecessor-version":[{"id":510252,"href":"https:\/\/www.zunoticia.com\/noticias-de-hidalgo\/wp-json\/wp\/v2\/posts\/510249\/revisions\/510252"}],"wp:featuredmedia":[{"embeddable":true,"href":"https:\/\/www.zunoticia.com\/noticias-de-hidalgo\/wp-json\/wp\/v2\/media\/510250"}],"wp:attachment":[{"href":"https:\/\/www.zunoticia.com\/noticias-de-hidalgo\/wp-json\/wp\/v2\/media?parent=510249"}],"wp:term":[{"taxonomy":"category","embeddable":true,"href":"https:\/\/www.zunoticia.com\/noticias-de-hidalgo\/wp-json\/wp\/v2\/categories?post=510249"},{"taxonomy":"post_tag","embeddable":true,"href":"https:\/\/www.zunoticia.com\/noticias-de-hidalgo\/wp-json\/wp\/v2\/tags?post=510249"}],"curies":[{"name":"wp","href":"https:\/\/api.w.org\/{rel}","templated":true}]}}