{"id":510281,"date":"2023-10-22T18:51:43","date_gmt":"2023-10-23T00:51:43","guid":{"rendered":"https:\/\/www.zunoticia.com\/noticias-de-hidalgo\/?p=510281"},"modified":"2023-10-22T18:51:44","modified_gmt":"2023-10-23T00:51:44","slug":"realizaron-parlamento-infantil-con-sede-en-el-municipio","status":"publish","type":"post","link":"https:\/\/www.zunoticia.com\/noticias-de-hidalgo\/2023\/10\/22\/realizaron-parlamento-infantil-con-sede-en-el-municipio\/","title":{"rendered":"Realizaron Parlamento Infantil con sede en el municipio"},"content":{"rendered":"<aside class=\"mashsb-container mashsb-main mashsb-stretched\"><div class=\"mashsb-box\"><div class=\"mashsb-count mash-large\" style=\"float:left\"><div class=\"counts mashsbcount\">21<\/div><span class=\"mashsb-sharetext\">SHARES<\/span><\/div><div class=\"mashsb-buttons\"><a class=\"mashicon-facebook mash-large mash-center mashsb-noshadow\" href=\"https:\/\/www.facebook.com\/sharer.php?u=https%3A%2F%2Fwww.zunoticia.com%2Fnoticias-de-hidalgo%2F2023%2F10%2F22%2Frealizaron-parlamento-infantil-con-sede-en-el-municipio%2F\" target=\"_top\" rel=\"nofollow\"><span class=\"icon\"><\/span><span class=\"text\">Share<\/span><\/a><a class=\"mashicon-twitter mash-large mash-center mashsb-noshadow\" href=\"https:\/\/twitter.com\/intent\/tweet?text=&amp;url=https:\/\/www.zunoticia.com\/noticias-de-hidalgo\/2023\/10\/22\/realizaron-parlamento-infantil-con-sede-en-el-municipio\/\" target=\"_top\" rel=\"nofollow\"><span class=\"icon\"><\/span><span class=\"text\">Tweet<\/span><\/a><div class=\"onoffswitch2 mash-large mashsb-noshadow\" style=\"display:none\"><\/div><\/div>\n            <\/div>\n                <div style=\"clear:both\"><\/div><div class=\"mashsb-toggle-container\"><\/div><\/aside>\n            <!-- Share buttons by mashshare.net - Version: 4.0.47-->\n<p><em>Por \u00c1ngel Silverio\/Zunoticia<\/em><\/p>\n\n\n\n<p><strong>San Felipe Orizatl\u00e1n, Hgo.-<\/strong> El municipio fue sede del Noveno Parlamento Infantil, a trav\u00e9s del \u00e1rea de SIPINNA, donde se cont\u00f3 con alumnos participantes de los municipios de Atlapexco, Yahualica y Orizatl\u00e1n.<\/p>\n\n\n\n<p>Durante su participaci\u00f3n, cada uno de los alumnos tuvo 4 minutos para exponer sus temas y posteriormente se llev\u00f3 a cabo la votaci\u00f3n para seleccionar al ganador de este concurso.<\/p>\n\n\n\n<p>Antes de dar a conocer el resultado a los participantes, la subdirectora administrativa del DIF Municipal, Lucia Montagnaro, en representaci\u00f3n de la alcaldesa Erika Saab Lara, felicit\u00f3 a los 3 participantes y reconoci\u00f3 el gran trabajo de los alumnos, maestros y padres de familia por su gran esfuerzo y excelente participaci\u00f3n.<\/p>\n\n\n\n<p>Finalmente, se dieron los resultados de este evento donde, Axel Felipe Ju\u00e1rez Sanjuan, del municipio de Yahualica, fue el acreedor del primer lugar, gracias al voto de sus compa\u00f1eros, quienes por medio del voto libre y secreto ejercieron su derecho a la democracia.<\/p>\n","protected":false},"excerpt":{"rendered":"<p>Por \u00c1ngel Silverio\/Zunoticia San Felipe Orizatl\u00e1n, Hgo.- El municipio fue sede del Noveno Parlamento Infantil, a trav\u00e9s del \u00e1rea de SIPINNA, donde se cont\u00f3 con alumnos participantes de los municipios de Atlapexco, Yahualica y Orizatl\u00e1n. Durante su participaci\u00f3n, cada uno de los alumnos tuvo 4 minutos para exponer sus temas y posteriormente se llev\u00f3 a&hellip; <a class=\"more-link\" href=\"https:\/\/www.zunoticia.com\/noticias-de-hidalgo\/2023\/10\/22\/realizaron-parlamento-infantil-con-sede-en-el-municipio\/\">Seguir leyendo <span class=\"screen-reader-text\">Realizaron Parlamento Infantil con sede en el municipio<\/span><\/a><\/p>\n","protected":false},"author":12,"featured_media":510266,"comment_status":"open","ping_status":"open","sticky":false,"template":"","format":"standard","meta":{"rop_custom_images_group":[],"rop_custom_messages_group":[],"rop_publish_now":"initial","rop_publish_now_accounts":{"facebook_10159540855086992_322828327761733":""},"rop_publish_now_history":[],"rop_publish_now_status":"pending","footnotes":""},"categories":[180],"tags":[129],"class_list":["post-510281","post","type-post","status-publish","format-standard","has-post-thumbnail","hentry","category-orizatlan","tag-orizatlan","entry"],"_links":{"self":[{"href":"https:\/\/www.zunoticia.com\/noticias-de-hidalgo\/wp-json\/wp\/v2\/posts\/510281","targetHints":{"allow":["GET"]}}],"collection":[{"href":"https:\/\/www.zunoticia.com\/noticias-de-hidalgo\/wp-json\/wp\/v2\/posts"}],"about":[{"href":"https:\/\/www.zunoticia.com\/noticias-de-hidalgo\/wp-json\/wp\/v2\/types\/post"}],"author":[{"embeddable":true,"href":"https:\/\/www.zunoticia.com\/noticias-de-hidalgo\/wp-json\/wp\/v2\/users\/12"}],"replies":[{"embeddable":true,"href":"https:\/\/www.zunoticia.com\/noticias-de-hidalgo\/wp-json\/wp\/v2\/comments?post=510281"}],"version-history":[{"count":1,"href":"https:\/\/www.zunoticia.com\/noticias-de-hidalgo\/wp-json\/wp\/v2\/posts\/510281\/revisions"}],"predecessor-version":[{"id":510282,"href":"https:\/\/www.zunoticia.com\/noticias-de-hidalgo\/wp-json\/wp\/v2\/posts\/510281\/revisions\/510282"}],"wp:featuredmedia":[{"embeddable":true,"href":"https:\/\/www.zunoticia.com\/noticias-de-hidalgo\/wp-json\/wp\/v2\/media\/510266"}],"wp:attachment":[{"href":"https:\/\/www.zunoticia.com\/noticias-de-hidalgo\/wp-json\/wp\/v2\/media?parent=510281"}],"wp:term":[{"taxonomy":"category","embeddable":true,"href":"https:\/\/www.zunoticia.com\/noticias-de-hidalgo\/wp-json\/wp\/v2\/categories?post=510281"},{"taxonomy":"post_tag","embeddable":true,"href":"https:\/\/www.zunoticia.com\/noticias-de-hidalgo\/wp-json\/wp\/v2\/tags?post=510281"}],"curies":[{"name":"wp","href":"https:\/\/api.w.org\/{rel}","templated":true}]}}