{"id":510294,"date":"2023-10-22T19:52:06","date_gmt":"2023-10-23T01:52:06","guid":{"rendered":"https:\/\/www.zunoticia.com\/noticias-de-hidalgo\/?p=510294"},"modified":"2023-10-22T19:52:08","modified_gmt":"2023-10-23T01:52:08","slug":"temen-posible-siniestro-por-anarquia-de-cables-en-area-de-medidores-de-la-zona-de-plaza-del-maiz","status":"publish","type":"post","link":"https:\/\/www.zunoticia.com\/noticias-de-hidalgo\/2023\/10\/22\/temen-posible-siniestro-por-anarquia-de-cables-en-area-de-medidores-de-la-zona-de-plaza-del-maiz\/","title":{"rendered":"Temen posible siniestro por anarqu\u00eda de cables en \u00e1rea de medidores de la zona de Plaza del Ma\u00edz"},"content":{"rendered":"<aside class=\"mashsb-container mashsb-main mashsb-stretched\"><div class=\"mashsb-box\"><div class=\"mashsb-count mash-large\" style=\"float:left\"><div class=\"counts mashsbcount\">22<\/div><span class=\"mashsb-sharetext\">SHARES<\/span><\/div><div class=\"mashsb-buttons\"><a class=\"mashicon-facebook mash-large mash-center mashsb-noshadow\" href=\"https:\/\/www.facebook.com\/sharer.php?u=https%3A%2F%2Fwww.zunoticia.com%2Fnoticias-de-hidalgo%2F2023%2F10%2F22%2Ftemen-posible-siniestro-por-anarquia-de-cables-en-area-de-medidores-de-la-zona-de-plaza-del-maiz%2F\" target=\"_top\" rel=\"nofollow\"><span class=\"icon\"><\/span><span class=\"text\">Share<\/span><\/a><a class=\"mashicon-twitter mash-large mash-center mashsb-noshadow\" href=\"https:\/\/twitter.com\/intent\/tweet?text=&amp;url=https:\/\/www.zunoticia.com\/noticias-de-hidalgo\/2023\/10\/22\/temen-posible-siniestro-por-anarquia-de-cables-en-area-de-medidores-de-la-zona-de-plaza-del-maiz\/\" target=\"_top\" rel=\"nofollow\"><span class=\"icon\"><\/span><span class=\"text\">Tweet<\/span><\/a><div class=\"onoffswitch2 mash-large mashsb-noshadow\" style=\"display:none\"><\/div><\/div>\n            <\/div>\n                <div style=\"clear:both\"><\/div><div class=\"mashsb-toggle-container\"><\/div><\/aside>\n            <!-- Share buttons by mashshare.net - Version: 4.0.47-->\n<p><em>Por Salvador Altamirano\/Zunoticia<\/em><\/p>\n\n\n\n<p><strong>Huejutla, Hgo.-<\/strong> Locatarios establecidos en la cercan\u00eda y en el mismo sector de la Plaza del Ma\u00edz, refirieron que, en el \u00e1rea de medidores hay arcaicos cables de energ\u00eda el\u00e9ctrica, por lo que temen un siniestro, el cual por lo mismo, dijeron, est\u00e1 latente.<\/p>\n\n\n<div class=\"wp-block-image\">\n<figure class=\"aligncenter size-large\"><img fetchpriority=\"high\" decoding=\"async\" width=\"768\" height=\"1024\" src=\"https:\/\/www.zunoticia.com\/noticias-de-hidalgo\/wp-content\/uploads\/2023\/10\/Imagen-de-WhatsApp-2023-10-22-a-las-17.54.00_4f05aee7-768x1024.jpg\" alt=\"\" class=\"wp-image-510269\" srcset=\"https:\/\/www.zunoticia.com\/noticias-de-hidalgo\/wp-content\/uploads\/2023\/10\/Imagen-de-WhatsApp-2023-10-22-a-las-17.54.00_4f05aee7-768x1024.jpg 768w, https:\/\/www.zunoticia.com\/noticias-de-hidalgo\/wp-content\/uploads\/2023\/10\/Imagen-de-WhatsApp-2023-10-22-a-las-17.54.00_4f05aee7-225x300.jpg 225w, https:\/\/www.zunoticia.com\/noticias-de-hidalgo\/wp-content\/uploads\/2023\/10\/Imagen-de-WhatsApp-2023-10-22-a-las-17.54.00_4f05aee7.jpg 960w\" sizes=\"(max-width: 768px) 100vw, 768px\" \/><\/figure>\n<\/div>\n\n\n<p>Agregaron que, la mayor\u00eda, por lo vetusto y a\u00f1adidos, pueden de un momento a otros hacer un corto circuito de grandes dimensiones y generar un incendio que convierta en cenizas a los locales del sector, sino es que a todo el Mercado Municipal.<\/p>\n\n\n\n<p>Por tal motivo, exhortan al representante de la zona, de quien dijeron que solamente conocen por sobre nombre, y a la directora del mercado, Lidia Vite Cruz, para que acudan a realizar una supervisi\u00f3n al \u00e1rea de los medidores y hacer los cambios de cables que se tengan que hacer, para as\u00ed evitar un accidente.<\/p>\n\n\n\n<figure class=\"wp-block-image size-large\"><img decoding=\"async\" width=\"1024\" height=\"768\" src=\"https:\/\/www.zunoticia.com\/noticias-de-hidalgo\/wp-content\/uploads\/2023\/10\/Imagen-de-WhatsApp-2023-10-22-a-las-17.54.00_6858258b-1024x768.jpg\" alt=\"\" class=\"wp-image-510270\" srcset=\"https:\/\/www.zunoticia.com\/noticias-de-hidalgo\/wp-content\/uploads\/2023\/10\/Imagen-de-WhatsApp-2023-10-22-a-las-17.54.00_6858258b-1024x768.jpg 1024w, https:\/\/www.zunoticia.com\/noticias-de-hidalgo\/wp-content\/uploads\/2023\/10\/Imagen-de-WhatsApp-2023-10-22-a-las-17.54.00_6858258b-300x225.jpg 300w, https:\/\/www.zunoticia.com\/noticias-de-hidalgo\/wp-content\/uploads\/2023\/10\/Imagen-de-WhatsApp-2023-10-22-a-las-17.54.00_6858258b-768x576.jpg 768w, https:\/\/www.zunoticia.com\/noticias-de-hidalgo\/wp-content\/uploads\/2023\/10\/Imagen-de-WhatsApp-2023-10-22-a-las-17.54.00_6858258b.jpg 1280w\" sizes=\"(max-width: 1024px) 100vw, 1024px\" \/><\/figure>\n\n\n\n<p>Para finalizar, subrayaron que, ojal\u00e1 no &#8220;echen en saco roto&#8221;, como se expresa coloquialmente, el requerimiento de advertencia, y vayan a querer &#8220;tapar el pozo despu\u00e9s de ahogado el ni\u00f1o&#8221;, como tambi\u00e9n refiere un dicho popular y, lo que ser\u00eda peor, lamentar p\u00e9rdidas materiales y humanas.<\/p>\n","protected":false},"excerpt":{"rendered":"<p>Por Salvador Altamirano\/Zunoticia Huejutla, Hgo.- Locatarios establecidos en la cercan\u00eda y en el mismo sector de la Plaza del Ma\u00edz, refirieron que, en el \u00e1rea de medidores hay arcaicos cables de energ\u00eda el\u00e9ctrica, por lo que temen un siniestro, el cual por lo mismo, dijeron, est\u00e1 latente. Agregaron que, la mayor\u00eda, por lo vetusto y&hellip; <a class=\"more-link\" href=\"https:\/\/www.zunoticia.com\/noticias-de-hidalgo\/2023\/10\/22\/temen-posible-siniestro-por-anarquia-de-cables-en-area-de-medidores-de-la-zona-de-plaza-del-maiz\/\">Seguir leyendo <span class=\"screen-reader-text\">Temen posible siniestro por anarqu\u00eda de cables en \u00e1rea de medidores de la zona de Plaza del Ma\u00edz<\/span><\/a><\/p>\n","protected":false},"author":12,"featured_media":510268,"comment_status":"open","ping_status":"open","sticky":false,"template":"","format":"standard","meta":{"rop_custom_images_group":[],"rop_custom_messages_group":[],"rop_publish_now":"initial","rop_publish_now_accounts":{"facebook_10159540855086992_322828327761733":""},"rop_publish_now_history":[],"rop_publish_now_status":"pending","footnotes":""},"categories":[179,181],"tags":[121],"class_list":["post-510294","post","type-post","status-publish","format-standard","has-post-thumbnail","hentry","category-huasteca","category-huejutla","tag-huejutla","entry"],"_links":{"self":[{"href":"https:\/\/www.zunoticia.com\/noticias-de-hidalgo\/wp-json\/wp\/v2\/posts\/510294","targetHints":{"allow":["GET"]}}],"collection":[{"href":"https:\/\/www.zunoticia.com\/noticias-de-hidalgo\/wp-json\/wp\/v2\/posts"}],"about":[{"href":"https:\/\/www.zunoticia.com\/noticias-de-hidalgo\/wp-json\/wp\/v2\/types\/post"}],"author":[{"embeddable":true,"href":"https:\/\/www.zunoticia.com\/noticias-de-hidalgo\/wp-json\/wp\/v2\/users\/12"}],"replies":[{"embeddable":true,"href":"https:\/\/www.zunoticia.com\/noticias-de-hidalgo\/wp-json\/wp\/v2\/comments?post=510294"}],"version-history":[{"count":1,"href":"https:\/\/www.zunoticia.com\/noticias-de-hidalgo\/wp-json\/wp\/v2\/posts\/510294\/revisions"}],"predecessor-version":[{"id":510295,"href":"https:\/\/www.zunoticia.com\/noticias-de-hidalgo\/wp-json\/wp\/v2\/posts\/510294\/revisions\/510295"}],"wp:featuredmedia":[{"embeddable":true,"href":"https:\/\/www.zunoticia.com\/noticias-de-hidalgo\/wp-json\/wp\/v2\/media\/510268"}],"wp:attachment":[{"href":"https:\/\/www.zunoticia.com\/noticias-de-hidalgo\/wp-json\/wp\/v2\/media?parent=510294"}],"wp:term":[{"taxonomy":"category","embeddable":true,"href":"https:\/\/www.zunoticia.com\/noticias-de-hidalgo\/wp-json\/wp\/v2\/categories?post=510294"},{"taxonomy":"post_tag","embeddable":true,"href":"https:\/\/www.zunoticia.com\/noticias-de-hidalgo\/wp-json\/wp\/v2\/tags?post=510294"}],"curies":[{"name":"wp","href":"https:\/\/api.w.org\/{rel}","templated":true}]}}