{"id":510299,"date":"2023-10-22T23:18:18","date_gmt":"2023-10-23T05:18:18","guid":{"rendered":"https:\/\/www.zunoticia.com\/noticias-de-hidalgo\/?p=510299"},"modified":"2023-10-22T23:18:19","modified_gmt":"2023-10-23T05:18:19","slug":"fortalece-turismo-la-promocion-internacional-de-hidalgo","status":"publish","type":"post","link":"https:\/\/www.zunoticia.com\/noticias-de-hidalgo\/2023\/10\/22\/fortalece-turismo-la-promocion-internacional-de-hidalgo\/","title":{"rendered":"Fortalece Turismo la promoci\u00f3n internacional de Hidalgo"},"content":{"rendered":"<aside class=\"mashsb-container mashsb-main mashsb-stretched\"><div class=\"mashsb-box\"><div class=\"mashsb-count mash-large\" style=\"float:left\"><div class=\"counts mashsbcount\">0<\/div><span class=\"mashsb-sharetext\">SHARES<\/span><\/div><div class=\"mashsb-buttons\"><a class=\"mashicon-facebook mash-large mash-center mashsb-noshadow\" href=\"https:\/\/www.facebook.com\/sharer.php?u=https%3A%2F%2Fwww.zunoticia.com%2Fnoticias-de-hidalgo%2F2023%2F10%2F22%2Ffortalece-turismo-la-promocion-internacional-de-hidalgo%2F\" target=\"_top\" rel=\"nofollow\"><span class=\"icon\"><\/span><span class=\"text\">Share<\/span><\/a><a class=\"mashicon-twitter mash-large mash-center mashsb-noshadow\" href=\"https:\/\/twitter.com\/intent\/tweet?text=&amp;url=https:\/\/www.zunoticia.com\/noticias-de-hidalgo\/2023\/10\/22\/fortalece-turismo-la-promocion-internacional-de-hidalgo\/\" target=\"_top\" rel=\"nofollow\"><span class=\"icon\"><\/span><span class=\"text\">Tweet<\/span><\/a><div class=\"onoffswitch2 mash-large mashsb-noshadow\" style=\"display:none\"><\/div><\/div>\n            <\/div>\n                <div style=\"clear:both\"><\/div><div class=\"mashsb-toggle-container\"><\/div><\/aside>\n            <!-- Share buttons by mashshare.net - Version: 4.0.47-->\n<ul class=\"wp-block-list\">\n<li>Tuvo la entidad relevante participaci\u00f3n en el Festival Gastron\u00f3mico \u00a1Qu\u00e9 Gusto!, en Francia.<\/li>\n\n\n\n<li>Se pretende realizar el pr\u00f3ximo a\u00f1o la Semana de Hidalgo en el pa\u00eds europeo<\/li>\n<\/ul>\n\n\n\n<p><em>Por Redacci\u00f3n\/Zunoticia<\/em><\/p>\n\n\n\n<p><strong>Pachuca de Soto, Hgo. &#8211;<\/strong> Como &#8220;exitosa&#8221; calific\u00f3 la secretaria de Turismo estatal, Elizabeth Quintanar G\u00f3mez, la gira de nueve d\u00edas por Francia que se llev\u00f3 a cabo para difundir las riquezas que ofrece la entidad al mundo, y de la cual tambi\u00e9n fue parte la cocinera tradicional de Santiago de Anaya, Luisa Anaya P\u00e9rez, en el Festival Gastron\u00f3mico &#8220;\u00a1Qu\u00e9 Gusto!&#8221;.<\/p>\n\n\n\n<p>La servidora p\u00fablica inform\u00f3 que se lograron los objetivos planteados para estos d\u00edas de trabajo y tambi\u00e9n expuso que fue a trav\u00e9s de la gastronom\u00eda que se dieron a conocer y promocionaron paquetes tur\u00edsticos de Hidalgo, mostrando lo mejor de su geograf\u00eda, bellezas naturales y su gastronom\u00eda.<\/p>\n\n\n\n<p>&#8220;El objetivo fue que en Francia descubrieran c\u00f3mo se cocina, c\u00f3mo se teje, c\u00f3mo se extrae el ixtle o la concha de abul\u00f3n, por lo que, adem\u00e1s de videos, se ofrecieron entrevistas, se atendieron a agencias y a posibles compradores de todos los servicios que tenemos en el estado&#8221;, indic\u00f3.<\/p>\n\n\n\n<figure class=\"wp-block-image size-large\"><img fetchpriority=\"high\" decoding=\"async\" width=\"1024\" height=\"768\" src=\"https:\/\/www.zunoticia.com\/noticias-de-hidalgo\/wp-content\/uploads\/2023\/10\/WhatsApp-Image-2023-10-22-at-10.38.53-PM-5-1024x768.jpeg\" alt=\"\" class=\"wp-image-510301\" srcset=\"https:\/\/www.zunoticia.com\/noticias-de-hidalgo\/wp-content\/uploads\/2023\/10\/WhatsApp-Image-2023-10-22-at-10.38.53-PM-5-1024x768.jpeg 1024w, https:\/\/www.zunoticia.com\/noticias-de-hidalgo\/wp-content\/uploads\/2023\/10\/WhatsApp-Image-2023-10-22-at-10.38.53-PM-5-300x225.jpeg 300w, https:\/\/www.zunoticia.com\/noticias-de-hidalgo\/wp-content\/uploads\/2023\/10\/WhatsApp-Image-2023-10-22-at-10.38.53-PM-5-768x576.jpeg 768w, https:\/\/www.zunoticia.com\/noticias-de-hidalgo\/wp-content\/uploads\/2023\/10\/WhatsApp-Image-2023-10-22-at-10.38.53-PM-5.jpeg 1280w\" sizes=\"(max-width: 1024px) 100vw, 1024px\" \/><\/figure>\n\n\n\n<p>Con el prop\u00f3sito de que la entidad sea punto de inter\u00e9s para que turistas franceses se den la oportunidad de conocerlo y descubrirlo, el gobierno del estado, a trav\u00e9s de la Secretar\u00eda de Turismo, plantear\u00e1 la &#8220;Semana de Hidalgo en Francia&#8221;, el pr\u00f3ximo a\u00f1o.<\/p>\n\n\n\n<p>&#8220;Una de las encomiendas que el gobernador Julio Menchaca quiere que se haga por Hidalgo, es promocionarlo internacionalmente&#8221;, expuso.<\/p>\n\n\n\n<p>Refiri\u00f3 que se siente entusiasta con este plan, ya que la Embajada de Francia en M\u00e9xico, as\u00ed como la mexicana en el pa\u00eds europeo, est\u00e1n m\u00e1s que dispuestas a colaborar para este proyecto de promoci\u00f3n para el estado.<\/p>\n\n\n\n<p>Se\u00f1al\u00f3 que se plantear\u00e1 a la Iniciativa Privada la posibilidad de que participen en la estrategia de internacionalizar a Hidalgo en los pr\u00f3ximos a\u00f1os, &#8220;porque tambi\u00e9n hay que encauzar a las y los empresarios, que fuera un bloque, enviar a una delegaci\u00f3n, porque tengo que abrir otros mercados&#8221;, explic\u00f3.<\/p>\n\n\n\n<p>Manifest\u00f3 que tambi\u00e9n se desea que participen los destiladores de pulque, as\u00ed como artesanas, grupos de folclor y gastronom\u00eda, para que haya una mayor exposici\u00f3n y acercamiento con la riqueza que hay en Hidalgo.<\/p>\n\n\n\n<p>Fue durante el Festival Gastron\u00f3mico \u00a1Qu\u00e9 Gusto!, que periodistas especializados, agencias de viajes, operadoras tur\u00edsticas y empresarios, pudieron probar la cocina de Santiago de Anaya, y sobre ello dijo: &#8220;somos un destino que ofrece al turismo internacional el volver al origen, a c\u00f3mo se cocinaba, a degustar de lo natural, porque esa es la riqueza de Hidalgo y es lo que debemos exponer, porque lo tenemos todo para lograr ser una potencia tur\u00edstica&#8221;.<\/p>\n","protected":false},"excerpt":{"rendered":"<p>Por Redacci\u00f3n\/Zunoticia Pachuca de Soto, Hgo. &#8211; Como &#8220;exitosa&#8221; calific\u00f3 la secretaria de Turismo estatal, Elizabeth Quintanar G\u00f3mez, la gira de nueve d\u00edas por Francia que se llev\u00f3 a cabo para difundir las riquezas que ofrece la entidad al mundo, y de la cual tambi\u00e9n fue parte la cocinera tradicional de Santiago de Anaya, Luisa&hellip; <a class=\"more-link\" href=\"https:\/\/www.zunoticia.com\/noticias-de-hidalgo\/2023\/10\/22\/fortalece-turismo-la-promocion-internacional-de-hidalgo\/\">Seguir leyendo <span class=\"screen-reader-text\">Fortalece Turismo la promoci\u00f3n internacional de Hidalgo<\/span><\/a><\/p>\n","protected":false},"author":22,"featured_media":510300,"comment_status":"open","ping_status":"open","sticky":false,"template":"","format":"standard","meta":{"rop_custom_images_group":[],"rop_custom_messages_group":[],"rop_publish_now":"initial","rop_publish_now_accounts":{"facebook_10159540855086992_322828327761733":""},"rop_publish_now_history":[],"rop_publish_now_status":"pending","footnotes":""},"categories":[208],"tags":[214],"class_list":["post-510299","post","type-post","status-publish","format-standard","has-post-thumbnail","hentry","category-estado","tag-estado","entry"],"_links":{"self":[{"href":"https:\/\/www.zunoticia.com\/noticias-de-hidalgo\/wp-json\/wp\/v2\/posts\/510299","targetHints":{"allow":["GET"]}}],"collection":[{"href":"https:\/\/www.zunoticia.com\/noticias-de-hidalgo\/wp-json\/wp\/v2\/posts"}],"about":[{"href":"https:\/\/www.zunoticia.com\/noticias-de-hidalgo\/wp-json\/wp\/v2\/types\/post"}],"author":[{"embeddable":true,"href":"https:\/\/www.zunoticia.com\/noticias-de-hidalgo\/wp-json\/wp\/v2\/users\/22"}],"replies":[{"embeddable":true,"href":"https:\/\/www.zunoticia.com\/noticias-de-hidalgo\/wp-json\/wp\/v2\/comments?post=510299"}],"version-history":[{"count":1,"href":"https:\/\/www.zunoticia.com\/noticias-de-hidalgo\/wp-json\/wp\/v2\/posts\/510299\/revisions"}],"predecessor-version":[{"id":510302,"href":"https:\/\/www.zunoticia.com\/noticias-de-hidalgo\/wp-json\/wp\/v2\/posts\/510299\/revisions\/510302"}],"wp:featuredmedia":[{"embeddable":true,"href":"https:\/\/www.zunoticia.com\/noticias-de-hidalgo\/wp-json\/wp\/v2\/media\/510300"}],"wp:attachment":[{"href":"https:\/\/www.zunoticia.com\/noticias-de-hidalgo\/wp-json\/wp\/v2\/media?parent=510299"}],"wp:term":[{"taxonomy":"category","embeddable":true,"href":"https:\/\/www.zunoticia.com\/noticias-de-hidalgo\/wp-json\/wp\/v2\/categories?post=510299"},{"taxonomy":"post_tag","embeddable":true,"href":"https:\/\/www.zunoticia.com\/noticias-de-hidalgo\/wp-json\/wp\/v2\/tags?post=510299"}],"curies":[{"name":"wp","href":"https:\/\/api.w.org\/{rel}","templated":true}]}}