{"id":510307,"date":"2023-10-22T23:20:29","date_gmt":"2023-10-23T05:20:29","guid":{"rendered":"https:\/\/www.zunoticia.com\/noticias-de-hidalgo\/?p=510307"},"modified":"2023-10-22T23:20:31","modified_gmt":"2023-10-23T05:20:31","slug":"respeto-a-los-derechos-humanos-eje-de-las-politicas-publicas-en-hidalgo","status":"publish","type":"post","link":"https:\/\/www.zunoticia.com\/noticias-de-hidalgo\/2023\/10\/22\/respeto-a-los-derechos-humanos-eje-de-las-politicas-publicas-en-hidalgo\/","title":{"rendered":"Respeto a los derechos humanos, eje de las pol\u00edticas p\u00fablicas en Hidalgo"},"content":{"rendered":"<aside class=\"mashsb-container mashsb-main mashsb-stretched\"><div class=\"mashsb-box\"><div class=\"mashsb-count mash-large\" style=\"float:left\"><div class=\"counts mashsbcount\">0<\/div><span class=\"mashsb-sharetext\">SHARES<\/span><\/div><div class=\"mashsb-buttons\"><a class=\"mashicon-facebook mash-large mash-center mashsb-noshadow\" href=\"https:\/\/www.facebook.com\/sharer.php?u=https%3A%2F%2Fwww.zunoticia.com%2Fnoticias-de-hidalgo%2F2023%2F10%2F22%2Frespeto-a-los-derechos-humanos-eje-de-las-politicas-publicas-en-hidalgo%2F\" target=\"_top\" rel=\"nofollow\"><span class=\"icon\"><\/span><span class=\"text\">Share<\/span><\/a><a class=\"mashicon-twitter mash-large mash-center mashsb-noshadow\" href=\"https:\/\/twitter.com\/intent\/tweet?text=&amp;url=https:\/\/www.zunoticia.com\/noticias-de-hidalgo\/2023\/10\/22\/respeto-a-los-derechos-humanos-eje-de-las-politicas-publicas-en-hidalgo\/\" target=\"_top\" rel=\"nofollow\"><span class=\"icon\"><\/span><span class=\"text\">Tweet<\/span><\/a><div class=\"onoffswitch2 mash-large mashsb-noshadow\" style=\"display:none\"><\/div><\/div>\n            <\/div>\n                <div style=\"clear:both\"><\/div><div class=\"mashsb-toggle-container\"><\/div><\/aside>\n            <!-- Share buttons by mashshare.net - Version: 4.0.47-->\n<p><em>Por Redacci\u00f3n\/Zunoticia<\/em><\/p>\n\n\n\n<p><strong>Pachuca de Soto, Hgo.-<\/strong> Para la administraci\u00f3n que encabeza Julio Menchaca Salazar, garantizar los derechos humanos, con un car\u00e1cter transversal, representa el esp\u00edritu y esencia de las tareas gubernamentales y es la base de las pol\u00edticas p\u00fablicas.<\/p>\n\n\n\n<p>As\u00ed lo manifest\u00f3 Claudia Vieyra Alamilla, directora general de Asuntos Religiosos de la Secretar\u00eda de Gobierno, al asistir al seminario \u201cLa realidad de la libertad religiosa en M\u00e9xico, la discriminaci\u00f3n de car\u00e1cter religioso y los retos de la comunicaci\u00f3n objetiva\u201d, del cual Hidalgo fue sede.<\/p>\n\n\n\n<p>En su mensaje, la servidora p\u00fablica asegur\u00f3: &#8220;Concebimos la libertad religiosa como un derecho humano. Desde la Direcci\u00f3n General de Asuntos Religiosos, el respeto y la tolerancia implican una forma de relaci\u00f3n donde la dignidad y los derechos humanos est\u00e9n en el centro&#8221;.<\/p>\n\n\n\n<figure class=\"wp-block-image size-large\"><img fetchpriority=\"high\" decoding=\"async\" width=\"1024\" height=\"682\" src=\"https:\/\/www.zunoticia.com\/noticias-de-hidalgo\/wp-content\/uploads\/2023\/10\/WhatsApp-Image-2023-10-22-at-10.38.51-PM-3-1024x682.jpeg\" alt=\"\" class=\"wp-image-510309\" srcset=\"https:\/\/www.zunoticia.com\/noticias-de-hidalgo\/wp-content\/uploads\/2023\/10\/WhatsApp-Image-2023-10-22-at-10.38.51-PM-3-1024x682.jpeg 1024w, https:\/\/www.zunoticia.com\/noticias-de-hidalgo\/wp-content\/uploads\/2023\/10\/WhatsApp-Image-2023-10-22-at-10.38.51-PM-3-300x200.jpeg 300w, https:\/\/www.zunoticia.com\/noticias-de-hidalgo\/wp-content\/uploads\/2023\/10\/WhatsApp-Image-2023-10-22-at-10.38.51-PM-3-768x512.jpeg 768w, https:\/\/www.zunoticia.com\/noticias-de-hidalgo\/wp-content\/uploads\/2023\/10\/WhatsApp-Image-2023-10-22-at-10.38.51-PM-3.jpeg 1280w\" sizes=\"(max-width: 1024px) 100vw, 1024px\" \/><\/figure>\n\n\n\n<p>Tras mencionar que &#8220;la libertad religiosa es el derecho humano que tienen las personas para practicar sus creencias religiosas, decidir cambiarlas o incluso no tener ninguna&#8221;, subray\u00f3 que en la entidad existen 242 asociaciones religiosas, 341 ministros de culto y mil 687 centros de culto.<\/p>\n\n\n\n<p>Cabe destacar que la Direcci\u00f3n General de Asuntos Religiosos se encarga de conducir la pol\u00edtica p\u00fablica gubernamental en relaci\u00f3n con las iglesias, agrupaciones y asociaciones religiosas, y atiende las cuestiones jur\u00eddicas y normativas de las mismas.<\/p>\n\n\n\n<p>El seminario fue impartido por Impulso 18 a periodistas, reporteros, corresponsales y personas interesadas, con el objetivo de dotar de herramientas para visibilizar la problem\u00e1tica de la discriminaci\u00f3n por motivos religiosos y concientizar respecto a la necesidad de que los tres \u00f3rdenes de gobierno se sumen para proteger la libertad de culto.<\/p>\n\n\n\n<p>En \u00e9l se abordaron temas como derechos humanos, la Ley de Asociaciones Religiosas y Culto P\u00fablico, tendencias y retos de la libertad de creencias en Am\u00e9rica Latina, entre otros.<\/p>\n\n\n\n<p>Durante los trabajos se cont\u00f3 con la presencia de Eduardo Iturbe M\u00e9ndez, coordinador general de Comunicaci\u00f3n Gubernamental, as\u00ed como representantes de medios de los estados de Michoac\u00e1n, Ciudad de M\u00e9xico, Hidalgo y de la Embajada de Estados Unidos.<\/p>\n","protected":false},"excerpt":{"rendered":"<p>Por Redacci\u00f3n\/Zunoticia Pachuca de Soto, Hgo.- Para la administraci\u00f3n que encabeza Julio Menchaca Salazar, garantizar los derechos humanos, con un car\u00e1cter transversal, representa el esp\u00edritu y esencia de las tareas gubernamentales y es la base de las pol\u00edticas p\u00fablicas. As\u00ed lo manifest\u00f3 Claudia Vieyra Alamilla, directora general de Asuntos Religiosos de la Secretar\u00eda de Gobierno,&hellip; <a class=\"more-link\" href=\"https:\/\/www.zunoticia.com\/noticias-de-hidalgo\/2023\/10\/22\/respeto-a-los-derechos-humanos-eje-de-las-politicas-publicas-en-hidalgo\/\">Seguir leyendo <span class=\"screen-reader-text\">Respeto a los derechos humanos, eje de las pol\u00edticas p\u00fablicas en Hidalgo<\/span><\/a><\/p>\n","protected":false},"author":22,"featured_media":510308,"comment_status":"open","ping_status":"open","sticky":false,"template":"","format":"standard","meta":{"rop_custom_images_group":[],"rop_custom_messages_group":[],"rop_publish_now":"initial","rop_publish_now_accounts":{"facebook_10159540855086992_322828327761733":""},"rop_publish_now_history":[],"rop_publish_now_status":"pending","footnotes":""},"categories":[208],"tags":[214],"class_list":["post-510307","post","type-post","status-publish","format-standard","has-post-thumbnail","hentry","category-estado","tag-estado","entry"],"_links":{"self":[{"href":"https:\/\/www.zunoticia.com\/noticias-de-hidalgo\/wp-json\/wp\/v2\/posts\/510307","targetHints":{"allow":["GET"]}}],"collection":[{"href":"https:\/\/www.zunoticia.com\/noticias-de-hidalgo\/wp-json\/wp\/v2\/posts"}],"about":[{"href":"https:\/\/www.zunoticia.com\/noticias-de-hidalgo\/wp-json\/wp\/v2\/types\/post"}],"author":[{"embeddable":true,"href":"https:\/\/www.zunoticia.com\/noticias-de-hidalgo\/wp-json\/wp\/v2\/users\/22"}],"replies":[{"embeddable":true,"href":"https:\/\/www.zunoticia.com\/noticias-de-hidalgo\/wp-json\/wp\/v2\/comments?post=510307"}],"version-history":[{"count":1,"href":"https:\/\/www.zunoticia.com\/noticias-de-hidalgo\/wp-json\/wp\/v2\/posts\/510307\/revisions"}],"predecessor-version":[{"id":510310,"href":"https:\/\/www.zunoticia.com\/noticias-de-hidalgo\/wp-json\/wp\/v2\/posts\/510307\/revisions\/510310"}],"wp:featuredmedia":[{"embeddable":true,"href":"https:\/\/www.zunoticia.com\/noticias-de-hidalgo\/wp-json\/wp\/v2\/media\/510308"}],"wp:attachment":[{"href":"https:\/\/www.zunoticia.com\/noticias-de-hidalgo\/wp-json\/wp\/v2\/media?parent=510307"}],"wp:term":[{"taxonomy":"category","embeddable":true,"href":"https:\/\/www.zunoticia.com\/noticias-de-hidalgo\/wp-json\/wp\/v2\/categories?post=510307"},{"taxonomy":"post_tag","embeddable":true,"href":"https:\/\/www.zunoticia.com\/noticias-de-hidalgo\/wp-json\/wp\/v2\/tags?post=510307"}],"curies":[{"name":"wp","href":"https:\/\/api.w.org\/{rel}","templated":true}]}}