{"id":510311,"date":"2023-10-22T23:21:51","date_gmt":"2023-10-23T05:21:51","guid":{"rendered":"https:\/\/www.zunoticia.com\/noticias-de-hidalgo\/?p=510311"},"modified":"2023-10-22T23:21:52","modified_gmt":"2023-10-23T05:21:52","slug":"gobierno-de-hidalgo-recibe-reconocimiento-nacional-en-monitoreo-y-evaluacion","status":"publish","type":"post","link":"https:\/\/www.zunoticia.com\/noticias-de-hidalgo\/2023\/10\/22\/gobierno-de-hidalgo-recibe-reconocimiento-nacional-en-monitoreo-y-evaluacion\/","title":{"rendered":"Gobierno de Hidalgo recibe reconocimiento nacional en monitoreo y evaluaci\u00f3n"},"content":{"rendered":"<aside class=\"mashsb-container mashsb-main mashsb-stretched\"><div class=\"mashsb-box\"><div class=\"mashsb-count mash-large\" style=\"float:left\"><div class=\"counts mashsbcount\">2<\/div><span class=\"mashsb-sharetext\">SHARES<\/span><\/div><div class=\"mashsb-buttons\"><a class=\"mashicon-facebook mash-large mash-center mashsb-noshadow\" href=\"https:\/\/www.facebook.com\/sharer.php?u=https%3A%2F%2Fwww.zunoticia.com%2Fnoticias-de-hidalgo%2F2023%2F10%2F22%2Fgobierno-de-hidalgo-recibe-reconocimiento-nacional-en-monitoreo-y-evaluacion%2F\" target=\"_top\" rel=\"nofollow\"><span class=\"icon\"><\/span><span class=\"text\">Share<\/span><\/a><a class=\"mashicon-twitter mash-large mash-center mashsb-noshadow\" href=\"https:\/\/twitter.com\/intent\/tweet?text=&amp;url=https:\/\/www.zunoticia.com\/noticias-de-hidalgo\/2023\/10\/22\/gobierno-de-hidalgo-recibe-reconocimiento-nacional-en-monitoreo-y-evaluacion\/\" target=\"_top\" rel=\"nofollow\"><span class=\"icon\"><\/span><span class=\"text\">Tweet<\/span><\/a><div class=\"onoffswitch2 mash-large mashsb-noshadow\" style=\"display:none\"><\/div><\/div>\n            <\/div>\n                <div style=\"clear:both\"><\/div><div class=\"mashsb-toggle-container\"><\/div><\/aside>\n            <!-- Share buttons by mashshare.net - Version: 4.0.47-->\n<ul class=\"wp-block-list\">\n<li>Por buenas pr\u00e1cticas, Hidalgo, Jalisco y Oaxaca recibieron reconocimiento del Coneval<\/li>\n<\/ul>\n\n\n\n<p><em>Por Redacci\u00f3n\/Zunoticia<\/em><\/p>\n\n\n\n<p><strong>Ciudad de M\u00e9xico.-<\/strong> Por primera vez, el estado de Hidalgo alcanz\u00f3 la puntuaci\u00f3n m\u00e1s alta a nivel nacional en la institucionalizaci\u00f3n de procesos destinados a mejorar la pol\u00edtica social, as\u00ed se dio a conocer en el marco del seminario de &#8220;Buenas pr\u00e1cticas de monitoreo y evaluaci\u00f3n en las entidades federativas, municipios y OSC, 2023&#8221;.<\/p>\n\n\n\n<p>Dicho reconocimiento que posiciona a la entidad junto con Jalisco y Oaxaca, como referentes nacionales en el \u00edndice de avance de monitoreo y evaluaci\u00f3n, est\u00e1 enfocado en alcanzar una mayor calidad, eficacia e impacto de las intervenciones gubernamentales, adem\u00e1s de una mejor rendici\u00f3n de cuentas a favor de la ciudadan\u00eda.<\/p>\n\n\n\n<p>Al respecto, Miguel \u00c1ngel Tello Vargas, titular de la Unidad de Planeaci\u00f3n y Prospectiva en la entidad, quien en representaci\u00f3n del gobernador Julio Menchaca Salazar, recibi\u00f3 el distintivo de manos del Dr. Jos\u00e9 Nabor Cruz Marcelo, secretario ejecutivo del Consejo Nacional de Evaluaci\u00f3n de la Pol\u00edtica de Desarrollo Social (Coneval); dijo que, los resultados obtenidos se reflejan en la disminuci\u00f3n de la pobreza y carencias sociales en la entidad.<\/p>\n\n\n\n<p>\u201cEste reconocimiento no solo honra a nuestro gobierno, sino tambi\u00e9n a cada persona comprometida con el crecimiento de Hidalgo y con la mejora de la vida de sus habitantes&#8221;, puntualiz\u00f3.<\/p>\n\n\n\n<p>De esa forma, a trav\u00e9s de la creaci\u00f3n e implementaci\u00f3n de elementos de monitoreo y evaluaci\u00f3n, como el Padr\u00f3n \u00danico de Beneficiarios, los criterios utilizados para la creaci\u00f3n de programas nuevos, la difusi\u00f3n de programas de bienestar, indicadores de resultados y de gesti\u00f3n, las reglas de operaci\u00f3n y la transparencia en el presupuesto asignado, fueron algunos de los factores que fueron tomados en cuenta por el Coneval.<\/p>\n\n\n\n<figure class=\"wp-block-image size-large\"><img fetchpriority=\"high\" decoding=\"async\" width=\"1024\" height=\"682\" src=\"https:\/\/www.zunoticia.com\/noticias-de-hidalgo\/wp-content\/uploads\/2023\/10\/WhatsApp-Image-2023-10-22-at-10.38.52-PM-3-1024x682.jpeg\" alt=\"\" class=\"wp-image-510313\" srcset=\"https:\/\/www.zunoticia.com\/noticias-de-hidalgo\/wp-content\/uploads\/2023\/10\/WhatsApp-Image-2023-10-22-at-10.38.52-PM-3-1024x682.jpeg 1024w, https:\/\/www.zunoticia.com\/noticias-de-hidalgo\/wp-content\/uploads\/2023\/10\/WhatsApp-Image-2023-10-22-at-10.38.52-PM-3-300x200.jpeg 300w, https:\/\/www.zunoticia.com\/noticias-de-hidalgo\/wp-content\/uploads\/2023\/10\/WhatsApp-Image-2023-10-22-at-10.38.52-PM-3-768x512.jpeg 768w, https:\/\/www.zunoticia.com\/noticias-de-hidalgo\/wp-content\/uploads\/2023\/10\/WhatsApp-Image-2023-10-22-at-10.38.52-PM-3.jpeg 1280w\" sizes=\"(max-width: 1024px) 100vw, 1024px\" \/><\/figure>\n\n\n\n<p>En el ejercicio de los derechos sociales, Tello Vargas enfatiz\u00f3 la importancia de la transparencia, la rendici\u00f3n de cuentas y el acceso a la informaci\u00f3n p\u00fablica gubernamental, as\u00ed como el combate a la corrupci\u00f3n, como principios fundamentales de la democracia y la buena gobernanza, y considerados como elementos indispensables en el ejercicio de la responsabilidad p\u00fablica.<\/p>\n\n\n\n<p>Desde 2011, el Coneval ha realizado el Diagn\u00f3stico del Avance en Monitoreo y Evaluaci\u00f3n en las Entidades Federativas de manera bianual; reconoce las buenas pr\u00e1cticas a trav\u00e9s de varias categor\u00edas; por lo que para la edici\u00f3n de este a\u00f1o, se evaluaron 65 pr\u00e1cticas de 19 entidades federativas, 4 municipios y 11 organizaciones de la sociedad civil.<\/p>\n\n\n\n<p>Los resultados obtenidos por Hidalgo reflejaron el compromiso que tiene el gobierno de Julio Menchaca en la mejora de la toma decisiones en materia de desarrollo social, que todos los hidalguenses merecen.<\/p>\n","protected":false},"excerpt":{"rendered":"<p>Por Redacci\u00f3n\/Zunoticia Ciudad de M\u00e9xico.- Por primera vez, el estado de Hidalgo alcanz\u00f3 la puntuaci\u00f3n m\u00e1s alta a nivel nacional en la institucionalizaci\u00f3n de procesos destinados a mejorar la pol\u00edtica social, as\u00ed se dio a conocer en el marco del seminario de &#8220;Buenas pr\u00e1cticas de monitoreo y evaluaci\u00f3n en las entidades federativas, municipios y OSC,&hellip; <a class=\"more-link\" href=\"https:\/\/www.zunoticia.com\/noticias-de-hidalgo\/2023\/10\/22\/gobierno-de-hidalgo-recibe-reconocimiento-nacional-en-monitoreo-y-evaluacion\/\">Seguir leyendo <span class=\"screen-reader-text\">Gobierno de Hidalgo recibe reconocimiento nacional en monitoreo y evaluaci\u00f3n<\/span><\/a><\/p>\n","protected":false},"author":22,"featured_media":510312,"comment_status":"open","ping_status":"open","sticky":false,"template":"","format":"standard","meta":{"rop_custom_images_group":[],"rop_custom_messages_group":[],"rop_publish_now":"initial","rop_publish_now_accounts":{"facebook_10159540855086992_322828327761733":""},"rop_publish_now_history":[],"rop_publish_now_status":"pending","footnotes":""},"categories":[218],"tags":[217],"class_list":["post-510311","post","type-post","status-publish","format-standard","has-post-thumbnail","hentry","category-nacional","tag-nacional","entry"],"_links":{"self":[{"href":"https:\/\/www.zunoticia.com\/noticias-de-hidalgo\/wp-json\/wp\/v2\/posts\/510311","targetHints":{"allow":["GET"]}}],"collection":[{"href":"https:\/\/www.zunoticia.com\/noticias-de-hidalgo\/wp-json\/wp\/v2\/posts"}],"about":[{"href":"https:\/\/www.zunoticia.com\/noticias-de-hidalgo\/wp-json\/wp\/v2\/types\/post"}],"author":[{"embeddable":true,"href":"https:\/\/www.zunoticia.com\/noticias-de-hidalgo\/wp-json\/wp\/v2\/users\/22"}],"replies":[{"embeddable":true,"href":"https:\/\/www.zunoticia.com\/noticias-de-hidalgo\/wp-json\/wp\/v2\/comments?post=510311"}],"version-history":[{"count":1,"href":"https:\/\/www.zunoticia.com\/noticias-de-hidalgo\/wp-json\/wp\/v2\/posts\/510311\/revisions"}],"predecessor-version":[{"id":510314,"href":"https:\/\/www.zunoticia.com\/noticias-de-hidalgo\/wp-json\/wp\/v2\/posts\/510311\/revisions\/510314"}],"wp:featuredmedia":[{"embeddable":true,"href":"https:\/\/www.zunoticia.com\/noticias-de-hidalgo\/wp-json\/wp\/v2\/media\/510312"}],"wp:attachment":[{"href":"https:\/\/www.zunoticia.com\/noticias-de-hidalgo\/wp-json\/wp\/v2\/media?parent=510311"}],"wp:term":[{"taxonomy":"category","embeddable":true,"href":"https:\/\/www.zunoticia.com\/noticias-de-hidalgo\/wp-json\/wp\/v2\/categories?post=510311"},{"taxonomy":"post_tag","embeddable":true,"href":"https:\/\/www.zunoticia.com\/noticias-de-hidalgo\/wp-json\/wp\/v2\/tags?post=510311"}],"curies":[{"name":"wp","href":"https:\/\/api.w.org\/{rel}","templated":true}]}}