{"id":510315,"date":"2023-10-22T23:23:02","date_gmt":"2023-10-23T05:23:02","guid":{"rendered":"https:\/\/www.zunoticia.com\/noticias-de-hidalgo\/?p=510315"},"modified":"2023-10-22T23:23:04","modified_gmt":"2023-10-23T05:23:04","slug":"realizo-sebiso-pasarela-artesanal-con-vision-incluyente-en-la-feria-de-pachuca","status":"publish","type":"post","link":"https:\/\/www.zunoticia.com\/noticias-de-hidalgo\/2023\/10\/22\/realizo-sebiso-pasarela-artesanal-con-vision-incluyente-en-la-feria-de-pachuca\/","title":{"rendered":"Realiz\u00f3 Sebiso Pasarela Artesanal con visi\u00f3n incluyente, en la feria de Pachuca"},"content":{"rendered":"<aside class=\"mashsb-container mashsb-main mashsb-stretched\"><div class=\"mashsb-box\"><div class=\"mashsb-count mash-large\" style=\"float:left\"><div class=\"counts mashsbcount\">10<\/div><span class=\"mashsb-sharetext\">SHARES<\/span><\/div><div class=\"mashsb-buttons\"><a class=\"mashicon-facebook mash-large mash-center mashsb-noshadow\" href=\"https:\/\/www.facebook.com\/sharer.php?u=https%3A%2F%2Fwww.zunoticia.com%2Fnoticias-de-hidalgo%2F2023%2F10%2F22%2Frealizo-sebiso-pasarela-artesanal-con-vision-incluyente-en-la-feria-de-pachuca%2F\" target=\"_top\" rel=\"nofollow\"><span class=\"icon\"><\/span><span class=\"text\">Share<\/span><\/a><a class=\"mashicon-twitter mash-large mash-center mashsb-noshadow\" href=\"https:\/\/twitter.com\/intent\/tweet?text=&amp;url=https:\/\/www.zunoticia.com\/noticias-de-hidalgo\/2023\/10\/22\/realizo-sebiso-pasarela-artesanal-con-vision-incluyente-en-la-feria-de-pachuca\/\" target=\"_top\" rel=\"nofollow\"><span class=\"icon\"><\/span><span class=\"text\">Tweet<\/span><\/a><div class=\"onoffswitch2 mash-large mashsb-noshadow\" style=\"display:none\"><\/div><\/div>\n            <\/div>\n                <div style=\"clear:both\"><\/div><div class=\"mashsb-toggle-container\"><\/div><\/aside>\n            <!-- Share buttons by mashshare.net - Version: 4.0.47-->\n<ul class=\"wp-block-list\">\n<li>En la construcci\u00f3n de un Hidalgo para todas y todos, hay que proyectar a todos los sectores: Simey Olvera<\/li>\n<\/ul>\n\n\n\n<p><em>Por Redacci\u00f3n\/Zunoticia<\/em><\/p>\n\n\n\n<p><strong>Pachuca de Soto, Hgo.-<\/strong> En un ejercicio de inclusi\u00f3n integral, la Secretar\u00eda de Bienestar e Inclusi\u00f3n Social (Sebiso), realiz\u00f3 la tradicional Pasarela Artesanal en las instalaciones de la Feria de San Francisco Pachuca Hidalgo 2023, en donde alrededor de 50 personas de diferentes edades, tipos corporales, s\u00edndrome de Down o alguna discapacidad, participaron modelando prendas confeccionadas por hidalguenses de todas las regiones.<\/p>\n\n\n\n<p>Al respecto, la titular de la Sebiso, Simey Olvera Bautista, destac\u00f3 la importancia de este ejercicio de inclusi\u00f3n, pues regularmente se destinan espacios por separado para mostrar la importancia de cada sector, pero por primera ocasi\u00f3n, en esta pasarela participaron todas y todos, tal y como sucede en la vida diaria.<\/p>\n\n\n\n<p>\u201cHay que se\u00f1alar que aqu\u00ed, chicos, grandes, con alguna discapacidad, sin ella, profesionales y no, hicimos un verdadero ejercicio inclusivo, tal y como se busca en nuestro estado para que sea potencia, que cada sector sepa que es importante y parte de un todo que nos lleve a ser el Hidalgo que queremos\u201d, apunt\u00f3 la servidora p\u00fablica.<\/p>\n\n\n\n<figure class=\"wp-block-image size-large\"><img fetchpriority=\"high\" decoding=\"async\" width=\"1024\" height=\"682\" src=\"https:\/\/www.zunoticia.com\/noticias-de-hidalgo\/wp-content\/uploads\/2023\/10\/WhatsApp-Image-2023-10-22-at-10.38.52-PM-5-1024x682.jpeg\" alt=\"\" class=\"wp-image-510317\" srcset=\"https:\/\/www.zunoticia.com\/noticias-de-hidalgo\/wp-content\/uploads\/2023\/10\/WhatsApp-Image-2023-10-22-at-10.38.52-PM-5-1024x682.jpeg 1024w, https:\/\/www.zunoticia.com\/noticias-de-hidalgo\/wp-content\/uploads\/2023\/10\/WhatsApp-Image-2023-10-22-at-10.38.52-PM-5-300x200.jpeg 300w, https:\/\/www.zunoticia.com\/noticias-de-hidalgo\/wp-content\/uploads\/2023\/10\/WhatsApp-Image-2023-10-22-at-10.38.52-PM-5-768x512.jpeg 768w, https:\/\/www.zunoticia.com\/noticias-de-hidalgo\/wp-content\/uploads\/2023\/10\/WhatsApp-Image-2023-10-22-at-10.38.52-PM-5.jpeg 1280w\" sizes=\"(max-width: 1024px) 100vw, 1024px\" \/><\/figure>\n\n\n\n<p>En esta actividad se exhibieron piezas y prendas de las 156 artesanas y artesanos participantes en la feria, mismas que portaron las personas adultas mayores, j\u00f3venes, de edad media, quienes tienen alg\u00fan tipo de discapacidad, modelos profesionales y entusiastas que acudieron al casting realizado el mes pasado en las instalaciones de la Tienda Hidarte.<\/p>\n\n\n\n<p>Olvera Bautista agradeci\u00f3 a todas y todos los participantes, a las asociaciones sociales que colaboraron, a la empresa de modelaje que coordin\u00f3 el evento, a las maquillistas, al personal de la feria y la Sebiso, quienes hicieron posible una \u201cnoche m\u00e1gica\u201d, donde se beneficiaron a las y los artesanos del Pabell\u00f3n Artesanal 2023, pero tambi\u00e9n a la sociedad.<\/p>\n\n\n\n<p>Las prendas utilizadas causaron mucha curiosidad y llevaron a quienes presenciaron el evento a entrar al pabell\u00f3n artesanal y buscar lo que m\u00e1s les gust\u00f3, as\u00ed como conocer lo hecho en Hidalgo.<\/p>\n","protected":false},"excerpt":{"rendered":"<p>Por Redacci\u00f3n\/Zunoticia Pachuca de Soto, Hgo.- En un ejercicio de inclusi\u00f3n integral, la Secretar\u00eda de Bienestar e Inclusi\u00f3n Social (Sebiso), realiz\u00f3 la tradicional Pasarela Artesanal en las instalaciones de la Feria de San Francisco Pachuca Hidalgo 2023, en donde alrededor de 50 personas de diferentes edades, tipos corporales, s\u00edndrome de Down o alguna discapacidad, participaron&hellip; <a class=\"more-link\" href=\"https:\/\/www.zunoticia.com\/noticias-de-hidalgo\/2023\/10\/22\/realizo-sebiso-pasarela-artesanal-con-vision-incluyente-en-la-feria-de-pachuca\/\">Seguir leyendo <span class=\"screen-reader-text\">Realiz\u00f3 Sebiso Pasarela Artesanal con visi\u00f3n incluyente, en la feria de Pachuca<\/span><\/a><\/p>\n","protected":false},"author":22,"featured_media":510316,"comment_status":"open","ping_status":"open","sticky":false,"template":"","format":"standard","meta":{"rop_custom_images_group":[],"rop_custom_messages_group":[],"rop_publish_now":"initial","rop_publish_now_accounts":{"facebook_10159540855086992_322828327761733":""},"rop_publish_now_history":[],"rop_publish_now_status":"pending","footnotes":""},"categories":[208],"tags":[214],"class_list":["post-510315","post","type-post","status-publish","format-standard","has-post-thumbnail","hentry","category-estado","tag-estado","entry"],"_links":{"self":[{"href":"https:\/\/www.zunoticia.com\/noticias-de-hidalgo\/wp-json\/wp\/v2\/posts\/510315","targetHints":{"allow":["GET"]}}],"collection":[{"href":"https:\/\/www.zunoticia.com\/noticias-de-hidalgo\/wp-json\/wp\/v2\/posts"}],"about":[{"href":"https:\/\/www.zunoticia.com\/noticias-de-hidalgo\/wp-json\/wp\/v2\/types\/post"}],"author":[{"embeddable":true,"href":"https:\/\/www.zunoticia.com\/noticias-de-hidalgo\/wp-json\/wp\/v2\/users\/22"}],"replies":[{"embeddable":true,"href":"https:\/\/www.zunoticia.com\/noticias-de-hidalgo\/wp-json\/wp\/v2\/comments?post=510315"}],"version-history":[{"count":1,"href":"https:\/\/www.zunoticia.com\/noticias-de-hidalgo\/wp-json\/wp\/v2\/posts\/510315\/revisions"}],"predecessor-version":[{"id":510318,"href":"https:\/\/www.zunoticia.com\/noticias-de-hidalgo\/wp-json\/wp\/v2\/posts\/510315\/revisions\/510318"}],"wp:featuredmedia":[{"embeddable":true,"href":"https:\/\/www.zunoticia.com\/noticias-de-hidalgo\/wp-json\/wp\/v2\/media\/510316"}],"wp:attachment":[{"href":"https:\/\/www.zunoticia.com\/noticias-de-hidalgo\/wp-json\/wp\/v2\/media?parent=510315"}],"wp:term":[{"taxonomy":"category","embeddable":true,"href":"https:\/\/www.zunoticia.com\/noticias-de-hidalgo\/wp-json\/wp\/v2\/categories?post=510315"},{"taxonomy":"post_tag","embeddable":true,"href":"https:\/\/www.zunoticia.com\/noticias-de-hidalgo\/wp-json\/wp\/v2\/tags?post=510315"}],"curies":[{"name":"wp","href":"https:\/\/api.w.org\/{rel}","templated":true}]}}