{"id":510327,"date":"2023-10-22T23:26:31","date_gmt":"2023-10-23T05:26:31","guid":{"rendered":"https:\/\/www.zunoticia.com\/noticias-de-hidalgo\/?p=510327"},"modified":"2023-10-22T23:26:32","modified_gmt":"2023-10-23T05:26:32","slug":"jovany-cruz-y-aida-padilla-ganadores-de-los-premios-estatales-de-literatura-2023","status":"publish","type":"post","link":"https:\/\/www.zunoticia.com\/noticias-de-hidalgo\/2023\/10\/22\/jovany-cruz-y-aida-padilla-ganadores-de-los-premios-estatales-de-literatura-2023\/","title":{"rendered":"Jovany Cruz y A\u00edda Padilla, ganadores de los Premios Estatales de Literatura 2023"},"content":{"rendered":"<aside class=\"mashsb-container mashsb-main mashsb-stretched\"><div class=\"mashsb-box\"><div class=\"mashsb-count mash-large\" style=\"float:left\"><div class=\"counts mashsbcount\">18<\/div><span class=\"mashsb-sharetext\">SHARES<\/span><\/div><div class=\"mashsb-buttons\"><a class=\"mashicon-facebook mash-large mash-center mashsb-noshadow\" href=\"https:\/\/www.facebook.com\/sharer.php?u=https%3A%2F%2Fwww.zunoticia.com%2Fnoticias-de-hidalgo%2F2023%2F10%2F22%2Fjovany-cruz-y-aida-padilla-ganadores-de-los-premios-estatales-de-literatura-2023%2F\" target=\"_top\" rel=\"nofollow\"><span class=\"icon\"><\/span><span class=\"text\">Share<\/span><\/a><a class=\"mashicon-twitter mash-large mash-center mashsb-noshadow\" href=\"https:\/\/twitter.com\/intent\/tweet?text=&amp;url=https:\/\/www.zunoticia.com\/noticias-de-hidalgo\/2023\/10\/22\/jovany-cruz-y-aida-padilla-ganadores-de-los-premios-estatales-de-literatura-2023\/\" target=\"_top\" rel=\"nofollow\"><span class=\"icon\"><\/span><span class=\"text\">Tweet<\/span><\/a><div class=\"onoffswitch2 mash-large mashsb-noshadow\" style=\"display:none\"><\/div><\/div>\n            <\/div>\n                <div style=\"clear:both\"><\/div><div class=\"mashsb-toggle-container\"><\/div><\/aside>\n            <!-- Share buttons by mashshare.net - Version: 4.0.47-->\n<ul class=\"wp-block-list\">\n<li>La obra Fronda obtuvo el de Poes\u00eda Efr\u00e9n Rebolledo y No se puede adivinar el futuro y otros cuentos, el Ricardo Garibay.<\/li>\n\n\n\n<li>La titular de Cultura, Tania Meza, reconoci\u00f3 las aportaciones de ambos j\u00f3venes escritores en el desarrollo cultural del estado.<\/li>\n<\/ul>\n\n\n\n<p><em>Por Redacci\u00f3n\/Zunoticia<\/em><\/p>\n\n\n\n<p><strong>Pachuca de Soto, Hgo.-<\/strong> Dentro de las actividades de la 23\u00b0 Feria del Libro Infantil y Juvenil Hidalgo 2023, la Secretar\u00eda de Cultura, a cargo de Tania Meza Escorza, anunci\u00f3 a Erick Jovany Cruz Flores y a A\u00edda Padilla Nateras como ganadores del Premio Estatal de Poes\u00eda Efr\u00e9n Rebolledo y Premio Estatal de Cuento Ricardo Garibay 2023, respectivamente.<\/p>\n\n\n\n<p>Tania Meza reconoci\u00f3 las aportaciones de ambos j\u00f3venes escritores no s\u00f3lo en el \u00e1mbito literario sino en el desarrollo cultural del estado, \u201ces un acto de justicia para el talento y la trayectoria de Jovany y A\u00edda, gracias por creer y confiar en esta nueva emisi\u00f3n de los premios\u201d.<\/p>\n\n\n\n<p>Adem\u00e1s, asegur\u00f3 que este 2023 la feria del libro busca dar voz a las poblaciones hist\u00f3ricamente excluidas, por lo que una de las grandes protagonistas es la Red de Editoriales Independientes de Hidalgo (REDHi), \u201cque no hab\u00eda tenido la relevancia que en otros momentos porque estos esfuerzos independientes fueron los que mantuvieron a flote el barco cultural en la entidad en tiempos donde no se favorec\u00eda a la cultura como la garant\u00eda de un derecho humano\u201d, mencion\u00f3.<\/p>\n\n\n\n<p>Por su parte, Jovany Cruz, ganador del Premio Estatal de Poes\u00eda Efr\u00e9n Rebolledo con su obra Fronda, coment\u00f3 que dicho reconocimiento significa un parteaguas en su carrera, \u201cdecid\u00ed soltar este poemario con la esperanza de que llegara al lugar correcto y as\u00ed fue\u201d.<\/p>\n\n\n\n<p>En tanto, la ganadora del Premio Estatal de Cuento Ricardo Garibay, A\u00edda Padilla, por su libro No se puede adivinar el futuro y otros cuentos, asegur\u00f3 que en Hidalgo existe un semillero de personas con mucho potencial, \u201cme siento feliz y afortunada de poder formar parte de una comunidad que ha crecido y se ha desarrollado\u201d.<\/p>\n\n\n\n<figure class=\"wp-block-image size-large\"><img fetchpriority=\"high\" decoding=\"async\" width=\"1024\" height=\"682\" src=\"https:\/\/www.zunoticia.com\/noticias-de-hidalgo\/wp-content\/uploads\/2023\/10\/WhatsApp-Image-2023-10-22-at-10.38.53-PM-4-1024x682.jpeg\" alt=\"\" class=\"wp-image-510329\" srcset=\"https:\/\/www.zunoticia.com\/noticias-de-hidalgo\/wp-content\/uploads\/2023\/10\/WhatsApp-Image-2023-10-22-at-10.38.53-PM-4-1024x682.jpeg 1024w, https:\/\/www.zunoticia.com\/noticias-de-hidalgo\/wp-content\/uploads\/2023\/10\/WhatsApp-Image-2023-10-22-at-10.38.53-PM-4-300x200.jpeg 300w, https:\/\/www.zunoticia.com\/noticias-de-hidalgo\/wp-content\/uploads\/2023\/10\/WhatsApp-Image-2023-10-22-at-10.38.53-PM-4-768x512.jpeg 768w, https:\/\/www.zunoticia.com\/noticias-de-hidalgo\/wp-content\/uploads\/2023\/10\/WhatsApp-Image-2023-10-22-at-10.38.53-PM-4.jpeg 1280w\" sizes=\"(max-width: 1024px) 100vw, 1024px\" \/><\/figure>\n\n\n\n<p>Adem\u00e1s de dicho reconocimiento, los galardonados recibir\u00e1n un est\u00edmulo econ\u00f3mico y la publicaci\u00f3n de su obra, cuyos derechos de la primera edici\u00f3n son otorgados a la Secretar\u00eda de Cultura, lo que tiene como prop\u00f3sito estimular la creaci\u00f3n literaria, as\u00ed como fortalecer la producci\u00f3n editorial y fomentar la lectura principalmente entre p\u00fablicos j\u00f3venes.<\/p>\n\n\n\n<p>En la emisi\u00f3n 2023, el jurado calificador estuvo integrado por Mirna Yanira Garc\u00eda Vargas, Rosa Maqueda Vicente y Aar\u00f3n de Jes\u00fas Rueda Torruco para el premio de poes\u00eda; mientras que para el de cuento dictaminaron Ilallal\u00ed Hern\u00e1ndez Rodr\u00edguez, Claudina Domingo Hern\u00e1ndez y Luis Ovidio R\u00edos Guerra.<\/p>\n\n\n\n<p>Erick Jovany Cruz Flores, es originario de Pachuca de Soto (1991); actualmente, es director general de los sellos Casa Futura y Big Bang Ediciones, adem\u00e1s de cofundador de la Red de Editoriales Independientes de Hidalgo. Sus textos se han publicado en revistas digitales e impresas, as\u00ed como en la antolog\u00eda Personae (los Scriptoria\/Cipselas, 2022). Es coordinador de Liminales. Antolog\u00eda de cuento fant\u00e1stico, terror y ciencia ficci\u00f3n, vol\u00famenes I y II, como de La otra ciudad. Memorias vivas de Pachuca.<\/p>\n\n\n\n<p>A\u00edda Padilla Nateras, naci\u00f3 en Tula de Allende (1992), estudi\u00f3 flauta transversa y filosof\u00eda en la Universidad Nacional Aut\u00f3noma de M\u00e9xico (UNAM). Actualmente, cursa una maestr\u00eda de filosof\u00eda en dicha instituci\u00f3n, tambi\u00e9n se desempe\u00f1a como profesora de asignatura (alem\u00e1n) en el Colegio de Letras Modernas. Es coautora del libro La otra ciudad. Memorias vivas de Pachuca.<\/p>\n\n\n\n<p>Los Premios Estatales de Cuento Ricardo Garibay y Poes\u00eda Efr\u00e9n Rebolledo fueron creados en 2006 y hasta a la fecha se han realizado 17 emisiones consecutivas, \u00fanicamente fueron suspendidos en 2020 a causa de la pandemia.<\/p>\n\n\n\n<p>En los \u00faltimos a\u00f1os, las y los ganadores fueron en 2017 Yanira Garc\u00eda (poes\u00eda) y Christian Negrete (cuento); en ese orden en 2018 Eduardo Islas Coronel y Enid Carrillo; Andr\u00e9s Sol\u00eds y Sinead Mart\u00ed, en 2019; Claudia Sandoval y Mois\u00e9s Lozada, en 2021, mientras que en 2022 Danhia Montes y Anaid G\u00e1lvez.<\/p>\n","protected":false},"excerpt":{"rendered":"<p>Por Redacci\u00f3n\/Zunoticia Pachuca de Soto, Hgo.- Dentro de las actividades de la 23\u00b0 Feria del Libro Infantil y Juvenil Hidalgo 2023, la Secretar\u00eda de Cultura, a cargo de Tania Meza Escorza, anunci\u00f3 a Erick Jovany Cruz Flores y a A\u00edda Padilla Nateras como ganadores del Premio Estatal de Poes\u00eda Efr\u00e9n Rebolledo y Premio Estatal de&hellip; <a class=\"more-link\" href=\"https:\/\/www.zunoticia.com\/noticias-de-hidalgo\/2023\/10\/22\/jovany-cruz-y-aida-padilla-ganadores-de-los-premios-estatales-de-literatura-2023\/\">Seguir leyendo <span class=\"screen-reader-text\">Jovany Cruz y A\u00edda Padilla, ganadores de los Premios Estatales de Literatura 2023<\/span><\/a><\/p>\n","protected":false},"author":22,"featured_media":510328,"comment_status":"open","ping_status":"open","sticky":false,"template":"","format":"standard","meta":{"rop_custom_images_group":[],"rop_custom_messages_group":[],"rop_publish_now":"initial","rop_publish_now_accounts":{"facebook_10159540855086992_322828327761733":""},"rop_publish_now_history":[],"rop_publish_now_status":"pending","footnotes":""},"categories":[208],"tags":[214],"class_list":["post-510327","post","type-post","status-publish","format-standard","has-post-thumbnail","hentry","category-estado","tag-estado","entry"],"_links":{"self":[{"href":"https:\/\/www.zunoticia.com\/noticias-de-hidalgo\/wp-json\/wp\/v2\/posts\/510327","targetHints":{"allow":["GET"]}}],"collection":[{"href":"https:\/\/www.zunoticia.com\/noticias-de-hidalgo\/wp-json\/wp\/v2\/posts"}],"about":[{"href":"https:\/\/www.zunoticia.com\/noticias-de-hidalgo\/wp-json\/wp\/v2\/types\/post"}],"author":[{"embeddable":true,"href":"https:\/\/www.zunoticia.com\/noticias-de-hidalgo\/wp-json\/wp\/v2\/users\/22"}],"replies":[{"embeddable":true,"href":"https:\/\/www.zunoticia.com\/noticias-de-hidalgo\/wp-json\/wp\/v2\/comments?post=510327"}],"version-history":[{"count":1,"href":"https:\/\/www.zunoticia.com\/noticias-de-hidalgo\/wp-json\/wp\/v2\/posts\/510327\/revisions"}],"predecessor-version":[{"id":510330,"href":"https:\/\/www.zunoticia.com\/noticias-de-hidalgo\/wp-json\/wp\/v2\/posts\/510327\/revisions\/510330"}],"wp:featuredmedia":[{"embeddable":true,"href":"https:\/\/www.zunoticia.com\/noticias-de-hidalgo\/wp-json\/wp\/v2\/media\/510328"}],"wp:attachment":[{"href":"https:\/\/www.zunoticia.com\/noticias-de-hidalgo\/wp-json\/wp\/v2\/media?parent=510327"}],"wp:term":[{"taxonomy":"category","embeddable":true,"href":"https:\/\/www.zunoticia.com\/noticias-de-hidalgo\/wp-json\/wp\/v2\/categories?post=510327"},{"taxonomy":"post_tag","embeddable":true,"href":"https:\/\/www.zunoticia.com\/noticias-de-hidalgo\/wp-json\/wp\/v2\/tags?post=510327"}],"curies":[{"name":"wp","href":"https:\/\/api.w.org\/{rel}","templated":true}]}}