{"id":510447,"date":"2023-10-23T18:47:41","date_gmt":"2023-10-24T00:47:41","guid":{"rendered":"https:\/\/www.zunoticia.com\/noticias-de-hidalgo\/?p=510447"},"modified":"2023-10-23T18:47:42","modified_gmt":"2023-10-24T00:47:42","slug":"forman-comite-para-rehabilitar-la-carretera-nexpa-monte-grande-piedra-hincada-las-piedras","status":"publish","type":"post","link":"https:\/\/www.zunoticia.com\/noticias-de-hidalgo\/2023\/10\/23\/forman-comite-para-rehabilitar-la-carretera-nexpa-monte-grande-piedra-hincada-las-piedras\/","title":{"rendered":"Forman comit\u00e9 para rehabilitar la carretera Nexpa-Monte Grande-Piedra Hincada-Las Piedras"},"content":{"rendered":"<aside class=\"mashsb-container mashsb-main mashsb-stretched\"><div class=\"mashsb-box\"><div class=\"mashsb-count mash-large\" style=\"float:left\"><div class=\"counts mashsbcount\">34<\/div><span class=\"mashsb-sharetext\">SHARES<\/span><\/div><div class=\"mashsb-buttons\"><a class=\"mashicon-facebook mash-large mash-center mashsb-noshadow\" href=\"https:\/\/www.facebook.com\/sharer.php?u=https%3A%2F%2Fwww.zunoticia.com%2Fnoticias-de-hidalgo%2F2023%2F10%2F23%2Fforman-comite-para-rehabilitar-la-carretera-nexpa-monte-grande-piedra-hincada-las-piedras%2F\" target=\"_top\" rel=\"nofollow\"><span class=\"icon\"><\/span><span class=\"text\">Share<\/span><\/a><a class=\"mashicon-twitter mash-large mash-center mashsb-noshadow\" href=\"https:\/\/twitter.com\/intent\/tweet?text=&amp;url=https:\/\/www.zunoticia.com\/noticias-de-hidalgo\/2023\/10\/23\/forman-comite-para-rehabilitar-la-carretera-nexpa-monte-grande-piedra-hincada-las-piedras\/\" target=\"_top\" rel=\"nofollow\"><span class=\"icon\"><\/span><span class=\"text\">Tweet<\/span><\/a><div class=\"onoffswitch2 mash-large mashsb-noshadow\" style=\"display:none\"><\/div><\/div>\n            <\/div>\n                <div style=\"clear:both\"><\/div><div class=\"mashsb-toggle-container\"><\/div><\/aside>\n            <!-- Share buttons by mashshare.net - Version: 4.0.47-->\n<p><em>Por \u00c1ngel Silverio \/Zunoticia<\/em><\/p>\n\n\n\n<p><strong>San Felipe Orizatl\u00e1n, Hgo<\/strong>.- Cumpliendo con la obligaci\u00f3n de darle formalidad al inicio de obra p\u00fablica, la presidenta municipal Erika Saab Lara, en compa\u00f1\u00eda del personal de la Secretar\u00eda de Infraestructura P\u00fablica y Desarrollo Urbano Sustentable de Gobierno del Estado, realiz\u00f3 la integraci\u00f3n del comit\u00e9 de obra para el revestimiento de la carretera tramo Nexpa &#8211; Monte Grande; en donde se invertir\u00e1n m\u00e1s 12.5 millones de pesos por parte del gobierno del Estado, de la misma manera se form\u00f3 un comit\u00e9 para los trabajos de rehabilitaci\u00f3n de la carretera Tramo Piedra Hincada &#8211; Las Piedras, en el cual se invertir\u00e1n m\u00e1s de 29 millones de pesos con recursos municipales.<\/p>\n\n\n\n<p>Al hacer uso de la palabra, Saab Lara pidi\u00f3 a cada integrante del comit\u00e9 estar al pendiente de la ejecuci\u00f3n de las obras, ante cualquier duda y detalle se le notificara de manera inmediata, para que a la brevedad se le diera soluci\u00f3n.<\/p>\n\n\n\n<p>Adem\u00e1s, recalc\u00f3 que despu\u00e9s de varios a\u00f1os de estar en malas condiciones la carretera San Felipe-Las Piedras, tras varias gestiones en las dependencias del gobierno del Estado, por fin el Gobernador Julio Menchaca, decidi\u00f3 destinar recursos para la rehabilitaci\u00f3n del tramo San Felipe &#8211; Piedra Hincada, con una inversi\u00f3n m\u00e1s de 37.5 millones de pesos, &#8220;y del tramo Piedra Hincada-Las Piedras nos comprometimos a realizar esta obra con recursos municipales, con ello ser\u00e1 una de las obras m\u00e1s importantes para en esta administraci\u00f3n&#8221;.<\/p>\n\n\n\n<p>Cabe destacar que, con esta obra se beneficiar\u00e1 a m\u00e1s de 40 comunidades de la zona norte del municipio de San Felipe Orizatl\u00e1n, as\u00ed tambi\u00e9n se facilitar\u00e1 el salir a los municipios de San Mart\u00edn Chalchicuautla, San Luis Potos\u00ed y a Plat\u00f3n S\u00e1nchez, Veracruz.<\/p>\n\n\n\n<figure class=\"wp-block-image size-full\"><img fetchpriority=\"high\" decoding=\"async\" width=\"940\" height=\"788\" src=\"https:\/\/www.zunoticia.com\/noticias-de-hidalgo\/wp-content\/uploads\/2023\/10\/Zunoticia-1-196.png\" alt=\"\" class=\"wp-image-510449\" srcset=\"https:\/\/www.zunoticia.com\/noticias-de-hidalgo\/wp-content\/uploads\/2023\/10\/Zunoticia-1-196.png 940w, https:\/\/www.zunoticia.com\/noticias-de-hidalgo\/wp-content\/uploads\/2023\/10\/Zunoticia-1-196-300x251.png 300w, https:\/\/www.zunoticia.com\/noticias-de-hidalgo\/wp-content\/uploads\/2023\/10\/Zunoticia-1-196-768x644.png 768w\" sizes=\"(max-width: 940px) 100vw, 940px\" \/><\/figure>\n","protected":false},"excerpt":{"rendered":"<p>Por \u00c1ngel Silverio \/Zunoticia San Felipe Orizatl\u00e1n, Hgo.- Cumpliendo con la obligaci\u00f3n de darle formalidad al inicio de obra p\u00fablica, la presidenta municipal Erika Saab Lara, en compa\u00f1\u00eda del personal de la Secretar\u00eda de Infraestructura P\u00fablica y Desarrollo Urbano Sustentable de Gobierno del Estado, realiz\u00f3 la integraci\u00f3n del comit\u00e9 de obra para el revestimiento de&hellip; <a class=\"more-link\" href=\"https:\/\/www.zunoticia.com\/noticias-de-hidalgo\/2023\/10\/23\/forman-comite-para-rehabilitar-la-carretera-nexpa-monte-grande-piedra-hincada-las-piedras\/\">Seguir leyendo <span class=\"screen-reader-text\">Forman comit\u00e9 para rehabilitar la carretera Nexpa-Monte Grande-Piedra Hincada-Las Piedras<\/span><\/a><\/p>\n","protected":false},"author":20,"featured_media":510448,"comment_status":"open","ping_status":"open","sticky":false,"template":"","format":"standard","meta":{"rop_custom_images_group":[],"rop_custom_messages_group":[],"rop_publish_now":"initial","rop_publish_now_accounts":{"facebook_10159540855086992_322828327761733":""},"rop_publish_now_history":[],"rop_publish_now_status":"pending","footnotes":""},"categories":[179,180],"tags":[229,129],"class_list":["post-510447","post","type-post","status-publish","format-standard","has-post-thumbnail","hentry","category-huasteca","category-orizatlan","tag-huasteca","tag-orizatlan","entry"],"_links":{"self":[{"href":"https:\/\/www.zunoticia.com\/noticias-de-hidalgo\/wp-json\/wp\/v2\/posts\/510447","targetHints":{"allow":["GET"]}}],"collection":[{"href":"https:\/\/www.zunoticia.com\/noticias-de-hidalgo\/wp-json\/wp\/v2\/posts"}],"about":[{"href":"https:\/\/www.zunoticia.com\/noticias-de-hidalgo\/wp-json\/wp\/v2\/types\/post"}],"author":[{"embeddable":true,"href":"https:\/\/www.zunoticia.com\/noticias-de-hidalgo\/wp-json\/wp\/v2\/users\/20"}],"replies":[{"embeddable":true,"href":"https:\/\/www.zunoticia.com\/noticias-de-hidalgo\/wp-json\/wp\/v2\/comments?post=510447"}],"version-history":[{"count":1,"href":"https:\/\/www.zunoticia.com\/noticias-de-hidalgo\/wp-json\/wp\/v2\/posts\/510447\/revisions"}],"predecessor-version":[{"id":510450,"href":"https:\/\/www.zunoticia.com\/noticias-de-hidalgo\/wp-json\/wp\/v2\/posts\/510447\/revisions\/510450"}],"wp:featuredmedia":[{"embeddable":true,"href":"https:\/\/www.zunoticia.com\/noticias-de-hidalgo\/wp-json\/wp\/v2\/media\/510448"}],"wp:attachment":[{"href":"https:\/\/www.zunoticia.com\/noticias-de-hidalgo\/wp-json\/wp\/v2\/media?parent=510447"}],"wp:term":[{"taxonomy":"category","embeddable":true,"href":"https:\/\/www.zunoticia.com\/noticias-de-hidalgo\/wp-json\/wp\/v2\/categories?post=510447"},{"taxonomy":"post_tag","embeddable":true,"href":"https:\/\/www.zunoticia.com\/noticias-de-hidalgo\/wp-json\/wp\/v2\/tags?post=510447"}],"curies":[{"name":"wp","href":"https:\/\/api.w.org\/{rel}","templated":true}]}}