{"id":510919,"date":"2023-10-26T17:45:01","date_gmt":"2023-10-26T23:45:01","guid":{"rendered":"https:\/\/www.zunoticia.com\/noticias-de-hidalgo\/?p=510919"},"modified":"2023-10-26T17:45:02","modified_gmt":"2023-10-26T23:45:02","slug":"erika-saab-acude-a-la-integracion-de-comites-de-obras-para-la-rehabilitacion-del-tramo-nexpa-montegrande-y-piedra-hincada-las-piedras","status":"publish","type":"post","link":"https:\/\/www.zunoticia.com\/noticias-de-hidalgo\/2023\/10\/26\/erika-saab-acude-a-la-integracion-de-comites-de-obras-para-la-rehabilitacion-del-tramo-nexpa-montegrande-y-piedra-hincada-las-piedras\/","title":{"rendered":"Erika Saab acude a la integraci\u00f3n de comit\u00e9s de obras para la rehabilitaci\u00f3n del tramo Nexpa-Montegrande y Piedra Hincada-las Piedras"},"content":{"rendered":"<aside class=\"mashsb-container mashsb-main mashsb-stretched\"><div class=\"mashsb-box\"><div class=\"mashsb-count mash-large\" style=\"float:left\"><div class=\"counts mashsbcount\">12<\/div><span class=\"mashsb-sharetext\">SHARES<\/span><\/div><div class=\"mashsb-buttons\"><a class=\"mashicon-facebook mash-large mash-center mashsb-noshadow\" href=\"https:\/\/www.facebook.com\/sharer.php?u=https%3A%2F%2Fwww.zunoticia.com%2Fnoticias-de-hidalgo%2F2023%2F10%2F26%2Ferika-saab-acude-a-la-integracion-de-comites-de-obras-para-la-rehabilitacion-del-tramo-nexpa-montegrande-y-piedra-hincada-las-piedras%2F\" target=\"_top\" rel=\"nofollow\"><span class=\"icon\"><\/span><span class=\"text\">Share<\/span><\/a><a class=\"mashicon-twitter mash-large mash-center mashsb-noshadow\" href=\"https:\/\/twitter.com\/intent\/tweet?text=&amp;url=https:\/\/www.zunoticia.com\/noticias-de-hidalgo\/2023\/10\/26\/erika-saab-acude-a-la-integracion-de-comites-de-obras-para-la-rehabilitacion-del-tramo-nexpa-montegrande-y-piedra-hincada-las-piedras\/\" target=\"_top\" rel=\"nofollow\"><span class=\"icon\"><\/span><span class=\"text\">Tweet<\/span><\/a><div class=\"onoffswitch2 mash-large mashsb-noshadow\" style=\"display:none\"><\/div><\/div>\n            <\/div>\n                <div style=\"clear:both\"><\/div><div class=\"mashsb-toggle-container\"><\/div><\/aside>\n            <!-- Share buttons by mashshare.net - Version: 4.0.47-->\n<p><em>Por Redacci\u00f3n\/Zunoticia<\/em><\/p>\n\n\n\n<p><strong>San Felipe Orizatl\u00e1n, Hgo<\/strong>.- Con el fin de dar formalidad al inicio de obra p\u00fablica, la presidenta municipal Erika Saab Lara, en compa\u00f1\u00eda del personal de la Secretar\u00eda de Infraestructura P\u00fablica y Desarrollo Urbano Sustentable de Gobierno del Estado, realiz\u00f3 la integraci\u00f3n de comit\u00e9 de obra para el revestimiento de la carretera tramo Nexpa &#8211; Monte Grande, en donde se invertir\u00e1n m\u00e1s 12.5 millones de pesos, por parte del gobierno del Estado, de la misma manera se form\u00f3 un comit\u00e9 para los trabajos de rehabilitaci\u00f3n de la carretera Tramo Piedra Hincada &#8211; Las Piedras, en el cual se invertir\u00e1n m\u00e1s de 29 millones de pesos con recursos municipales.<\/p>\n\n\n\n<p>En su mensaje, la edil pidi\u00f3 a cada integrante del comit\u00e9 estar al pendiente de la ejecuci\u00f3n de las obras, que ante cualquier duda y detalle se le notificar\u00e1 de manera inmediata para que a la brevedad se le diera soluci\u00f3n.<\/p>\n\n\n\n<p>Adem\u00e1s, recalc\u00f3 que despu\u00e9s de varios a\u00f1os de estar en malas condiciones, la carretera San Felipe-Las Piedras, tras varias gestiones en las dependencias del gobierno del Estado, por fin el Gobernador Julio Menchaca decidi\u00f3 destinar recursos para la rehabilitaci\u00f3n del tramo San Felipe &#8211; Piedra Hincada, con una inversi\u00f3n m\u00e1s de 37.5 millones de pesos, &#8220;y del tramo Piedra Hincada-Las Piedras nos comprometimos a realizar esta obra con recursos municipales y con ello, ser\u00e1 una de las obras m\u00e1s importantes para en esta administraci\u00f3n&#8221;.<\/p>\n\n\n\n<p>Esta obra beneficiar\u00e1 a m\u00e1s de 40 comunidades de la zona norte del municipio de San Felipe Orizatl\u00e1n, as\u00ed tambi\u00e9n se facilitar\u00e1 para salir a los municipios de San Mart\u00edn Chalchicuautla, San Luis Potos\u00ed y a Plat\u00f3n S\u00e1nchez Veracruz.<\/p>\n\n\n\n<figure class=\"wp-block-gallery has-nested-images columns-default is-cropped wp-block-gallery-1 is-layout-flex wp-block-gallery-is-layout-flex\">\n<figure class=\"wp-block-image size-large\"><img fetchpriority=\"high\" decoding=\"async\" width=\"940\" height=\"788\" data-id=\"510921\" src=\"https:\/\/www.zunoticia.com\/noticias-de-hidalgo\/wp-content\/uploads\/2023\/10\/Zunoticia-3-36.png\" alt=\"\" class=\"wp-image-510921\" srcset=\"https:\/\/www.zunoticia.com\/noticias-de-hidalgo\/wp-content\/uploads\/2023\/10\/Zunoticia-3-36.png 940w, https:\/\/www.zunoticia.com\/noticias-de-hidalgo\/wp-content\/uploads\/2023\/10\/Zunoticia-3-36-300x251.png 300w, https:\/\/www.zunoticia.com\/noticias-de-hidalgo\/wp-content\/uploads\/2023\/10\/Zunoticia-3-36-768x644.png 768w\" sizes=\"(max-width: 940px) 100vw, 940px\" \/><\/figure>\n\n\n\n<figure class=\"wp-block-image size-large\"><img decoding=\"async\" width=\"940\" height=\"788\" data-id=\"510922\" src=\"https:\/\/www.zunoticia.com\/noticias-de-hidalgo\/wp-content\/uploads\/2023\/10\/Zunoticia-2-91.png\" alt=\"\" class=\"wp-image-510922\" srcset=\"https:\/\/www.zunoticia.com\/noticias-de-hidalgo\/wp-content\/uploads\/2023\/10\/Zunoticia-2-91.png 940w, https:\/\/www.zunoticia.com\/noticias-de-hidalgo\/wp-content\/uploads\/2023\/10\/Zunoticia-2-91-300x251.png 300w, https:\/\/www.zunoticia.com\/noticias-de-hidalgo\/wp-content\/uploads\/2023\/10\/Zunoticia-2-91-768x644.png 768w\" sizes=\"(max-width: 940px) 100vw, 940px\" \/><\/figure>\n\n\n\n<figure class=\"wp-block-image size-large\"><img decoding=\"async\" width=\"940\" height=\"788\" data-id=\"510923\" src=\"https:\/\/www.zunoticia.com\/noticias-de-hidalgo\/wp-content\/uploads\/2023\/10\/Zunoticia-370.png\" alt=\"\" class=\"wp-image-510923\" srcset=\"https:\/\/www.zunoticia.com\/noticias-de-hidalgo\/wp-content\/uploads\/2023\/10\/Zunoticia-370.png 940w, https:\/\/www.zunoticia.com\/noticias-de-hidalgo\/wp-content\/uploads\/2023\/10\/Zunoticia-370-300x251.png 300w, https:\/\/www.zunoticia.com\/noticias-de-hidalgo\/wp-content\/uploads\/2023\/10\/Zunoticia-370-768x644.png 768w\" sizes=\"(max-width: 940px) 100vw, 940px\" \/><\/figure>\n<\/figure>\n","protected":false},"excerpt":{"rendered":"<p>Por Redacci\u00f3n\/Zunoticia San Felipe Orizatl\u00e1n, Hgo.- Con el fin de dar formalidad al inicio de obra p\u00fablica, la presidenta municipal Erika Saab Lara, en compa\u00f1\u00eda del personal de la Secretar\u00eda de Infraestructura P\u00fablica y Desarrollo Urbano Sustentable de Gobierno del Estado, realiz\u00f3 la integraci\u00f3n de comit\u00e9 de obra para el revestimiento de la carretera tramo&hellip; <a class=\"more-link\" href=\"https:\/\/www.zunoticia.com\/noticias-de-hidalgo\/2023\/10\/26\/erika-saab-acude-a-la-integracion-de-comites-de-obras-para-la-rehabilitacion-del-tramo-nexpa-montegrande-y-piedra-hincada-las-piedras\/\">Seguir leyendo <span class=\"screen-reader-text\">Erika Saab acude a la integraci\u00f3n de comit\u00e9s de obras para la rehabilitaci\u00f3n del tramo Nexpa-Montegrande y Piedra Hincada-las Piedras<\/span><\/a><\/p>\n","protected":false},"author":20,"featured_media":510920,"comment_status":"open","ping_status":"open","sticky":false,"template":"","format":"standard","meta":{"rop_custom_images_group":[],"rop_custom_messages_group":[],"rop_publish_now":"initial","rop_publish_now_accounts":{"facebook_10159540855086992_322828327761733":""},"rop_publish_now_history":[],"rop_publish_now_status":"pending","footnotes":""},"categories":[179,180],"tags":[229,129],"class_list":["post-510919","post","type-post","status-publish","format-standard","has-post-thumbnail","hentry","category-huasteca","category-orizatlan","tag-huasteca","tag-orizatlan","entry"],"_links":{"self":[{"href":"https:\/\/www.zunoticia.com\/noticias-de-hidalgo\/wp-json\/wp\/v2\/posts\/510919","targetHints":{"allow":["GET"]}}],"collection":[{"href":"https:\/\/www.zunoticia.com\/noticias-de-hidalgo\/wp-json\/wp\/v2\/posts"}],"about":[{"href":"https:\/\/www.zunoticia.com\/noticias-de-hidalgo\/wp-json\/wp\/v2\/types\/post"}],"author":[{"embeddable":true,"href":"https:\/\/www.zunoticia.com\/noticias-de-hidalgo\/wp-json\/wp\/v2\/users\/20"}],"replies":[{"embeddable":true,"href":"https:\/\/www.zunoticia.com\/noticias-de-hidalgo\/wp-json\/wp\/v2\/comments?post=510919"}],"version-history":[{"count":1,"href":"https:\/\/www.zunoticia.com\/noticias-de-hidalgo\/wp-json\/wp\/v2\/posts\/510919\/revisions"}],"predecessor-version":[{"id":510924,"href":"https:\/\/www.zunoticia.com\/noticias-de-hidalgo\/wp-json\/wp\/v2\/posts\/510919\/revisions\/510924"}],"wp:featuredmedia":[{"embeddable":true,"href":"https:\/\/www.zunoticia.com\/noticias-de-hidalgo\/wp-json\/wp\/v2\/media\/510920"}],"wp:attachment":[{"href":"https:\/\/www.zunoticia.com\/noticias-de-hidalgo\/wp-json\/wp\/v2\/media?parent=510919"}],"wp:term":[{"taxonomy":"category","embeddable":true,"href":"https:\/\/www.zunoticia.com\/noticias-de-hidalgo\/wp-json\/wp\/v2\/categories?post=510919"},{"taxonomy":"post_tag","embeddable":true,"href":"https:\/\/www.zunoticia.com\/noticias-de-hidalgo\/wp-json\/wp\/v2\/tags?post=510919"}],"curies":[{"name":"wp","href":"https:\/\/api.w.org\/{rel}","templated":true}]}}