{"id":511226,"date":"2023-10-28T14:31:28","date_gmt":"2023-10-28T20:31:28","guid":{"rendered":"https:\/\/www.zunoticia.com\/noticias-de-hidalgo\/?p=511226"},"modified":"2023-10-28T14:31:29","modified_gmt":"2023-10-28T20:31:29","slug":"el-proximo-lunes-se-inaugurara-el-centro-ceremonial-de-xantolo-2023","status":"publish","type":"post","link":"https:\/\/www.zunoticia.com\/noticias-de-hidalgo\/2023\/10\/28\/el-proximo-lunes-se-inaugurara-el-centro-ceremonial-de-xantolo-2023\/","title":{"rendered":"El pr\u00f3ximo lunes se inaugurar\u00e1 el &#8220;Centro Ceremonial de Xantolo 2023&#8221;"},"content":{"rendered":"<aside class=\"mashsb-container mashsb-main mashsb-stretched\"><div class=\"mashsb-box\"><div class=\"mashsb-count mash-large\" style=\"float:left\"><div class=\"counts mashsbcount\">66<\/div><span class=\"mashsb-sharetext\">SHARES<\/span><\/div><div class=\"mashsb-buttons\"><a class=\"mashicon-facebook mash-large mash-center mashsb-noshadow\" href=\"https:\/\/www.facebook.com\/sharer.php?u=https%3A%2F%2Fwww.zunoticia.com%2Fnoticias-de-hidalgo%2F2023%2F10%2F28%2Fel-proximo-lunes-se-inaugurara-el-centro-ceremonial-de-xantolo-2023%2F\" target=\"_top\" rel=\"nofollow\"><span class=\"icon\"><\/span><span class=\"text\">Share<\/span><\/a><a class=\"mashicon-twitter mash-large mash-center mashsb-noshadow\" href=\"https:\/\/twitter.com\/intent\/tweet?text=&amp;url=https:\/\/www.zunoticia.com\/noticias-de-hidalgo\/2023\/10\/28\/el-proximo-lunes-se-inaugurara-el-centro-ceremonial-de-xantolo-2023\/\" target=\"_top\" rel=\"nofollow\"><span class=\"icon\"><\/span><span class=\"text\">Tweet<\/span><\/a><div class=\"onoffswitch2 mash-large mashsb-noshadow\" style=\"display:none\"><\/div><\/div>\n            <\/div>\n                <div style=\"clear:both\"><\/div><div class=\"mashsb-toggle-container\"><\/div><\/aside>\n            <!-- Share buttons by mashshare.net - Version: 4.0.47-->\n<p><em>Por Salvador Altamirano\/Zunoticia<\/em><\/p>\n\n\n\n<p><strong>Huejutla, Hgo<\/strong>.- \u201cEl pr\u00f3ximo lunes 30 de octubre, a las 17:00 horas, se inaugurar\u00e1 el \u2018Centro Ceremonial de Xantolo 2023\u2019, por lo que esperamos que este domingo por la noche, ya est\u00e9 la obra terminada al 99 %, faltando \u00fanicamente detalles como la colocaci\u00f3n de flores naturales\u201d.<\/p>\n\n\n\n<p>Lo anterior, fue expresado por el presidente municipal, Daniel Andrade Zurutuza, durante la supervisi\u00f3n de los trabajos tendientes a cristalizar el proyecto que efectu\u00f3 este s\u00e1bado, agregando que, todos los empleados al servicio del municipio est\u00e1n involucrados en las labores, dando su mejor esfuerzo para agradar a residentes y visitantes.<\/p>\n\n\n\n<p>Al inquirirle si la caracter\u00edstica del escenario es adecuada a la tradici\u00f3n de Xantolo, asever\u00f3 que, en su totalidad y una vez finalizada la obra lo podr\u00e1n constatar, \u201cdesde el tema cultural, art\u00edstico y gastron\u00f3mico, pero sobre todo en la esencia de nuestras ra\u00edces, lo que somos los huastecos aqu\u00ed est\u00e1 plasmado\u201d.<\/p>\n\n\n\n<p>Anteponiendo que la magna obra del centro ceremonial es de todos los huejutlenses y huastecos, explic\u00f3 que es emanada del talento del director de la Casa de la Cultura, Melit\u00f3n Mart\u00ednez Hern\u00e1ndez, quien est\u00e1 haciendo posible el proyecto conjuntamente con su equipo de trabajo.<\/p>\n\n\n\n<p>Pero la idea -reiter\u00f3-, la esencia es del profesor Melit\u00f3n, quien plasm\u00f3 en el escenario la conexi\u00f3n con el m\u00e1s all\u00e1, como lo concept\u00faa, lo que \u00e9l siente y considera desde lo m\u00e1s profundo de sus ra\u00edces, nosotros tenemos que respetar, ya que lo hizo con entrega, con el alma\u201d.<\/p>\n\n\n\n<p>En el mismo contexto, coment\u00f3 que Xantolo es la tradici\u00f3n regional m\u00e1xima, de la que debemos de sentirnos orgullosos, por lo que exhort\u00f3 a los pr\u00f3ximos alcaldes a que la preserven, que inviertan en este tipo de trabajos, ya que nos da identidad como personas, como pueblo y como huastecos.<\/p>\n\n\n\n<p>Para concluir, el mandatario municipal invit\u00f3 a residentes y visitantes, as\u00ed como a los mexicanos en general, a que acudan a Huejutla del 30 de octubre al 2 de noviembre a disfrutar de la fiesta de las almas; as\u00ed como al &#8220;Festival de la Huasteca&#8221; que tendr\u00e1 efecto del 16 al 19 de noviembre de este a\u00f1o.<\/p>\n\n\n\n<p><\/p>\n\n\n\n<figure class=\"wp-block-gallery has-nested-images columns-default is-cropped wp-block-gallery-1 is-layout-flex wp-block-gallery-is-layout-flex\">\n<figure class=\"wp-block-image size-large\"><img fetchpriority=\"high\" decoding=\"async\" width=\"940\" height=\"788\" data-id=\"511229\" src=\"https:\/\/www.zunoticia.com\/noticias-de-hidalgo\/wp-content\/uploads\/2023\/10\/Zunoticia-3-38.png\" alt=\"\" class=\"wp-image-511229\" srcset=\"https:\/\/www.zunoticia.com\/noticias-de-hidalgo\/wp-content\/uploads\/2023\/10\/Zunoticia-3-38.png 940w, https:\/\/www.zunoticia.com\/noticias-de-hidalgo\/wp-content\/uploads\/2023\/10\/Zunoticia-3-38-300x251.png 300w, https:\/\/www.zunoticia.com\/noticias-de-hidalgo\/wp-content\/uploads\/2023\/10\/Zunoticia-3-38-768x644.png 768w\" sizes=\"(max-width: 940px) 100vw, 940px\" \/><\/figure>\n\n\n\n<figure class=\"wp-block-image size-large\"><img decoding=\"async\" width=\"940\" height=\"788\" data-id=\"511230\" src=\"https:\/\/www.zunoticia.com\/noticias-de-hidalgo\/wp-content\/uploads\/2023\/10\/Zunoticia-2-100.png\" alt=\"\" class=\"wp-image-511230\" srcset=\"https:\/\/www.zunoticia.com\/noticias-de-hidalgo\/wp-content\/uploads\/2023\/10\/Zunoticia-2-100.png 940w, https:\/\/www.zunoticia.com\/noticias-de-hidalgo\/wp-content\/uploads\/2023\/10\/Zunoticia-2-100-300x251.png 300w, https:\/\/www.zunoticia.com\/noticias-de-hidalgo\/wp-content\/uploads\/2023\/10\/Zunoticia-2-100-768x644.png 768w\" sizes=\"(max-width: 940px) 100vw, 940px\" \/><\/figure>\n\n\n\n<figure class=\"wp-block-image size-large\"><img decoding=\"async\" width=\"940\" height=\"788\" data-id=\"511228\" src=\"https:\/\/www.zunoticia.com\/noticias-de-hidalgo\/wp-content\/uploads\/2023\/10\/Zunoticia-1-254.png\" alt=\"\" class=\"wp-image-511228\" srcset=\"https:\/\/www.zunoticia.com\/noticias-de-hidalgo\/wp-content\/uploads\/2023\/10\/Zunoticia-1-254.png 940w, https:\/\/www.zunoticia.com\/noticias-de-hidalgo\/wp-content\/uploads\/2023\/10\/Zunoticia-1-254-300x251.png 300w, https:\/\/www.zunoticia.com\/noticias-de-hidalgo\/wp-content\/uploads\/2023\/10\/Zunoticia-1-254-768x644.png 768w\" sizes=\"(max-width: 940px) 100vw, 940px\" \/><\/figure>\n<\/figure>\n","protected":false},"excerpt":{"rendered":"<p>Por Salvador Altamirano\/Zunoticia Huejutla, Hgo.- \u201cEl pr\u00f3ximo lunes 30 de octubre, a las 17:00 horas, se inaugurar\u00e1 el \u2018Centro Ceremonial de Xantolo 2023\u2019, por lo que esperamos que este domingo por la noche, ya est\u00e9 la obra terminada al 99 %, faltando \u00fanicamente detalles como la colocaci\u00f3n de flores naturales\u201d. Lo anterior, fue expresado por&hellip; <a class=\"more-link\" href=\"https:\/\/www.zunoticia.com\/noticias-de-hidalgo\/2023\/10\/28\/el-proximo-lunes-se-inaugurara-el-centro-ceremonial-de-xantolo-2023\/\">Seguir leyendo <span class=\"screen-reader-text\">El pr\u00f3ximo lunes se inaugurar\u00e1 el &#8220;Centro Ceremonial de Xantolo 2023&#8221;<\/span><\/a><\/p>\n","protected":false},"author":20,"featured_media":511227,"comment_status":"open","ping_status":"open","sticky":false,"template":"","format":"standard","meta":{"rop_custom_images_group":[],"rop_custom_messages_group":[],"rop_publish_now":"initial","rop_publish_now_accounts":{"facebook_10159540855086992_322828327761733":""},"rop_publish_now_history":[],"rop_publish_now_status":"pending","footnotes":""},"categories":[181],"tags":[121],"class_list":["post-511226","post","type-post","status-publish","format-standard","has-post-thumbnail","hentry","category-huejutla","tag-huejutla","entry"],"_links":{"self":[{"href":"https:\/\/www.zunoticia.com\/noticias-de-hidalgo\/wp-json\/wp\/v2\/posts\/511226","targetHints":{"allow":["GET"]}}],"collection":[{"href":"https:\/\/www.zunoticia.com\/noticias-de-hidalgo\/wp-json\/wp\/v2\/posts"}],"about":[{"href":"https:\/\/www.zunoticia.com\/noticias-de-hidalgo\/wp-json\/wp\/v2\/types\/post"}],"author":[{"embeddable":true,"href":"https:\/\/www.zunoticia.com\/noticias-de-hidalgo\/wp-json\/wp\/v2\/users\/20"}],"replies":[{"embeddable":true,"href":"https:\/\/www.zunoticia.com\/noticias-de-hidalgo\/wp-json\/wp\/v2\/comments?post=511226"}],"version-history":[{"count":1,"href":"https:\/\/www.zunoticia.com\/noticias-de-hidalgo\/wp-json\/wp\/v2\/posts\/511226\/revisions"}],"predecessor-version":[{"id":511231,"href":"https:\/\/www.zunoticia.com\/noticias-de-hidalgo\/wp-json\/wp\/v2\/posts\/511226\/revisions\/511231"}],"wp:featuredmedia":[{"embeddable":true,"href":"https:\/\/www.zunoticia.com\/noticias-de-hidalgo\/wp-json\/wp\/v2\/media\/511227"}],"wp:attachment":[{"href":"https:\/\/www.zunoticia.com\/noticias-de-hidalgo\/wp-json\/wp\/v2\/media?parent=511226"}],"wp:term":[{"taxonomy":"category","embeddable":true,"href":"https:\/\/www.zunoticia.com\/noticias-de-hidalgo\/wp-json\/wp\/v2\/categories?post=511226"},{"taxonomy":"post_tag","embeddable":true,"href":"https:\/\/www.zunoticia.com\/noticias-de-hidalgo\/wp-json\/wp\/v2\/tags?post=511226"}],"curies":[{"name":"wp","href":"https:\/\/api.w.org\/{rel}","templated":true}]}}